{"id":8955,"date":"2015-03-30T12:56:25","date_gmt":"2015-03-30T15:56:25","guid":{"rendered":"https:\/\/fengshuilogico.com\/blog\/?p=8955"},"modified":"2023-11-17T17:03:38","modified_gmt":"2023-11-17T20:03:38","slug":"como-acalmar-mente-e-o-coracao-conheca-meditacao-do-coracao","status":"publish","type":"post","link":"https:\/\/fengshuilogico.com\/blog\/2015\/03\/30\/como-acalmar-mente-e-o-coracao-conheca-meditacao-do-coracao\/","title":{"rendered":"Como acalmar a mente e o cora\u00e7\u00e3o?"},"content":{"rendered":"<p>Como acalmar a mente e o cora\u00e7\u00e3o?<br \/>\nConsiderado o centro de nosso corpo, \u00e9 do cora\u00e7\u00e3o que emana a serenidade e o equil\u00edbrio.<\/p>\n<blockquote>\n<figure id=\"attachment_10993\" aria-describedby=\"caption-attachment-10993\" style=\"width: 225px\" class=\"wp-caption aligncenter\"><a href=\"https:\/\/fengshuilogico.com\/blog\/2015\/03\/30\/meditacao-do-coracao\/irradiante\/\" rel=\"attachment wp-att-10993\"><img fetchpriority=\"high\" decoding=\"async\" class=\"size-full wp-image-10993\" src=\"https:\/\/fengshuilogico.com\/blog\/wp-content\/uploads\/2015\/03\/irradiante.jpg\" alt=\"medita\u00e7\u00e3o do cora\u00e7\u00e3o\" width=\"225\" height=\"225\" srcset=\"https:\/\/fengshuilogico.com\/blog\/wp-content\/uploads\/2015\/03\/irradiante.jpg 225w, https:\/\/fengshuilogico.com\/blog\/wp-content\/uploads\/2015\/03\/irradiante-150x150.jpg 150w\" sizes=\"(max-width: 225px) 100vw, 225px\" \/><\/a><figcaption id=\"caption-attachment-10993\" class=\"wp-caption-text\">medita\u00e7\u00e3o do cora\u00e7\u00e3o<\/figcaption><\/figure>\n<p>Encontre um lugar calmo e silencioso.<br \/>\nDe frente para o Leste (local onde nasce o Sol), sente-se confortavelmente e com a coluna ereta.<br \/>\nP\u00e9s no ch\u00e3o, sem cruzar as pernas.<\/p>\n<p>Segure nas m\u00e3os na altura do cora\u00e7\u00e3o uma selenita ou um quartzo rosa.<\/p>\n<p>De olhos fechados, inspire profundamente, segure o ar contando at\u00e9 4 e expire pela boca, visualizando uma luz suave solar envolvendo voc\u00ea.<\/p>\n<p>Agora, foque em seu cora\u00e7\u00e3o.<br \/>\nTente n\u00e3o pensar, mas apenas &#8220;ouvir&#8221; o que seu cora\u00e7\u00e3o tem a lhe dizer.<br \/>\nComo ele est\u00e1 se sentindo? O que o incomoda? Sente m\u00e1goa, ressentimento?<br \/>\nOu, sente-se pleno dentro de si, preenchido pela Paz?<\/p>\n<p>Dependendo da resposta, veja como pode cuidar dele. Dele depende seu bem-estar, sua alegria em estar vivo (a). Ele o religa ao cosmos e \u00e0 fonte de vida que mora em voc\u00ea.<br \/>\nNele, voc\u00ea encontra tudo que precisa para compreender os mist\u00e9rios que envolvem a Vida C\u00f3smica.<br \/>\nO que o nosso amado Cristo veio nos ensinar.<br \/>\nO para\u00edso est\u00e1 dentro de voc\u00ea.<br \/>\nA paz tamb\u00e9m.<\/p>\n<p>Acrescente os incensos em sua medita\u00e7\u00e3o:<br \/>\n<iframe src=\"https:\/\/www.youtube.com\/embed\/ceEP8WrsMIs\" width=\"560\" height=\"315\" frameborder=\"0\" allowfullscreen=\"allowfullscreen\"><\/iframe><\/p>\n<div class=\"jeg_video_container jeg_video_content\"><iframe title=\"O poder dos Rituais de limpeza de energia\" width=\"500\" height=\"281\" src=\"https:\/\/www.youtube.com\/embed\/NxKm7F5y8pk?feature=oembed\" frameborder=\"0\" allow=\"accelerometer; autoplay; clipboard-write; encrypted-media; gyroscope; picture-in-picture; web-share\" allowfullscreen><\/iframe><\/div>\n<p>Stela Vecchi<\/p><\/blockquote>\n<p>O cora\u00e7\u00e3o tamb\u00e9m pensa. J\u00e1 dizia a sabedoria milenar chinesa que deu origem ao Feng Shui.<br \/>\nE agora, comprovado pela Ci\u00eancia.<br \/>\n<iframe src=\"https:\/\/www.youtube.com\/embed\/_90NMeaX2bs\" width=\"560\" height=\"315\" frameborder=\"0\" allowfullscreen=\"allowfullscreen\"><\/iframe><\/p>\n<p><a href=\"https:\/\/fengshuilogico.com\/blog\/2015\/03\/30\/o-coracao-tambem-pensa-temos-dois-cerebros-texto-maravilhoso\/coracao_peito\/\" rel=\"attachment wp-att-10986\"><img decoding=\"async\" class=\"aligncenter size-full wp-image-10986\" src=\"https:\/\/fengshuilogico.com\/blog\/wp-content\/uploads\/2015\/03\/cora\u00e7\u00e3o_peito.jpg\" alt=\"cora\u00e7\u00e3o_peito\" width=\"206\" height=\"161\" \/><\/a><\/p>\n<p>Por Rebecca Cherry:<br \/>\n&#8220;O cora\u00e7\u00e3o \u00e9 tamb\u00e9m o primeiro \u00f3rg\u00e3o formado no \u00fatero. O resto vem depois&#8221;.<\/p>\n<p>Recentemente, neurofisiologistas ficaram surpresos ao descobrirem que o cora\u00e7\u00e3o \u00e9 mais um \u00f3rg\u00e3o de intelig\u00eancia, do que (meramente) a esta\u00e7\u00e3o principal de bombeamento do corpo.<br \/>\nMais da metade do Cora\u00e7\u00e3o \u00e9 na verdade composto de neur\u00f4nios da mesma natureza daqueles que comp\u00f5em o sistema cerebral. Joseph Chilton Pearce-, autor de A biologia da Transcend\u00eancia, chama a isto de \u201do maior aparato biol\u00f3gico e a sede da nossa maior intelig\u00eancia&#8221;.<\/p>\n<p>O cora\u00e7\u00e3o tamb\u00e9m \u00e9 a fonte do corpo de maior for\u00e7a no campo eletromagn\u00e9tico. Cada c\u00e9lula do cora\u00e7\u00e3o \u00e9 \u00fanica e na qual n\u00e3o apenas pulsa em sintonia com todas as outras c\u00e9lulas do cora\u00e7\u00e3o, mas tamb\u00e9m produz um sinal eletromagn\u00e9tico que se irradia para al\u00e9m da c\u00e9lula.<br \/>\nUm EEG que mede as ondas cerebrais mostra que os sinais eletromagn\u00e9ticos do cora\u00e7\u00e3o s\u00e3o muito mais fortes do que as ondas cerebrais, de que uma leitura do espectro de freq\u00fc\u00eancia do cora\u00e7\u00e3o podem ser tomadas a partir de tr\u00eas metros de dist\u00e2ncia do corpo \u2026 sem colocar eletrodos sobre ele!<\/p>\n<p>A freq\u00fc\u00eancia eletromagn\u00e9tica do Cora\u00e7\u00e3o produz arcos para fora do cora\u00e7\u00e3o e volta na forma de um campo saliente e arredondado, como an\u00e9is de energia. O eixo desse anel do cora\u00e7\u00e3o se estende desde o assoalho p\u00e9lvico para o topo do cr\u00e2nio, e todo o campo \u00e9 hologr\u00e1fico, o que significa que as informa\u00e7\u00f5es sobre ele podem ser lidas a partir de cada ponto deste campo.<\/p>\n<p>O anel eletromagn\u00e9tico do Cora\u00e7\u00e3o n\u00e3o \u00e9 a \u00fanica fonte que emite este tipo de vibra\u00e7\u00e3o. Cada \u00e1tomo emite energia nesta mesma frequ\u00eancia A Terra est\u00e1 tamb\u00e9m no centro de um anel, assim \u00e9 o sistema solar e at\u00e9 mesmo nossa gal\u00e1xia \u2026 e todos s\u00e3o hologr\u00e1ficas.<br \/>\nOs cientistas acreditam que h\u00e1 uma boa possibilidade de que haja apenas um anel universal abrangendo um n\u00famero infinito e interagindo dentro do mesmo espectro. Como os campos eletromagn\u00e9ticos s\u00e3o an\u00e9is hologr\u00e1ficos, \u00e9 mais do que prov\u00e1vel que a soma total do nosso Universo esteja presente dentro do espectro de freq\u00fc\u00eancia de um \u00fanico anel.<\/p>\n<p>Isto significa que cada um de n\u00f3s est\u00e1 ligado a todo o Universo e como tal, podemos acessar todas as informa\u00e7\u00f5es dentro dele a qualquer momento. Quando ficamos quietos para acessar o que temos em nossos cora\u00e7\u00f5es, n\u00f3s estamos literalmente conectados \u00e0 fonte ilimitada de Sabedoria do Universo, de uma forma que percebemos como \u201cmilagres\u201d entrando em nossas vidas.<\/p>\n<p>Quando desconectamos e nos desligamos da sabedoria inata de amor do Cora\u00e7\u00e3o, baseado nos pensamentos, o intelecto refletido no ego assume o controle e opera independentemente do Cora\u00e7\u00e3o, e n\u00f3s voltamos para uma mentalidade de sobreviv\u00eancia baseada no medo, gan\u00e2ncia, poder e controle.<br \/>\nDesta forma, passamos a acreditar que estamos separados, a nossa percep\u00e7\u00e3o de vida muda para uma limita\u00e7\u00e3o e escassez, e temos que lutar para sobreviver. Este \u00f3rg\u00e3o incr\u00edvel, que muitas vezes ignoramos, negligenciamos e constru\u00edmos muros ao redor, \u00e9 onde podemos encontrar a nossa for\u00e7a, nossa f\u00e9, nossa coragem e nossa compaix\u00e3o, permitindo que a nossa maior intelig\u00eancia emocional guie nossas vidas.<\/p>\n<p>Devemos agora mudar as engrenagens para fora do estado baseado no medo mental que temos sido ensinados a acreditar, e nos movermos para viver centrados no cora\u00e7\u00e3o. Para que esta transforma\u00e7\u00e3o ocorra, \u00e9 preciso aprender a meditar, \u201centrar em seu cora\u00e7\u00e3o\u201d e acessar a sabedoria interior do Universo.<br \/>\n\u00c9 a \u00fanica maneira, \u00e9 O Caminho.A medida que cada um de n\u00f3s come\u00e7a esta revolu\u00e7\u00e3o tranquila de viver do Cora\u00e7\u00e3o, vamos come\u00e7ar a ver os reflexos em nossas vidas e em nosso mundo.<br \/>\nEsta \u00e9 a forma como cada um de n\u00f3s vai criar uma mudan\u00e7a no mundo, criar paz, criar harmonia e equil\u00edbrio, e desta forma, vamos todos criar o Paradigma do Novo Mundo do C\u00e9u na Terra.&#8221;<\/p>\n<p>Por Rebecca Cherry<br \/>\n09\/04\/2013 | 14h51min<br \/>\nFonte: http:\/\/www.paraiba.com.br\/2013\/04\/09\/64269-o-eletromagnetismo-do-coracao-cientistas-apontam-que-o-coracao-pensa-e-irradia<\/p>\n<p><strong>Vivemos para aprender a amar&#8230;<\/strong><\/p>\n<p><strong><br \/>\n<\/strong><strong>Download gr\u00e1tis &#8211; Clique aqui: <\/strong><\/p>\n<p><a href=\"https:\/\/fengshuilogico.com\/blog\/2012\/12\/13\/livro-o-caminho-da-sabedoria-de-stela-vecchi\/\" target=\"_blank\" rel=\"noopener noreferrer\"><br \/>\n<strong> Livro O Caminho da Sabedoria, de Stela Vecchi<\/strong><\/a><br \/>\n<a href=\"https:\/\/fengshuilogico.com\/blog\/2012\/01\/26\/sem-equilibrio-entre-o-masculino-e-o-feminino-nao-ha-verdadeira-paz\/capa-caminho-2\/\" rel=\"attachment wp-att-5328\"><img decoding=\"async\" class=\"aligncenter size-full wp-image-5328\" src=\"https:\/\/fengshuilogico.com\/blog\/wp-content\/uploads\/2012\/01\/Capa-Caminho.jpg\" alt=\"Capa Caminho\" width=\"200\" height=\"274\" \/><\/a><\/p>\n<figure id=\"attachment_5075\" aria-describedby=\"caption-attachment-5075\" style=\"width: 300px\" class=\"wp-caption aligncenter\"><a href=\"https:\/\/fengshuilogico.com\/blog\/wp-content\/uploads\/2012\/12\/capaecontracaparO-Caminho-da-Sabedoria.jpg\"><img loading=\"lazy\" decoding=\"async\" class=\"size-medium wp-image-5075\" src=\"https:\/\/fengshuilogico.com\/blog\/wp-content\/uploads\/2012\/12\/capaecontracaparO-Caminho-da-Sabedoria-300x143.jpg\" alt=\"Capa e Contracapa O Caminho da Sabedoria, Stela Vecchi\" width=\"300\" height=\"143\" srcset=\"https:\/\/fengshuilogico.com\/blog\/wp-content\/uploads\/2012\/12\/capaecontracaparO-Caminho-da-Sabedoria-300x143.jpg 300w, https:\/\/fengshuilogico.com\/blog\/wp-content\/uploads\/2012\/12\/capaecontracaparO-Caminho-da-Sabedoria-1024x488.jpg 1024w\" sizes=\"(max-width: 300px) 100vw, 300px\" \/><\/a><figcaption id=\"caption-attachment-5075\" class=\"wp-caption-text\">Capa e Contracapa O Caminho da Sabedoria, Stela Vecchi<\/figcaption><\/figure>\n<p><strong><a href=\"https:\/\/fengshuilogico.com\/blog\/2011\/04\/26\/a-profunda-crise-da-religiao-dos-dias-de-hoje\/\" target=\"a_blank\" rel=\"noopener noreferrer\"> Jesus Cristo visto de um Novo \u00c2ngulo<\/a><\/strong><\/p>\n<p>INSCREVA-SE em nosso canal no YOUTUBE e receba v\u00eddeos atualizados com dicas e orienta\u00e7\u00f5es:<\/p>\n<p><strong> <a href=\"https:\/\/www.youtube.com\/watch?v=vpM0ZbpTA7s\" target=\"a_blank\" rel=\"noopener noreferrer\"> Inscreva-se Canal Youtube\/Feng Shui L\u00f3gico<\/a><\/strong><\/p>\n<p><strong> <a href=\"https:\/\/www.youtube.com\/watch?v=zOvlhbCF45M\/\" target=\"a_blank\" rel=\"noopener noreferrer\"> V\u00eddeo: Os Cinco Elementos para voc\u00ea decorar os ambientes, com Stela Vecchi<\/a> <\/strong><\/p>\n<blockquote><p>As melhores energias v\u00eam do amor pela Vida, pelo nosso planeta, pelo nosso solo, pela nossa gente e por n\u00f3s mesmos. Tudo o mais \u00e9 consequ\u00eancia disso.<\/p><\/blockquote>\n<p><strong> <a href=\"http:\/\/loja.fengshuilogico.com\/index.php\/livro-feng-shui-logico-comprar\/livro-feng-shui-logico.html\" target=\"a_blank\" rel=\"noopener noreferrer\"> Livro Feng Shui L\u00f3gico, Stela Vecchi, \u00cdcone Editora, 2004 &#8211; Compre aqui:<\/a><\/strong><\/p>\n<p><a href=\"https:\/\/fengshuilogico.com\/blog\/wp-content\/uploads\/2009\/05\/feng-shui-logico-stela-vecchi-icone-editora.png\"><img loading=\"lazy\" decoding=\"async\" class=\"aligncenter size-medium wp-image-7586\" src=\"https:\/\/fengshuilogico.com\/blog\/wp-content\/uploads\/2009\/05\/feng-shui-logico-stela-vecchi-icone-editora-205x300.png\" alt=\"feng-shui-logico-stela-vecchi-icone-editora\" width=\"205\" height=\"300\" srcset=\"https:\/\/fengshuilogico.com\/blog\/wp-content\/uploads\/2009\/05\/feng-shui-logico-stela-vecchi-icone-editora-205x300.png 205w, https:\/\/fengshuilogico.com\/blog\/wp-content\/uploads\/2009\/05\/feng-shui-logico-stela-vecchi-icone-editora.png 343w\" sizes=\"(max-width: 205px) 100vw, 205px\" \/><\/a><\/p>\n<p><strong> <a href=\"https:\/\/fengshuilogico.com\/blog\/2012\/10\/02\/como-nasceu-o-feng-shui-logico-e-a-adaptacao-do-ba-gua-para-o-hemisferio-sul\/\" target=\"a_blank\" rel=\"noopener noreferrer\"> A hist\u00f3ria do Feng Shui L\u00f3gico: como nasceu a adapta\u00e7\u00e3o do Ba-gu\u00e1 para o Hemisf\u00e9rio Sul?<\/a><\/strong><\/p>\n<blockquote><p>&nbsp;<\/p><\/blockquote>\n<p><strong> <a href=\"http:\/\/loja.fengshuilogico.com\/\" target=\"_blank\" rel=\"noopener noreferrer\"> Loja Feng Shui L\u00f3gico <\/a><\/strong><br \/>\n<strong>Confira o Programa do Curso B\u00e1sico em nosso Website:<\/strong><br \/>\n<strong><a href=\"https:\/\/loja.fengshuilogico.com\/curso-basico-feng-shui-logico-online-completo-com-video-chamada-p154\" target=\"_blank\" rel=\"noopener noreferrer\">Programa Curso B\u00e1sico de Feng Shui L\u00f3gico<\/a><\/strong><br \/>\nParticipe dos cursos ministrados por Stela Vecchi:<br \/>\n<strong>Feng Shui L\u00f3gico: Curso B\u00e1sico, Avan\u00e7ado e Profissionalizante<\/strong><br \/>\nNos cursos de Feng Shui L\u00f3gico voc\u00ea recebe informa\u00e7\u00f5es que ser\u00e3o \u00fateis para toda sua vida!<\/p>\n<p><strong>Visite tamb\u00e9m o site: <a href=\"http:\/\/www.fengshuilogico.com\" target=\"_blank\" rel=\"noopener noreferrer\">www.fengshuilogico.com<\/a><\/strong><\/p>\n","protected":false},"excerpt":{"rendered":"<p>Como acalmar a mente e o cora\u00e7\u00e3o? Considerado o centro de nosso corpo, \u00e9 do cora\u00e7\u00e3o que emana a serenidade e o equil\u00edbrio. Encontre um lugar calmo e silencioso. De frente para o Leste (local onde nasce o Sol), sente-se confortavelmente e com a coluna ereta. P\u00e9s no ch\u00e3o, sem cruzar as pernas. Segure nas [&hellip;]<\/p>\n","protected":false},"author":6,"featured_media":25993,"comment_status":"open","ping_status":"open","sticky":false,"template":"","format":"standard","meta":{"footnotes":""},"categories":[42,32,2435],"tags":[850,852,1658,851,1659,849],"_links":{"self":[{"href":"https:\/\/fengshuilogico.com\/blog\/wp-json\/wp\/v2\/posts\/8955"}],"collection":[{"href":"https:\/\/fengshuilogico.com\/blog\/wp-json\/wp\/v2\/posts"}],"about":[{"href":"https:\/\/fengshuilogico.com\/blog\/wp-json\/wp\/v2\/types\/post"}],"author":[{"embeddable":true,"href":"https:\/\/fengshuilogico.com\/blog\/wp-json\/wp\/v2\/users\/6"}],"replies":[{"embeddable":true,"href":"https:\/\/fengshuilogico.com\/blog\/wp-json\/wp\/v2\/comments?post=8955"}],"version-history":[{"count":2,"href":"https:\/\/fengshuilogico.com\/blog\/wp-json\/wp\/v2\/posts\/8955\/revisions"}],"predecessor-version":[{"id":25992,"href":"https:\/\/fengshuilogico.com\/blog\/wp-json\/wp\/v2\/posts\/8955\/revisions\/25992"}],"wp:featuredmedia":[{"embeddable":true,"href":"https:\/\/fengshuilogico.com\/blog\/wp-json\/wp\/v2\/media\/25993"}],"wp:attachment":[{"href":"https:\/\/fengshuilogico.com\/blog\/wp-json\/wp\/v2\/media?parent=8955"}],"wp:term":[{"taxonomy":"category","embeddable":true,"href":"https:\/\/fengshuilogico.com\/blog\/wp-json\/wp\/v2\/categories?post=8955"},{"taxonomy":"post_tag","embeddable":true,"href":"https:\/\/fengshuilogico.com\/blog\/wp-json\/wp\/v2\/tags?post=8955"}],"curies":[{"name":"wp","href":"https:\/\/api.w.org\/{rel}","templated":true}]}}