{"id":8852,"date":"2015-02-16T10:11:47","date_gmt":"2015-02-16T13:11:47","guid":{"rendered":"https:\/\/fengshuilogico.com\/blog\/?p=8852"},"modified":"2024-07-28T01:04:15","modified_gmt":"2024-07-28T04:04:15","slug":"feng-shui-para-o-hemisferio-sul","status":"publish","type":"post","link":"https:\/\/fengshuilogico.com\/blog\/2015\/02\/16\/feng-shui-para-o-hemisferio-sul\/","title":{"rendered":"As esta\u00e7\u00f5es do ano e o Bagu\u00e1 para o Hemisf\u00e9rio Sul"},"content":{"rendered":"<p>O planeta Terra \u00e9 nossa casa maior.<br \/>\nE est\u00e1 dividido em 2 hemisf\u00e9rios pela Linha do Equador, gerando esta\u00e7\u00f5es inversas.<br \/>\nQuado no Hemisf\u00e9rio Sul \u00e9 Ver\u00e3o,<br \/>\nNo Hemisf\u00e9rio Norte \u00e9 Inverno. E vice-versa.<a href=\"https:\/\/fengshuilogico.com\/blog\/wp-content\/uploads\/2010\/08\/solsticio.jpg\"><br \/>\n<img fetchpriority=\"high\" decoding=\"async\" class=\"size-full wp-image-6999 aligncenter\" src=\"https:\/\/fengshuilogico.com\/blog\/wp-content\/uploads\/2010\/08\/solsticio.jpg\" alt=\"solsticio\" width=\"260\" height=\"194\" \/><\/a><\/p>\n<p>&nbsp;<\/p>\n<p><a href=\"https:\/\/fengshuilogico.com\/blog\/wp-content\/uploads\/2017\/04\/baguas-norte-sul-alta-2018_05_14-15_22_40-UTC-scaled.jpg\"><img decoding=\"async\" class=\"aligncenter size-medium wp-image-25109\" src=\"https:\/\/fengshuilogico.com\/blog\/wp-content\/uploads\/2017\/04\/baguas-norte-sul-alta-2018_05_14-15_22_40-UTC-300x256.jpg\" alt=\"\" width=\"300\" height=\"256\" srcset=\"https:\/\/fengshuilogico.com\/blog\/wp-content\/uploads\/2017\/04\/baguas-norte-sul-alta-2018_05_14-15_22_40-UTC-300x256.jpg 300w, https:\/\/fengshuilogico.com\/blog\/wp-content\/uploads\/2017\/04\/baguas-norte-sul-alta-2018_05_14-15_22_40-UTC-1024x873.jpg 1024w, https:\/\/fengshuilogico.com\/blog\/wp-content\/uploads\/2017\/04\/baguas-norte-sul-alta-2018_05_14-15_22_40-UTC-768x654.jpg 768w, https:\/\/fengshuilogico.com\/blog\/wp-content\/uploads\/2017\/04\/baguas-norte-sul-alta-2018_05_14-15_22_40-UTC-1536x1309.jpg 1536w, https:\/\/fengshuilogico.com\/blog\/wp-content\/uploads\/2017\/04\/baguas-norte-sul-alta-2018_05_14-15_22_40-UTC-2048x1745.jpg 2048w, https:\/\/fengshuilogico.com\/blog\/wp-content\/uploads\/2017\/04\/baguas-norte-sul-alta-2018_05_14-15_22_40-UTC-750x639.jpg 750w, https:\/\/fengshuilogico.com\/blog\/wp-content\/uploads\/2017\/04\/baguas-norte-sul-alta-2018_05_14-15_22_40-UTC-1140x971.jpg 1140w\" sizes=\"(max-width: 300px) 100vw, 300px\" \/><\/a><\/p>\n<p>&nbsp;<\/p>\n<p>&nbsp;<\/p>\n<p><strong>As esta\u00e7\u00f5es do ano e sua altern\u00e2ncia nos Hemisf\u00e9rios Norte e Sul<\/strong><\/p>\n<p>A inclina\u00e7\u00e3o do eixo da Terra gera as esta\u00e7\u00f5es: no ver\u00e3o no Hemisf\u00e9rio Sul, \u00e9 a metade da Terra abaixo da linha do Equador que se inclina em dire\u00e7\u00e3o ao Sol. Apesar de \u00f3bvio, ter a informa\u00e7\u00e3o \u00e9 muito diferente de ter a percep\u00e7\u00e3o, e pensar nisso \u00e9 que nos torna conscientes das grandes diferen\u00e7as de vivermos em um pa\u00eds tropical, onde a primavera \u00e9 eterna, como diria algu\u00e9m que nascesse no Hemisf\u00e9rio Norte, se viesse morar no Brasil.<\/p>\n<p><em>Portanto, por causa do eixo de inclina\u00e7\u00e3o, gera o inverno no Hemisf\u00e9rio Norte.<br \/>\n<\/em> Inverno com neve, com esportes de inverno, com restri\u00e7\u00f5es severas anualmente no per\u00edodo dos rigores invernais. Com mudan\u00e7as radicais entre ver\u00e3o e inverno.<br \/>\nA mesma Terra, o mesmo tempo cronol\u00f3gico &#8212; com as diferen\u00e7as de fuso hor\u00e1rio, claro &#8212; mas regi\u00f5es vivendo situa\u00e7\u00f5es diametralmente opostas, que se invertem ciclicamente, o movimento do Yin e do Yang.<br \/>\nMas, ser\u00e1 que ter consci\u00eancia disso \u00e9 t\u00e3o necess\u00e1rio, mesmo? \u2013 pensei comigo mesma.<\/p>\n<blockquote><p>Aqui abro um par\u00eanteses: O Brasil \u00e9 ainda uma col\u00f4nia cultural ?<\/p>\n<p>Porque a Terra est\u00e1 dividida geograficamente em dois hemisf\u00e9rios, gerando circunst\u00e2ncias e caracter\u00edsticas pr\u00f3prias em cada \u201cmetade\u201d. No entanto, percebemos preocupados que as pessoas respons\u00e1veis pela introdu\u00e7\u00e3o de conceitos gerados na parte de cima do Equador n\u00e3o costumam adaptar \u00e0 nossa realidade, cultura, l\u00edngua, esses mesmos conceitos.<br \/>\nEsse fato tem enfraquecido nossa consci\u00eancia de individualidade nacional e hoje nos tornamos uma col\u00f4nia cultural desses pa\u00edses do Hemisf\u00e9rio Norte.<br \/>\nO primeiro passo para nos libertarmos \u00e9 divulgar e esclarecer de forma maci\u00e7a nossa posi\u00e7\u00e3o geogr\u00e1fica e as nossas particularidades.<\/p>\n<p>Do ponto de vista do Feng Shui, acontece a mesma coisa.<\/p><\/blockquote>\n<p>A resposta \u00e9 que nascemos para saber, para conhecer, e s\u00f3 quem conhece pode amar. Assim, deduzi que esse conhecimento b\u00e1sico, digerido, pode expandir nossa vis\u00e3o da vida, e despertar nosso amor pela Terra e pela Natureza. Pela Vida.<br \/>\nPorque para \u201cver\u201d isso precisamos conseguir imaginar a Terra em seu movimento no espa\u00e7o, e conseguir fazer isso permite a amplia\u00e7\u00e3o de nossa consci\u00eancia: portanto, nos d\u00e1 a abertura de uma nova vis\u00e3o, come\u00e7ando a ver o todo, ao inv\u00e9s de vermos s\u00f3 em partes.<br \/>\nE nos ajuda tamb\u00e9m a deduzir, captar sinais e tamb\u00e9m decifrar s\u00edmbolos, porque eles exigem essa vis\u00e3o do todo: \u00e9 como se estiv\u00e9ssemos usando o recurso do efeito zoom de uma m\u00e1quina fotogr\u00e1fica.<\/p>\n<p>Viver percebendo isso nos d\u00e1 uma nova consci\u00eancia da vida, de estarmos vivos, e de nossa contribui\u00e7\u00e3o a esse espet\u00e1culo majestoso. Nos d\u00e1 uma nova vis\u00e3o da dignidade humana.<br \/>\nVemos que cegos, s\u00e3o os que n\u00e3o enxergam o todo, ou que n\u00e3o enxergam um palmo diante do nariz.<br \/>\n<em> Lembrei-me novamente de Jesus: Os que tiverem olhos de ver&#8230;.e de Hermes Trismegisto<br \/>\n&#8211; Os l\u00e1bios da Sabedoria est\u00e3o fechados, exceto aos ouvidos do Entendimento.<br \/>\n<\/em><\/p>\n<blockquote><p>O Princ\u00edpio da Correspond\u00eancia, nos ensina:<br \/>\n\u201cO que est\u00e1 em cima \u00e9 como o que est\u00e1 em baixo,<br \/>\ne o que est\u00e1 embaixo \u00e9 como o que est\u00e1 em cima.\u201d<\/p><\/blockquote>\n<p><a href=\"https:\/\/fengshuilogico.com\/blog\/2013\/08\/15\/norte-celeste-e-norte-magnetico-a-estrelapolar-do-hemisferio-norte-e-o-simbolo-do-dragao\/terra-3\/\" rel=\"attachment wp-att-6644\"><img decoding=\"async\" class=\"alignleft size-thumbnail wp-image-6644\" src=\"https:\/\/fengshuilogico.com\/blog\/wp-content\/uploads\/2013\/08\/Terra-150x150.jpg\" alt=\"Terra\" width=\"150\" height=\"150\" srcset=\"https:\/\/fengshuilogico.com\/blog\/wp-content\/uploads\/2013\/08\/Terra-150x150.jpg 150w, https:\/\/fengshuilogico.com\/blog\/wp-content\/uploads\/2013\/08\/Terra-300x300.jpg 300w, https:\/\/fengshuilogico.com\/blog\/wp-content\/uploads\/2013\/08\/Terra.jpg 550w\" sizes=\"(max-width: 150px) 100vw, 150px\" \/><\/a><\/p>\n<p><a href=\"https:\/\/fengshuilogico.com\/blog\/2013\/08\/15\/norte-celeste-e-norte-magnetico-a-estrelapolar-do-hemisferio-norte-e-o-simbolo-do-dragao\/terra-ponta-cabeca-3\/\" rel=\"attachment wp-att-6645\"><img loading=\"lazy\" decoding=\"async\" class=\"alignright size-thumbnail wp-image-6645\" src=\"https:\/\/fengshuilogico.com\/blog\/wp-content\/uploads\/2013\/08\/Terra-Ponta-cabe\u00e7a-150x150.jpg\" alt=\"Terra - Ponta cabe\u00e7a\" width=\"150\" height=\"150\" srcset=\"https:\/\/fengshuilogico.com\/blog\/wp-content\/uploads\/2013\/08\/Terra-Ponta-cabe\u00e7a-150x150.jpg 150w, https:\/\/fengshuilogico.com\/blog\/wp-content\/uploads\/2013\/08\/Terra-Ponta-cabe\u00e7a-300x300.jpg 300w, https:\/\/fengshuilogico.com\/blog\/wp-content\/uploads\/2013\/08\/Terra-Ponta-cabe\u00e7a.jpg 550w\" sizes=\"(max-width: 150px) 100vw, 150px\" \/><\/a><br \/>\n<strong>Convencionou-se o mapa da Terra com o Hemisf\u00e9rio Norte em cima, mas poderia ser o contr\u00e1rio, j\u00e1 que as duas posi\u00e7\u00f5es se equivalem.<\/strong><\/p>\n<p><em>E vi, novamente, a Terra girando no espa\u00e7o&#8230;<\/em><\/p>\n<p><strong>&#8211; O Princ\u00edpio da Polaridade<\/strong><\/p>\n<p>E em seguida, associei com o que havia estudado a respeito dos p\u00f3los celestes com o Princ\u00edpio da Polaridade, tamb\u00e9m expresso pelo tr\u00eas vezes s\u00e1bio Hermes:<br \/>\n\u201cTudo \u00e9 duplo; tudo tem p\u00f3los; tudo tem o seu oposto; o igual e o desigual s\u00e3o a mesma coisa;<br \/>\nos opostos s\u00e3o id\u00eanticos em natureza, mas diferentes em grau; os extremos se tocam ; todas as verdades s\u00e3o meias-verdades; todos os paradoxos podem ser reconciliados.\u201d<\/p>\n<p><em>Por causa dessa lei podemos mudar \u00f3dio em amor : s\u00e3o graus diferentes da mesma For\u00e7a original. Isso \u00e9 alquimia&#8230;<br \/>\n<\/em><\/p>\n<p>Nessas alturas, eu me deliciava com a ideia de liberdade que d\u00e1 imaginar a Terra, inclinada, girando em torno de si mesma e em torno do Sol, e n\u00f3s dentro dela. E com os princ\u00edpios de equival\u00eancia agindo em todo tempo e lugar.<br \/>\n\u00c9 mesmo uma vis\u00e3o maravilhosa: o planeta Terra \u00e9 como se fosse a nossa nave, porque viaja atrav\u00e9s do espa\u00e7o. \u00c9 nossa casa maior, j\u00e1 que habitamos sobre ela.<br \/>\nIntui que conhecer o caminho de nosso planeta \u00e9 tamb\u00e9m conhecer o nosso caminho.<br \/>\nE s\u00f3 podemos conhecer um pouco sobre isso atrav\u00e9s dos astros do C\u00e9u.<\/p>\n<p><strong>Polaris, a estrela-guia do Norte<\/strong><\/p>\n<p>Ent\u00e3o, minha mente levou-me aos prim\u00f3rdios de nossa civiliza\u00e7\u00e3o, e compreendi que o desenvolvimento da civiliza\u00e7\u00e3o em nosso planeta est\u00e1 diretamente ligado \u00e0 descoberta pelo homem da fun\u00e7\u00e3o de orienta\u00e7\u00e3o da Estrela Polar, no Hemisf\u00e9rio Norte.<br \/>\nEles n\u00e3o conheciam nada da realidade que os cercava! Tinham que observar e conhecer os movimentos do Sol e das estrelas para come\u00e7arem a desvendar a Vida.<br \/>\nCompreendi que quando o ser humano percebeu que havia uma estrela no c\u00e9u que era fixa em rela\u00e7\u00e3o \u00e0s outras e que estava sobre o Polo Norte, ele encontrou um ponto de refer\u00eancia seguro para aventurar-se e voltar com seguran\u00e7a para casa, mesmo de noite.<br \/>\nA descoberta e a expans\u00e3o de nosso mundo se deu por causa desse conhecimento e de se encontrar algo seguro, que estava sempre l\u00e1.<br \/>\nDe dia, ele tinha o Sol. E de noite, as estrelas fixas.<br \/>\nNenhum instrumento pode substituir o valor da consci\u00eancia dos luminares naturais, nem mesmo a b\u00fassola. Ela pode ser um auxiliar, mas \u00e9 o conhecimento por n\u00f3s que produz aquele senso de orienta\u00e7\u00e3o interno, <strong>o Norte de cada um.<\/strong><br \/>\nAinda, o conhecimento pela pessoa das duas orienta\u00e7\u00f5es, Terra e C\u00e9u, sintoniza-a com o mundo terrestre e celeste e assim ela percebe a Vida na forma que ela realmente \u00e9, em todas as suas dimens\u00f5es:<br \/>\no seu mundo interno &#8212; ela com ela mesma \u2013<br \/>\ndo planeta que a sustenta &#8212; a Terra \u2013<br \/>\ne do c\u00e9u em que esse planeta est\u00e1 inserido.<br \/>\nEsse \u00e9 o verdadeiro religar, a conex\u00e3o entre nosso mundo interior, nosso eu, com o mundo exterior: a Comunh\u00e3o. Com o Amor que move o Sol e as Estrelas&#8230;<\/p>\n<p>Percebi que o senso de orienta\u00e7\u00e3o \u00e9 a base da verdadeira sensa\u00e7\u00e3o de seguran\u00e7a, de paz interior: a pessoa sente que sabe para onde vai, porque ela caminha junto com o Universo, est\u00e1 inserida nele, <strong>faz parte dele.<\/strong><br \/>\nE tem uma outra percep\u00e7\u00e3o que surge atrav\u00e9s deste conhecimento: quando estamos conscientes disso, percebemos a import\u00e2ncia de nossa casa, nosso habitat no planeta, e sua conveni\u00eancia em estar em harmonia com esses movimentos. Mas isso \u00e9 uma outra hist\u00f3ria&#8230;que fica para uma outra vez&#8230;<\/p>\n<p><em>Extra\u00eddo do livro O Caminho da Sabedoria, de Stela Vecchi<\/em><\/p>\n<blockquote class=\"wp-embedded-content\" data-secret=\"v7oVqs5exn\"><p><a href=\"https:\/\/fengshuilogico.com\/blog\/2008\/05\/07\/conheca-as-razoes-para-adaptar-o-ba-gua-para-o-hemisferio-sul\/\">FENG SHUI: Bagu\u00e1 para o Hemisf\u00e9rio SUL conhe\u00e7a as raz\u00f5es para a adapta\u00e7\u00e3o<\/a><\/p><\/blockquote>\n<p><iframe class=\"wp-embedded-content\" sandbox=\"allow-scripts\" security=\"restricted\" style=\"position: absolute; clip: rect(1px, 1px, 1px, 1px);\" title=\"&#8220;FENG SHUI: Bagu\u00e1 para o Hemisf\u00e9rio SUL conhe\u00e7a as raz\u00f5es para a adapta\u00e7\u00e3o&#8221; &#8212; Feng Shui L\u00f3gico - M\u00e9todo Solar Stela Vecchi\" src=\"https:\/\/fengshuilogico.com\/blog\/2008\/05\/07\/conheca-as-razoes-para-adaptar-o-ba-gua-para-o-hemisferio-sul\/embed\/#?secret=B9qq0ePSNd#?secret=v7oVqs5exn\" data-secret=\"v7oVqs5exn\" width=\"500\" height=\"282\" frameborder=\"0\" marginwidth=\"0\" marginheight=\"0\" scrolling=\"no\"><\/iframe><\/p>\n<p>&nbsp;<\/p>\n<div class=\"jeg_video_container jeg_video_content\"><iframe title=\"Machupicchu e a hist\u00f3ria do Feng Shui L\u00f3gico - Stela Vecchi\" width=\"500\" height=\"281\" src=\"https:\/\/www.youtube.com\/embed\/ei2m3glKbUY?feature=oembed\" frameborder=\"0\" allow=\"accelerometer; autoplay; clipboard-write; encrypted-media; gyroscope; picture-in-picture; web-share\" referrerpolicy=\"strict-origin-when-cross-origin\" allowfullscreen><\/iframe><\/div>\n<p>&nbsp;<\/p>\n<p><em>Extra\u00eddo do livro O Caminho da Sabedoria, de Stela Vecchi<\/em><\/p>\n<p>&nbsp;<\/p>\n<p>Leia o livro na \u00edntegra:<a href=\"https:\/\/fengshuilogico.com\/blog\/2012\/12\/13\/livro-o-caminho-da-sabedoria-de-stela-vecchi\/\" target=\"_blank\" rel=\"noopener\"><br \/>\n<strong>Download gr\u00e1tis \u2013 O Caminho da Sabedoria, de Stela Vecchi<\/strong><\/a><br \/>\n<a href=\"https:\/\/fengshuilogico.com\/blog\/2012\/01\/26\/sem-equilibrio-entre-o-masculino-e-o-feminino-nao-ha-verdadeira-paz\/capa-caminho-2\/\" rel=\"attachment wp-att-5328\"><img loading=\"lazy\" decoding=\"async\" class=\"aligncenter size-full wp-image-5328\" src=\"https:\/\/fengshuilogico.com\/blog\/wp-content\/uploads\/2012\/01\/Capa-Caminho.jpg\" alt=\"Capa Caminho\" width=\"200\" height=\"274\" \/><\/a><\/p>\n<p>INSCREVA-SE em nosso canal no YOUTUBE e receba v\u00eddeos atualizados com dicas e orienta\u00e7\u00f5es:<\/p>\n<p><strong> <a href=\"https:\/\/www.youtube.com\/watch?v=vpM0ZbpTA7s\" target=\"a_blank\" rel=\"noopener\"> Inscreva-se Canal Youtube\/Feng Shui L\u00f3gico<\/a><\/strong><\/p>\n<blockquote><p>As melhores energias v\u00eam do amor pela Vida, pelo nosso planeta, pelo nosso solo, pela nossa gente e por n\u00f3s mesmos. Tudo o mais \u00e9 consequ\u00eancia disso.<\/p><\/blockquote>\n<p><strong> <a href=\"http:\/\/loja.fengshuilogico.com\/index.php\/livro-feng-shui-logico-comprar\/livro-feng-shui-logico.html\" target=\"a_blank\" rel=\"noopener\"> Livro Feng Shui L\u00f3gico, Stela Vecchi, \u00cdcone Editora, 2004 &#8211; Compre aqui:<\/a><\/strong><\/p>\n<p><a href=\"https:\/\/fengshuilogico.com\/blog\/wp-content\/uploads\/2009\/12\/CapaFSL_Icone_Editora-2.jpg\"><img loading=\"lazy\" decoding=\"async\" class=\"aligncenter size-medium wp-image-25222\" src=\"https:\/\/fengshuilogico.com\/blog\/wp-content\/uploads\/2009\/12\/CapaFSL_Icone_Editora-2-214x300.jpg\" alt=\"\" width=\"214\" height=\"300\" srcset=\"https:\/\/fengshuilogico.com\/blog\/wp-content\/uploads\/2009\/12\/CapaFSL_Icone_Editora-2-214x300.jpg 214w, https:\/\/fengshuilogico.com\/blog\/wp-content\/uploads\/2009\/12\/CapaFSL_Icone_Editora-2.jpg 341w\" sizes=\"(max-width: 214px) 100vw, 214px\" \/><\/a><\/p>\n<p><strong> <a href=\"https:\/\/fengshuilogico.com\/blog\/2012\/10\/02\/conheca-a-historia-do-feng-shui-logico\/\" target=\"a_blank\" rel=\"noopener\"> A hist\u00f3ria do Feng Shui L\u00f3gico: como nasceu a adapta\u00e7\u00e3o do Ba-gu\u00e1 para o Hemisf\u00e9rio Sul?<\/a><\/strong><\/p>\n<p><strong> <a href=\"http:\/\/loja.fengshuilogico.com\/\" target=\"_blank\" rel=\"noopener\"> Loja Feng Shui L\u00f3gico <\/a><\/strong><br \/>\n<strong>Confira o Programa do Curso B\u00e1sico em nosso Website:<\/strong><br \/>\n<strong><a href=\"https:\/\/loja.fengshuilogico.com\/curso-basico-feng-shui-logico-online-completo-com-video-chamada-p154\" target=\"_blank\" rel=\"noopener\">Programa Curso B\u00e1sico de Feng Shui L\u00f3gico<\/a><\/strong><br \/>\nParticipe dos cursos ministrados por Stela Vecchi:<br \/>\n<strong>Feng Shui L\u00f3gico: Curso B\u00e1sico, Avan\u00e7ado e Profissionalizante<\/strong><br \/>\nNos cursos de Feng Shui L\u00f3gico voc\u00ea recebe informa\u00e7\u00f5es que ser\u00e3o \u00fateis para toda sua vida!<\/p>\n<p><strong>Visite tamb\u00e9m o site: <a href=\"http:\/\/www.fengshuilogico.com\" target=\"_blank\" rel=\"noopener\">www.fengshuilogico.com<\/a><\/strong><\/p>\n","protected":false},"excerpt":{"rendered":"<p>O planeta Terra \u00e9 nossa casa maior. E est\u00e1 dividido em 2 hemisf\u00e9rios pela Linha do Equador, gerando esta\u00e7\u00f5es inversas. Quado no Hemisf\u00e9rio Sul \u00e9 Ver\u00e3o, No Hemisf\u00e9rio Norte \u00e9 Inverno. E vice-versa. &nbsp; &nbsp; &nbsp; As esta\u00e7\u00f5es do ano e sua altern\u00e2ncia nos Hemisf\u00e9rios Norte e Sul A inclina\u00e7\u00e3o do eixo da Terra gera [&hellip;]<\/p>\n","protected":false},"author":6,"featured_media":26781,"comment_status":"open","ping_status":"open","sticky":false,"template":"","format":"standard","meta":{"footnotes":""},"categories":[39,26,7,762,24,2684],"tags":[796,1097,831,1098,830,844,795,1215],"_links":{"self":[{"href":"https:\/\/fengshuilogico.com\/blog\/wp-json\/wp\/v2\/posts\/8852"}],"collection":[{"href":"https:\/\/fengshuilogico.com\/blog\/wp-json\/wp\/v2\/posts"}],"about":[{"href":"https:\/\/fengshuilogico.com\/blog\/wp-json\/wp\/v2\/types\/post"}],"author":[{"embeddable":true,"href":"https:\/\/fengshuilogico.com\/blog\/wp-json\/wp\/v2\/users\/6"}],"replies":[{"embeddable":true,"href":"https:\/\/fengshuilogico.com\/blog\/wp-json\/wp\/v2\/comments?post=8852"}],"version-history":[{"count":4,"href":"https:\/\/fengshuilogico.com\/blog\/wp-json\/wp\/v2\/posts\/8852\/revisions"}],"predecessor-version":[{"id":27341,"href":"https:\/\/fengshuilogico.com\/blog\/wp-json\/wp\/v2\/posts\/8852\/revisions\/27341"}],"wp:featuredmedia":[{"embeddable":true,"href":"https:\/\/fengshuilogico.com\/blog\/wp-json\/wp\/v2\/media\/26781"}],"wp:attachment":[{"href":"https:\/\/fengshuilogico.com\/blog\/wp-json\/wp\/v2\/media?parent=8852"}],"wp:term":[{"taxonomy":"category","embeddable":true,"href":"https:\/\/fengshuilogico.com\/blog\/wp-json\/wp\/v2\/categories?post=8852"},{"taxonomy":"post_tag","embeddable":true,"href":"https:\/\/fengshuilogico.com\/blog\/wp-json\/wp\/v2\/tags?post=8852"}],"curies":[{"name":"wp","href":"https:\/\/api.w.org\/{rel}","templated":true}]}}