{"id":7078,"date":"2014-03-04T13:10:38","date_gmt":"2014-03-04T16:10:38","guid":{"rendered":"https:\/\/fengshuilogico.com\/blog\/?p=7078"},"modified":"2024-06-15T22:10:04","modified_gmt":"2024-06-16T01:10:04","slug":"avaliacao-dos-cursos-de-feng-shui-logico-e-astrologia","status":"publish","type":"post","link":"https:\/\/fengshuilogico.com\/blog\/2014\/03\/04\/avaliacao-dos-cursos-de-feng-shui-logico-e-astrologia\/","title":{"rendered":"Depoimentos dos alunos dos Cursos de Feng Shui e Astrologia"},"content":{"rendered":"<p><strong>Depoimentos de alguns de nossos queridos alunos de nossos cursos presenciais:<\/strong><\/p>\r\n<p>Stela,<br \/>Agrade\u00e7o muito a voc\u00ea, pelas suas palavras e conhecimento, por essa luz que tem em poder transmitir o seu conhecimento com tanta clareza.<br \/>Percebo que tenho que come\u00e7ar varias modifica\u00e7\u00f5es em minha resid\u00eancia, mas uma coisa posso dizer, que voltei de S\u00e3o Paulo, com uma energia t\u00e3o maravilhosa, com pique total, consegui fazer coisas em minha residencia, como limpar at\u00e9 paredes com lodo na \u00e1rea de ilumina\u00e7\u00e3o, estou desde segunda-feira fazendo uma faxina geral sem ao menos me cansar fisicamente, coisa que n\u00e3o tinha, muitas das vezes come\u00e7ava e logo parava, pois n\u00e3o aguentava de tanto cansa\u00e7o e dores nas costas.<br \/><strong><em>Liliana<\/em><\/strong><\/p>\r\n<p><div class=\"jeg_video_container jeg_video_content\"><iframe title=\"TBT  Cursos B\u00e1sicos Feng Shui L\u00f3gico - M\u00e9todo Solar com Stela Vecchi\" width=\"500\" height=\"281\" src=\"https:\/\/www.youtube.com\/embed\/pj7k55xcAOU?feature=oembed\" frameborder=\"0\" allow=\"accelerometer; autoplay; clipboard-write; encrypted-media; gyroscope; picture-in-picture; web-share\" referrerpolicy=\"strict-origin-when-cross-origin\" allowfullscreen><\/iframe><\/div><\/p>\r\n<p>&nbsp;<\/p>\r\n<p>Agrade\u00e7o a energia deste dia. <br \/><em><strong>Flavio, Analista Financeiro<\/strong><br \/><\/em><\/p>\r\n<p>\u00c9 um prazer aprender deste jeito como nos conhecer e crescermos em nossa miss\u00e3o nesta vida! Poder fazer esta reflex\u00e3o j\u00e1 \u00e9 um ganho consider\u00e1vel para o grupo de pessoas que entram em contato com vc!<br \/>Grata!<\/p>\r\n<p>\u00c9 sempre muito bom participar dos cursos ministrados por Stela pela simplicidade da linguagem e pelo conte\u00fado pr\u00e1tico e din\u00e2mico dos mesmos. Ao mesmo tempo nos leva a reflex\u00f5es, adapta\u00e7\u00f5es e conhecimentos que refletem em nosso cotidiano e mudan\u00e7as de vida. Mesmo n\u00e3o sendo conhecedora do assunto me senti apta a mais um passo adiante na minha vida.Parab\u00e9ns.<br \/><strong><em>Maria Thereza<\/em><\/strong><\/p>\r\n<p>O curso abre bastante a mente e o cora\u00e7\u00e3o.<br \/>O curso atingiu o que eu realmente buscava.<br \/><strong><em>Renata<\/em><\/strong><\/p>\r\n<p>Perfeito. De f\u00e1cil compreens\u00e3o.<br \/><strong><em>Lallah<\/em><\/strong><\/p>\r\n<p>O curso superou minhas expectativas. Gostei muito, tinha um leve conhecimento, por\u00e9m vou me aprofundar nas leituras e no Feng Shui L\u00f3gico!<br \/><em>M\u00e1rcia<\/em><\/p>\r\n<p>Prezada Stela: tive oportunidade de participar de um curso com Voc\u00ea. De cora\u00e7\u00e3o, agrade\u00e7o aquela oportunidade, como agrade\u00e7o este novo contato. Partilho com seu grupo que vejo alegremente a manifesta\u00e7\u00e3o de algo como Feng Shui L\u00f3gico que atualiza e aperfei\u00e7oa o que se tinha como arqu\u00e9tipo, at\u00e9 ent\u00e3o, nesta \u00e1rea de estudo e conhecimento. Todos sabemos que a meta de cada um de n\u00f3s, individual e grupalmente, \u00e9 nos consagrarmos \u00e0 diviniza\u00e7\u00e3o da vida, isto \u00e9, ofertarmos nossa permiss\u00e3o para que o Sol brilhe em todo planeta, em cada cantinho desta nossa morada.<br \/>Possa seu grupo caminhar em dire\u00e7\u00e3o a esta meta sob sua amorosa orienta\u00e7\u00e3o.<br \/><strong>Fraternalmente, <em>Rita<\/em><\/strong><\/p>\r\n<p>&nbsp;<\/p>\r\n<p><a href=\"https:\/\/fengshuilogico.com\/blog\/wp-content\/uploads\/2011\/11\/Curso1.jpg\"><img fetchpriority=\"high\" decoding=\"async\" class=\"aligncenter size-medium wp-image-3740\" title=\"Curso\" src=\"https:\/\/fengshuilogico.com\/blog\/wp-content\/uploads\/2011\/11\/Curso1-300x225.jpg\" alt=\"\" width=\"300\" height=\"225\" srcset=\"https:\/\/fengshuilogico.com\/blog\/wp-content\/uploads\/2011\/11\/Curso1-300x225.jpg 300w, https:\/\/fengshuilogico.com\/blog\/wp-content\/uploads\/2011\/11\/Curso1-1024x768.jpg 1024w\" sizes=\"(max-width: 300px) 100vw, 300px\" \/><\/a><\/p>\r\n<p>Poucos meses atr\u00e1s, Stela Vecchi deu uma consultoria de Feng Shui no Centro Teos\u00f3fico Raja, que havia passado por uma reforma importante, com todos os inconvenientes decorrentes da quebra de harmonia no ambiente durante um ano de reformas.<br \/>O resultado foi surpreendente! Nos eventos seguintes, algumas pessoas que n\u00e3o frequentavam o local desde antes do in\u00edcio da reforma, me perguntaram o motivo pelo qual sentiam que a qualidade da vibra\u00e7\u00e3o, j\u00e1 considerada muito boa, havia melhorado de forma not\u00f3ria, mesmo levando em considera\u00e7\u00e3o as melhorias em seu aspecto f\u00edsico. Expliquei que a mudan\u00e7a de lugar dos m\u00f3veis, a coloca\u00e7\u00e3o de pedras e quadros em locais estrat\u00e9gicos e demais provid\u00eancias sugeridas favoreceram sobremaneira a fluidez das energias positivas geradas durante os eventos. Nossos projetos come\u00e7aram, a partir de ent\u00e3o, a dar excelentes resutados e estamos vivendo uma fase de franca expans\u00e3o. Vale a pena investir na consultoria! Recomendamos com veem\u00eancia.<br \/><strong><em>Mar\u00edlia Andrade &#8211; Centro Teos\u00f3fico Raja<\/em><\/strong><\/p>\r\n<p>A minha busca pelo autoconhecimento e equil\u00edbrio me levou a conhecer a t\u00e9cnica milenar chinesa em 2009. Por motivos pessoais e profissionais procurei os cursos de feng shui l\u00f3gico ministrados por Stela Vecchi, grande conhecedora do assunto para aprofundar-me nessa arte.Desde ent\u00e3o n\u00e3o parei mais de estudar e praticar , atualmente fa\u00e7o consultorias residenciais e comerciais.Para mim o feng shui L\u00f3gico \u00e9 ferramenta essencial na busca de equil\u00edbrio,harmonia e qualidade de vida.<br \/><strong><em>Samantha Sales, consultora de Feng Shui<\/em><\/strong><\/p>\r\n<p><a href=\"https:\/\/fengshuilogico.com\/blog\/wp-content\/uploads\/2011\/11\/Blog11.jpg\"><img decoding=\"async\" class=\"aligncenter size-medium wp-image-4026\" title=\"Blog1\" src=\"https:\/\/fengshuilogico.com\/blog\/wp-content\/uploads\/2011\/11\/Blog11-300x225.jpg\" alt=\"\" width=\"300\" height=\"225\" srcset=\"https:\/\/fengshuilogico.com\/blog\/wp-content\/uploads\/2011\/11\/Blog11-300x225.jpg 300w, https:\/\/fengshuilogico.com\/blog\/wp-content\/uploads\/2011\/11\/Blog11-1024x768.jpg 1024w, https:\/\/fengshuilogico.com\/blog\/wp-content\/uploads\/2011\/11\/Blog11.jpg 1037w\" sizes=\"(max-width: 300px) 100vw, 300px\" \/><\/a><\/p>\r\n<p>Depois de uma semana do curso, ainda fico com a impress\u00e3o de estar envolvida com a aura da sala, de suas palavras e seu jeito iluminado de ser! Foi muito bom conhec\u00ea-la e aprender com vc estes conhecimentos milenares e t\u00e3o s\u00e1bios dos chineses.<br \/><strong><em>Shin <\/em><\/strong><\/p>\r\n<p><a href=\"https:\/\/fengshuilogico.com\/blog\/wp-content\/uploads\/2011\/11\/Blog2.jpg\"><img decoding=\"async\" class=\"aligncenter size-medium wp-image-4027\" title=\"Blog2\" src=\"https:\/\/fengshuilogico.com\/blog\/wp-content\/uploads\/2011\/11\/Blog2-300x225.jpg\" alt=\"\" width=\"300\" height=\"225\" srcset=\"https:\/\/fengshuilogico.com\/blog\/wp-content\/uploads\/2011\/11\/Blog2-300x225.jpg 300w, https:\/\/fengshuilogico.com\/blog\/wp-content\/uploads\/2011\/11\/Blog2-1024x768.jpg 1024w, https:\/\/fengshuilogico.com\/blog\/wp-content\/uploads\/2011\/11\/Blog2.jpg 1037w\" sizes=\"(max-width: 300px) 100vw, 300px\" \/><\/a><\/p>\r\n<p>O Feng Shui L\u00f3gico mudou a minha vida e espero poder mudar a vida de todos que assim me permitirem, com respeito, dedica\u00e7\u00e3o e idoneidade.<br \/><strong><em>Tatiany Gon\u00e7alves, consultora de Feng Shui<\/em><\/strong><\/p>\r\n<p>H\u00e1 exatos 8 anos eu convivo e me delicio com as maravilhas do Feng Shui. Recorri a esta t\u00e9cnica por in\u00fameros motivos pessoais, que eram financeiros, de relacionamentos, profissional.<br \/>Fiz primeiramente um curso b\u00e1sico que apliquei com toda dedica\u00e7\u00e3o e obtive excelentes resultados, mas queria mais, ent\u00e3o fiz o m\u00f3dulo II, que fez com que eu percebesse detalhes, sintonias e equil\u00edbrio das coisas, dos elementos e das situa\u00e7\u00f5es.<br \/>Aguardei e percebi os sinais que o universo e o Feng Shui estavam me enviando.<br \/>Na \u00e9poca a necessidade de mudar de resid\u00eancia por seguran\u00e7a e por outros motivos me levou a me empenhar em realizar as curas e a ter pensamentos e afirma\u00e7\u00f5es positivas.<br \/>Como num passe de m\u00e1gica e acredito que era realmente a melhor solu\u00e7\u00e3o para minha fam\u00edlia, realizei uma venda casada da minha antiga casa com a atual, de uma forma r\u00e1pida sem muitos traumas, pois a resist\u00eancia da minha fam\u00edlia em mudar era muito grande.<br \/>O mais curioso \u00e9 que a casa que comprei era do jeito que eu havia desenhado no inicio da harmoniza\u00e7\u00e3o.<br \/>Na nova resid\u00eancia eu apliquei o Feng Shui, mas desta vez o Feng Shui L\u00f3gico, apropriado para o Hemisf\u00e9rio Sul.<br \/>Ai sim, o Feng Shui me surpreendeu ainda mais, pois os resultados foram surpreendentes, seria muito extenso escrever todos, por\u00e9m estou \u00e0 disposi\u00e7\u00e3o para contar\u2026.<br \/>Seria um depoimento incompleto se eu deixasse de citar que tudo isso somente foi poss\u00edvel porque a Stela Vecchi sempre esteve presente orientando como eu deveria conduzir a situa\u00e7\u00e3o e a aplica\u00e7\u00e3o do Feng Shui.<br \/>Ela sempre acompanha muito de perto as situa\u00e7\u00f5es e d\u00favidas de seus alunos, nem executa as curas e nem negligencia fatos, mas sim mostrando o caminho das pedras a serem seguidos.<br \/>Agrade\u00e7o a ela sempre por tudo que ela fez para mim.<br \/>Hoje minha fam\u00edlia, amigos e conhecidos j\u00e1 sabem que o Feng Shui faz parte de minha exist\u00eancia, claro que sem fanatismo, sem muitas cren\u00e7as e supersti\u00e7\u00f5es. Tudo de uma forma sutil e harmoniosa.<br \/>Harmonia e Paz!!!<br \/><strong><em>Cristiane Meloni, consultora de Feng Shui<\/em><\/strong><\/p>\r\n<p>Adorei o curso, Stela! Estou muito feliz de estar com voc\u00ea de novo! Obrigada por me trazer tantas alegrias e revela\u00e7\u00f5es.<br \/>Adoro esse caminho que voc\u00ea sempre me passa!<br \/><strong><em>Luana<\/em><\/strong><\/p>\r\n<p>A principal mensagem que fica para mim \u00e9 que todas as situa\u00e7\u00f5es devem ser encaradas como oportunidades para o autodesenvolvimento e evolu\u00e7\u00e3o. E a Astrologia \u00e9 uma excelente ferramenta para que isto aconte\u00e7a.<br \/><strong><em>Paula<\/em><\/strong><\/p>\r\n<p>O tema \u00e9 muito amplo, a ministrante demonstrou grande conhecimento.<br \/><strong><em>Maria Cecilia<\/em><\/strong><\/p>\r\n<p>Feng Shui \u00e9 uma ferramenta de autoconhecimento. Organizamos nossa mente e nossa casa com o objetivo de estar em perfeito equil\u00edbrio f\u00edsico, mental e espiritual. H\u00e1 uma frase de Lao Ts\u00e9 que diz :<br \/>\u201cConhecer os outros \u00e9 intelig\u00eancia, conhecer-se a si pr\u00f3prio \u00e9 verdadeira sabedoria. Controlar os outros \u00e9 for\u00e7a, controlar-se a si pr\u00f3prio \u00e9 verdadeiro poder. \u201d<\/p>\r\n<p>Agrade\u00e7o a Stela Vecchi pelos ensinamentos adquiridos durante o curso e ao Universo por ter encontrado pessoas com a mesma sintonia e frequ\u00eancia energ\u00e9tica, que buscam atrav\u00e9s do conhecimento e ci\u00eancia, sa\u00fade, amor, paz, sabedoria, felicidade, harmonia e o equil\u00edbrio.<\/p>\r\n<p>Energias Auspiciosas a todos!<\/p>\r\n<p><em><strong>Michele Ferreira<\/strong><br \/><br \/><\/em><\/p>\r\n<blockquote>\r\n<p>Bom receber suas respostas, com essa compreens\u00e3o que enxerga a mat\u00e9ria como um sinal do invis\u00edvel.<br \/>Possamos caminhar juntos em nossos cora\u00e7\u00f5es em dire\u00e7\u00e3o \u00e0 essa sagrada meta de trazer e expandir a Luz em nosso planeta.<\/p>\r\n<p>Sauda\u00e7\u00f5es de Harmonia,<br \/>Stela<\/p>\r\n<\/blockquote>\r\n<p><strong> <a href=\"https:\/\/fengshuilogico.com\/blog\/2012\/10\/02\/como-nasceu-o-feng-shui-logico-e-a-adaptacao-do-ba-gua-para-o-hemisferio-sul\/\" target=\"a_blank\" rel=\"noopener\"> A hist\u00f3ria do Feng Shui L\u00f3gico: como nasceu a adapta\u00e7\u00e3o do Ba-gu\u00e1 para o Hemisf\u00e9rio Sul?<\/a><\/strong><\/p>\r\n<p><strong> <a href=\"https:\/\/loja.fengshuilogico.com\/livros\/\" target=\"a_blank\" rel=\"noopener\"> Leia o Livro Feng Shui L\u00f3gico, Stela Vecchi, \u00cdcone Editora &#8211; Compre aqui:<\/a><br \/>Em vers\u00e3o E-book (recebe em seu e-mail) ou Impresso:<\/strong><\/p>\r\n<p><a href=\"https:\/\/fengshuilogico.com\/blog\/wp-content\/uploads\/2018\/05\/IMG_0406.png\"><img loading=\"lazy\" decoding=\"async\" class=\"wp-image-24690 aligncenter\" src=\"https:\/\/fengshuilogico.com\/blog\/wp-content\/uploads\/2018\/05\/IMG_0406.png\" alt=\"\" width=\"311\" height=\"311\" srcset=\"https:\/\/fengshuilogico.com\/blog\/wp-content\/uploads\/2018\/05\/IMG_0406.png 1080w, https:\/\/fengshuilogico.com\/blog\/wp-content\/uploads\/2018\/05\/IMG_0406-300x300.png 300w, https:\/\/fengshuilogico.com\/blog\/wp-content\/uploads\/2018\/05\/IMG_0406-1024x1024.png 1024w, https:\/\/fengshuilogico.com\/blog\/wp-content\/uploads\/2018\/05\/IMG_0406-150x150.png 150w, https:\/\/fengshuilogico.com\/blog\/wp-content\/uploads\/2018\/05\/IMG_0406-768x768.png 768w, https:\/\/fengshuilogico.com\/blog\/wp-content\/uploads\/2018\/05\/IMG_0406-75x75.png 75w, https:\/\/fengshuilogico.com\/blog\/wp-content\/uploads\/2018\/05\/IMG_0406-350x350.png 350w, https:\/\/fengshuilogico.com\/blog\/wp-content\/uploads\/2018\/05\/IMG_0406-750x750.png 750w\" sizes=\"(max-width: 311px) 100vw, 311px\" \/><\/a><\/p>\r\n<p><strong> <a href=\"https:\/\/loja.fengshuilogico.com\/curso-basico-feng-shui-logico-hemisferio-sul-online-completo-com-video-chamada-p154\" target=\"a_blank\" rel=\"noopener\"> Curso B\u00e1sico Online Personalizado com Stela Vecchi\u00a0<\/a><\/strong><\/p>\r\n<p>Participe dos cursos ministrados por Stela Vecchi:<br \/><strong>Feng Shui L\u00f3gico: Curso B\u00e1sico, Avan\u00e7ado e Profissionalizante<\/strong><br \/>Nos cursos de Feng Shui L\u00f3gico voc\u00ea recebe informa\u00e7\u00f5es que ser\u00e3o \u00fateis para toda sua vida, complementando essa mat\u00e9ria:<br \/><strong>Veja como trazer harmonia para sua resid\u00eancia:<\/strong><br \/><a href=\"https:\/\/fengshuilogico.com\/blog\/2011\/09\/13\/como-aplicar-o-bagua-feng-shui\/\" target=\"_blank\" rel=\"noopener\"> <strong>Feng Shui L\u00f3gico &#8211;<\/strong><\/a> <strong>Como aplicar o Bagu\u00e1<\/strong><\/p>\r\n<p><strong>Visite tamb\u00e9m o site: <a href=\"http:\/\/www.fengshuilogico.com\" target=\"_blank\" rel=\"noopener\">www.fengshuilogico.com<\/a><\/strong><\/p>\r\n\r\n<figure class=\"wp-block-video\"><\/figure>\r\n\r\n\r\n\r\n<figure class=\"wp-block-video\"><\/figure>\r\n","protected":false},"excerpt":{"rendered":"<p>Depoimentos de alguns de nossos queridos alunos de nossos cursos presenciais: Stela,Agrade\u00e7o muito a voc\u00ea, pelas suas palavras e conhecimento, por essa luz que tem em poder transmitir o seu conhecimento com tanta clareza.Percebo que tenho que come\u00e7ar varias modifica\u00e7\u00f5es em minha resid\u00eancia, mas uma coisa posso dizer, que voltei de S\u00e3o Paulo, com uma [&hellip;]<\/p>\n","protected":false},"author":6,"featured_media":27182,"comment_status":"open","ping_status":"open","sticky":false,"template":"","format":"standard","meta":{"footnotes":""},"categories":[1679,458,43],"tags":[535,786,2450,2661,2660],"_links":{"self":[{"href":"https:\/\/fengshuilogico.com\/blog\/wp-json\/wp\/v2\/posts\/7078"}],"collection":[{"href":"https:\/\/fengshuilogico.com\/blog\/wp-json\/wp\/v2\/posts"}],"about":[{"href":"https:\/\/fengshuilogico.com\/blog\/wp-json\/wp\/v2\/types\/post"}],"author":[{"embeddable":true,"href":"https:\/\/fengshuilogico.com\/blog\/wp-json\/wp\/v2\/users\/6"}],"replies":[{"embeddable":true,"href":"https:\/\/fengshuilogico.com\/blog\/wp-json\/wp\/v2\/comments?post=7078"}],"version-history":[{"count":4,"href":"https:\/\/fengshuilogico.com\/blog\/wp-json\/wp\/v2\/posts\/7078\/revisions"}],"predecessor-version":[{"id":27183,"href":"https:\/\/fengshuilogico.com\/blog\/wp-json\/wp\/v2\/posts\/7078\/revisions\/27183"}],"wp:featuredmedia":[{"embeddable":true,"href":"https:\/\/fengshuilogico.com\/blog\/wp-json\/wp\/v2\/media\/27182"}],"wp:attachment":[{"href":"https:\/\/fengshuilogico.com\/blog\/wp-json\/wp\/v2\/media?parent=7078"}],"wp:term":[{"taxonomy":"category","embeddable":true,"href":"https:\/\/fengshuilogico.com\/blog\/wp-json\/wp\/v2\/categories?post=7078"},{"taxonomy":"post_tag","embeddable":true,"href":"https:\/\/fengshuilogico.com\/blog\/wp-json\/wp\/v2\/tags?post=7078"}],"curies":[{"name":"wp","href":"https:\/\/api.w.org\/{rel}","templated":true}]}}