{"id":542,"date":"2011-06-30T17:46:24","date_gmt":"2011-06-30T20:46:24","guid":{"rendered":"https:\/\/fengshuilogico.com\/blog\/2011\/01\/30\/a-cosmovisao-inca-e-o-poder-espiritual\/"},"modified":"2024-11-29T00:00:54","modified_gmt":"2024-11-29T03:00:54","slug":"a-ascensao-nos-dias-de-hoje-parte-2","status":"publish","type":"post","link":"https:\/\/fengshuilogico.com\/blog\/2011\/06\/30\/a-ascensao-nos-dias-de-hoje-parte-2\/","title":{"rendered":"Estudos sobre a espiritualidade de Cristo"},"content":{"rendered":"<p><a href=\"https:\/\/fengshuilogico.com\/blog\/wp-content\/uploads\/2011\/06\/condor.png\"><img fetchpriority=\"high\" decoding=\"async\" class=\"aligncenter size-full wp-image-7237\" src=\"https:\/\/fengshuilogico.com\/blog\/wp-content\/uploads\/2011\/06\/condor.png\" alt=\"condor\" width=\"259\" height=\"194\" \/><\/a><br \/>\nPor mais que voc\u00ea se esforce para compreender a Vida, voc\u00ea conseguir\u00e1 apenas teorias que podem ser desfeitas assim que novos fatos venham \u00e0 tona.<\/p>\n<p><strong><em>Como tudo come\u00e7ou?<\/em><\/strong><\/p>\n<p>O sil\u00eancio do Criador ecoa pelos s\u00e9culos. Para os que acreditam, sua \u00fanica palavra foi Cristo. Foi o Seu Amor.<\/p>\n<p>Fazendo uma analogia, nossa vida desde nossa primeira respira\u00e7\u00e3o assemelha-se a uma vela que se extinguir\u00e1 com nossa \u00faltima respira\u00e7\u00e3o neste plano.<\/p>\n<p>A vela \u00e9 o nosso corpo. A vida \u00e9 a chama.<\/p>\n<p>Tipo de pavio, tipo de cera, local onde foi acesa, tipos de vento que a tentam apagar, prote\u00e7\u00e3o para a chama se fortalecer&#8230; Tudo isso podemos aprender a manejar para que a chama se mantenha intensa ou, pelo contr\u00e1rio, d\u00e9bil e at\u00e9 se apague.<br \/>\nEm nossa concep\u00e7\u00e3o, tudo se resume na forma como voc\u00ea conduz sua vida para que sua chama brilhe intensamente dentro de voc\u00ea e sua luz se espalhe aquecendo os que est\u00e3o \u00e0 sua volta.<\/p>\n<p>As grandes almas aquecem gera\u00e7\u00f5es com sua forte luz.<\/p>\n<p><strong>Introdu\u00e7\u00e3o<\/strong><\/p>\n<p>Ao adentrar neste mundo limitado pelo Tempo e Espa\u00e7o temos um longo caminho a percorrer antes de entrar em nosso sagrado espa\u00e7o interior.<br \/>\nOs desafios trazidos pelas encarna\u00e7\u00f5es anteriores que precisam ser superados s\u00e3o nossos maiores obst\u00e1culos para que a paz reine dentro de n\u00f3s abrindo-nos os portais do \u00eaxtase e da felicidade de estarmos vivos.<\/p>\n<p>Consci\u00eancia e atitude constantemente s\u00e1bia e amorosa s\u00e3o nossas maiores armas para n\u00e3o cairmos nas armadilhas de nossa natureza ainda imperfeita.<\/p>\n<blockquote><p>Sobre todas as coisas paira um esp\u00edrito muito acima de nossa compreens\u00e3o e que nos trouxe toda a luz que precisamos para furar a n\u00e9voa que encobre nosso mundo e enxergar al\u00e9m, com a vis\u00e3o de \u00e1guia.<br \/>\nAo nos dizer que o amor de uns pelos outros \u00e9 a \u00fanica coisa necess\u00e1ria acima de todas as considera\u00e7\u00f5es humanas, ensinou-nos a confiar no poder superior e nos abriu as portas da pr\u00f3xima dimens\u00e3o.<\/p><\/blockquote>\n<p>Fruto de muitos estudos buscando a integra\u00e7\u00e3o de nossos mundos f\u00edsico, mental, emocional e espiritual, esta \u00e9 uma vis\u00e3o sem preconceitos. Parti do princ\u00edpio de que Deus \u00e9 o Criador de tudo e que tudo que Ele criou \u00e9 bom. Com a experi\u00eancia, compreendi a necessidade do discernimento e do equil\u00edbrio para compreender que \u00e9 o mau uso de uma energia que a faz nociva. Quando aprendemos a usar cada uma delas em seu ponto ideal, tudo se torna bom.<\/p>\n<p>N\u00e3o \u00e9 um caminho f\u00e1cil, nem r\u00e1pido, apesar de tempo ser uma quest\u00e3o relativa. E quando chegamos nem sentimos o esfor\u00e7o despendido: a qu\u00ea podemos comparar ter o C\u00e9u sempre azul dentro de n\u00f3s?<\/p>\n<p>A riqueza da Cria\u00e7\u00e3o \u00e9 evidente. Somos \u00be de \u00e1gua e v\u00e1rias formas da \u00e1gua nos mostram todas as nossas possibilidades de sentir: a vida borbulhante de uma cachoeira, corredeiras nos meios de pedras, mares e oceanos, lagos, regatos, chuvas torrenciais e chuvas finas como v\u00e9us, orvalhos da manh\u00e3, p\u00e2ntanos&#8230;<\/p>\n<p>A escolha \u00e9 nossa. Dependendo de nossas escolhas nossa transforma\u00e7\u00e3o vai ocorrendo aos poucos, como nos ensina a natureza e seus ciclos e tempos e um dia estamos prontos para voar como \u00c1guias.<\/p>\n<p>O tema \u00e9 dif\u00edcil. Buscar as liga\u00e7\u00f5es entre tudo que acontece e aconteceu debaixo do Sol nestes \u00faltimos mil\u00eanios sem esquecer que nosso instrumento de percep\u00e7\u00e3o, nosso corpo, tem suas limita\u00e7\u00f5es. O que o esp\u00edrito pode intuir muitas vezes o corpo pode apenas aceitar, humildemente.<\/p>\n<p>N\u00e3o tenho a pretens\u00e3o de formular hip\u00f3teses sobre coisas ainda escondidas como o come\u00e7o de todo esse processo maravilhoso que se chama Vida.<br \/>\nQuero apenas deixar como um legado todas as maravilhas que o Deus de meu cora\u00e7\u00e3o, o Amor, faz por cada um que se aproxima de Seu cora\u00e7\u00e3o e sente o seu infind\u00e1vel Amor.<\/p>\n<p>Entrar nesse mundo \u00e9 um pr\u00eamio. Minha alegria e surpresa foi perceber que n\u00e3o precisamos morrer f\u00edsicamente: o c\u00e9u \u00e9 uma vibra\u00e7\u00e3o dispon\u00edvel para n\u00f3s j\u00e1 aqui na Terra.<br \/>\nSei que os caminhos s\u00e3o \u00fanicos. Conhe\u00e7o segundo v\u00e1rios estudos complementares, inclusive astrologia ocidental, chinesa, k\u00e1rmica e herm\u00e9tica e numerologia, que somos seres \u00fanicos dentro de nossa diversidade humana.<\/p>\n<p>Por isso, vou dentro do poss\u00edvel no campo das palavras explicar como consegui acessar esse novo est\u00e1gio. Espero sinceramente que sirva de alguma forma para os que lerem essas linhas.<br \/>\nDo contr\u00e1rio, n\u00e3o seria de nenhuma utilidade.<\/p>\n<p><strong><br \/>\nEntrando em seu mundo interior<\/strong><\/p>\n<p>Nosso centro (plexo solar) exige serenidade. Esse \u00e9 o grande in\u00edcio. A confian\u00e7a no poder superior \u00e9 a estabilidade que seu ser necessita para jogar-se nessa aventura, que \u00e9 sem d\u00favida a maior das sagas humanas.<\/p>\n<p>De um ser revolto, inst\u00e1vel, inseguro, precisamos atravessar a ponte que nos faz confiantes, serenos, s\u00e1bios e felizes a maior parte do tempo, e em dire\u00e7\u00e3o a todo o tempo de nossas vidas.<\/p>\n<p>A eternidade \u00e9 o tempo sempre presente. Essa \u00e9 a meta. Anular as influ\u00eancias tanto quanto poss\u00edvel enxergando al\u00e9m das apar\u00eancias e, principalmente, al\u00e9m das palavras.<\/p>\n<p>Existe um mundo onde o sil\u00eancio \u00e9 sonoro, como quando estamos dentro de uma densa floresta. Portanto, o sil\u00eancio pode n\u00e3o ser a aus\u00eancia de sons, mas o estado vigilante de nossa mente finalmente vazia.<\/p>\n<p>Certamente essa \u00e9 a proeza principal que temos de conseguir: silenciar nossa mente para podermos escutar nosso cora\u00e7\u00e3o j\u00e1 amadurecido, forte e sereno em sua confian\u00e7a ilimitada na Vida (para mim, um outro nome de Deus).<\/p>\n<p>Esse cora\u00e7\u00e3o \u00e9 o resultado de um fortalecimento causado pelo perd\u00e3o j\u00e1 impl\u00edcito em nossas rela\u00e7\u00f5es. J\u00e1 conhecemos a fragilidade humana e isso nos liberta do \u00f3dio. Tamb\u00e9m conhecemos nossa capacidade de nos afastar de tudo que nos incomoda e que pode ser afastado, e essa liberdade \u00e9 um grande prazer adquirido em nossa jornada espiritual.<\/p>\n<p>Comece imaginando que voc\u00ea est\u00e1 dentro de uma redoma e que ningu\u00e9m pode atac\u00e1-lo de fato. Voc\u00ea est\u00e1 protegido pelas for\u00e7as divinas.<br \/>\nAos poucos, esse treinamento se torna t\u00e3o natural que j\u00e1 n\u00e3o \u00e9 necess\u00e1rio essa visualiza\u00e7\u00e3o.<br \/>\nO seu karma e o conhecimento de sua trajet\u00f3ria pela astrologia herm\u00e9tica facilitar\u00e3o esse processo. Feng Shui L\u00f3gico tamb\u00e9m.<br \/>\nQuando estamos bem adiantados no caminho de nossa ascens\u00e3o espiritual j\u00e1 percebemos claramente que nosso maior obst\u00e1culo s\u00e3o nossos pr\u00f3prios sentimentos de revolta e de incompreens\u00e3o e ent\u00e3o j\u00e1 \u00e9 f\u00e1cil n\u00e3o julgarmos nem condenarmos ningu\u00e9m, sem abrir m\u00e3o de nosso sagrado direito de n\u00e3o concordarmos e de nos afastarmos sempre que as condi\u00e7\u00f5es assim indicarem para a conserva\u00e7\u00e3o de nossa energia pura e forte.<\/p>\n<blockquote><p>Machu Picchu novamente, 11 anos depois<br \/>\nAos poucos, sinais me indicavam que eu iria novamente para essa m\u00e1gica cidade com seus poderes ocultos. Da primeira vez, sua forte energia me fez refletir na mec\u00e2nica celeste e seus efeitos sobre n\u00f3s e nossas casas. Entre outras coisas, na percep\u00e7\u00e3o clara que os hemisf\u00e9rios da Terra s\u00e3o complementares. E assim nasceu o Feng Shui L\u00f3gico.<br \/>\nDesta vez, muito mais me esperava\u2026<\/p><\/blockquote>\n<p><a href=\"https:\/\/fengshuilogico.com\/blog\/wp-content\/uploads\/2011\/06\/Serpente__Puma__Condor.jpg\"><img decoding=\"async\" class=\"aligncenter size-medium wp-image-7236\" src=\"https:\/\/fengshuilogico.com\/blog\/wp-content\/uploads\/2011\/06\/Serpente__Puma__Condor-169x300.jpg\" alt=\"Serpente__Puma__Condor\" width=\"169\" height=\"300\" srcset=\"https:\/\/fengshuilogico.com\/blog\/wp-content\/uploads\/2011\/06\/Serpente__Puma__Condor-169x300.jpg 169w, https:\/\/fengshuilogico.com\/blog\/wp-content\/uploads\/2011\/06\/Serpente__Puma__Condor.jpg 254w\" sizes=\"(max-width: 169px) 100vw, 169px\" \/><\/a><\/p>\n<p><strong>Os tr\u00eas n\u00edveis de vibra\u00e7\u00e3o dispon\u00edveis em nosso planeta segundo a filosofia inca e os mundos da Serpente, Puma e do Condor<\/strong><\/p>\n<p>Simplificando, podemos dizer que existem tr\u00eas dimens\u00f5es interdependentes (no m\u00ednimo) e que cada um de n\u00f3s est\u00e1 ligado a uma delas. Assim, os que est\u00e3o na vibra\u00e7\u00e3o mais densa, o mundo da serpente rastejante, onde h\u00e1 choro e raiva, n\u00e3o conseguem perceber as superiores, onde o sofrimento foi substitu\u00eddo pela compreens\u00e3o. J\u00e1 os que superaram a fase inicial (a primeira morte), t\u00eam livre tr\u00e2nsito pelas demais.<\/p>\n<p>A primeira fase s\u00f3 pode ser vencida pela confian\u00e7a. Qualquer tipo de medo (n\u00e3o confundir com receio sadio ou prud\u00eancia) ou revolta nos aprisiona e impede a subida para n\u00edveis superiores.<\/p>\n<p>\u00c9 importante dizer que a maioria de n\u00f3s sequer percebe esses mundos. Portanto, a Terra \u00e9 como se fosse um grande teatro onde a pe\u00e7a de cada um est\u00e1 sendo encenada. Por\u00e9m, s\u00f3 os que conseguem observar a si mesmos \u00e9 que podem iniciar a escalada para o dom\u00ednio e o aumento de sua energia vital. Na verdade, o pr\u00eamio se revela aos poucos com os poderes que nos v\u00e3o sendo outorgados.<\/p>\n<p>E j\u00e1 sabemos que todo o poder vem da Fonte e que \u00e9 ela quem nos d\u00e1 todos os dons, de acordo com nossas disposi\u00e7\u00f5es interiores e a\u00e7\u00f5es. Estamos o tempo todo nessa rede onde o equil\u00edbrio \u00e9 constante. Aprender a discernir \u00e9 nosso grande trabalho.<br \/>\nO discernimento nos tira do plano da Serpente e nos coloca no plano da realiza\u00e7\u00e3o ou Puma.<\/p>\n<p>O Puma anda sobre suas quatro patas, j\u00e1 \u00e9 muito mais confort\u00e1vel. Nesse plano nossas necessidades emocionais est\u00e3o sob controle e compreendemos que o Universo nos alimenta sempre que necessitamos.<\/p>\n<p>Esse plano \u00e9 dos que j\u00e1 adquiriram grande liberdade de a\u00e7\u00e3o e j\u00e1 s\u00e3o doadores de energia. Alimentam grupos de pessoas que est\u00e3o no n\u00edvel da Serpente. Possuem j\u00e1 muita luz dentro de si e a maior caracter\u00edstica \u00e9 uma grande aceita\u00e7\u00e3o de suas circunst\u00e2ncias e uma grande paci\u00eancia em rela\u00e7\u00e3o aos problemas terrestres. N\u00e3o h\u00e1 julgamento, mas muita percep\u00e7\u00e3o.<\/p>\n<p>E \u00e9 nesse plano que se preparam para largar as amarras e voar, quando ingressam no terceiro plano, o plano do Condor.<br \/>\nO Reino do Amor e da Liberdade.<br \/>\nSua vis\u00e3o j\u00e1 \u00e9 capaz de voar livremente atrav\u00e9s do Tempo e do Espa\u00e7o dentro de si mesmos.<br \/>\nSua energia pessoal \u00e9 forte e serena e est\u00e1 conectada ao sistema maior que nos envolve. Entraram na Vida.<br \/>\n<a href=\"https:\/\/fengshuilogico.com\/blog\/wp-content\/uploads\/2011\/06\/condor.png\"><img fetchpriority=\"high\" decoding=\"async\" class=\"aligncenter size-full wp-image-7237\" src=\"https:\/\/fengshuilogico.com\/blog\/wp-content\/uploads\/2011\/06\/condor.png\" alt=\"condor\" width=\"259\" height=\"194\" \/><\/a><\/p>\n<div class=\"jeg_video_container jeg_video_content\"><iframe title=\"Quais s\u00e3o os 7 Chakras?  Qual o segredo do chakra lar\u00edngeo?\" width=\"500\" height=\"281\" src=\"https:\/\/www.youtube.com\/embed\/sV8YBX7rmlc?feature=oembed\" frameborder=\"0\" allow=\"accelerometer; autoplay; clipboard-write; encrypted-media; gyroscope; picture-in-picture; web-share\" referrerpolicy=\"strict-origin-when-cross-origin\" allowfullscreen><\/iframe><\/div>\n<p>Stela Vecchi<\/p>\n<p><a href=\"https:\/\/fengshuilogico.com\/blog\/wp-content\/uploads\/2009\/05\/\u00c1guas-Calientes-3.jpg\"><img decoding=\"async\" class=\"aligncenter size-medium wp-image-7804\" src=\"https:\/\/fengshuilogico.com\/blog\/wp-content\/uploads\/2009\/05\/\u00c1guas-Calientes-3-225x300.jpg\" alt=\"\u00c1guas Calientes 3\" width=\"225\" height=\"300\" srcset=\"https:\/\/fengshuilogico.com\/blog\/wp-content\/uploads\/2009\/05\/\u00c1guas-Calientes-3-225x300.jpg 225w, https:\/\/fengshuilogico.com\/blog\/wp-content\/uploads\/2009\/05\/\u00c1guas-Calientes-3-768x1024.jpg 768w, https:\/\/fengshuilogico.com\/blog\/wp-content\/uploads\/2009\/05\/\u00c1guas-Calientes-3.jpg 1944w\" sizes=\"(max-width: 225px) 100vw, 225px\" \/><\/a><\/p>\n<p><a href=\"https:\/\/fengshuilogico.com\/blog\/wp-content\/uploads\/2011\/06\/Cruz-del-Sur.jpg\"><img loading=\"lazy\" decoding=\"async\" class=\"aligncenter size-medium wp-image-8349\" src=\"https:\/\/fengshuilogico.com\/blog\/wp-content\/uploads\/2011\/06\/Cruz-del-Sur-225x300.jpg\" alt=\"Cruz del Sur\" width=\"225\" height=\"300\" srcset=\"https:\/\/fengshuilogico.com\/blog\/wp-content\/uploads\/2011\/06\/Cruz-del-Sur-225x300.jpg 225w, https:\/\/fengshuilogico.com\/blog\/wp-content\/uploads\/2011\/06\/Cruz-del-Sur-768x1024.jpg 768w, https:\/\/fengshuilogico.com\/blog\/wp-content\/uploads\/2011\/06\/Cruz-del-Sur.jpg 1944w\" sizes=\"(max-width: 225px) 100vw, 225px\" \/><\/a><\/p>\n<p>INSCREVA-SE em nosso canal no YOUTUBE e receba v\u00eddeos atualizados com dicas e orienta\u00e7\u00f5es:<\/p>\n<p><strong> <a href=\"https:\/\/www.youtube.com\/watch?v=vpM0ZbpTA7s\" target=\"a_blank\" rel=\"noopener noreferrer\"> Inscreva-se Canal Youtube\/Feng Shui L\u00f3gico<\/a><\/strong><\/p>\n<blockquote><p>As melhores energias v\u00eam do amor pela Vida, pelo nosso planeta, pelo nosso solo, pela nossa gente e por n\u00f3s mesmos. Tudo o mais \u00e9 consequ\u00eancia disso.<\/p><\/blockquote>\n<p><strong> <a href=\"http:\/\/loja.fengshuilogico.com\/index.php\/livro-feng-shui-logico-comprar\/livro-feng-shui-logico.html\" target=\"a_blank\" rel=\"noopener noreferrer\"> Livro Feng Shui L\u00f3gico, Stela Vecchi, \u00cdcone Editora, 2004 &#8211; Compre aqui:<\/a><\/strong><\/p>\n<p><a href=\"https:\/\/fengshuilogico.com\/blog\/wp-content\/uploads\/2009\/05\/feng-shui-logico-stela-vecchi-icone-editora.png\"><img loading=\"lazy\" decoding=\"async\" class=\"aligncenter size-medium wp-image-7586\" src=\"https:\/\/fengshuilogico.com\/blog\/wp-content\/uploads\/2009\/05\/feng-shui-logico-stela-vecchi-icone-editora-205x300.png\" alt=\"feng-shui-logico-stela-vecchi-icone-editora\" width=\"205\" height=\"300\" srcset=\"https:\/\/fengshuilogico.com\/blog\/wp-content\/uploads\/2009\/05\/feng-shui-logico-stela-vecchi-icone-editora-205x300.png 205w, https:\/\/fengshuilogico.com\/blog\/wp-content\/uploads\/2009\/05\/feng-shui-logico-stela-vecchi-icone-editora.png 343w\" sizes=\"(max-width: 205px) 100vw, 205px\" \/><\/a><\/p>\n<p><strong> <a href=\"https:\/\/fengshuilogico.com\/blog\/2012\/10\/02\/conheca-a-historia-do-feng-shui-logico\/\" target=\"a_blank\" rel=\"noopener noreferrer\"> A hist\u00f3ria do Feng Shui L\u00f3gico: como nasceu a adapta\u00e7\u00e3o do Ba-gu\u00e1 para o Hemisf\u00e9rio Sul?<\/a><\/strong><\/p>\n<p><strong>Confira o Programa do Curso B\u00e1sico em nosso Website:<\/strong><br \/>\n<strong><a href=\"https:\/\/loja.fengshuilogico.com\/curso-basico-feng-shui-logico-online-completo-com-video-chamada-p154\" target=\"_blank\" rel=\"noopener noreferrer\">Programa Curso B\u00e1sico de Feng Shui L\u00f3gico<\/a><\/strong><br \/>\nParticipe dos cursos ministrados por Stela Vecchi:<br \/>\n<strong>Feng Shui L\u00f3gico: Curso B\u00e1sico, Avan\u00e7ado e Profissionalizante<\/strong><br \/>\nNos cursos de Feng Shui L\u00f3gico voc\u00ea recebe informa\u00e7\u00f5es que ser\u00e3o \u00fateis para toda sua vida!<\/p>\n<p><strong>Visite tamb\u00e9m o site: <a href=\"http:\/\/www.fengshuilogico.com\" target=\"_blank\" rel=\"noopener noreferrer\">www.fengshuilogico.com<\/a><\/strong><\/p>\n","protected":false},"excerpt":{"rendered":"<p>Por mais que voc\u00ea se esforce para compreender a Vida, voc\u00ea conseguir\u00e1 apenas teorias que podem ser desfeitas assim que novos fatos venham \u00e0 tona. Como tudo come\u00e7ou? O sil\u00eancio do Criador ecoa pelos s\u00e9culos. Para os que acreditam, sua \u00fanica palavra foi Cristo. Foi o Seu Amor. Fazendo uma analogia, nossa vida desde nossa [&hellip;]<\/p>\n","protected":false},"author":6,"featured_media":15310,"comment_status":"open","ping_status":"open","sticky":false,"template":"","format":"standard","meta":{"footnotes":""},"categories":[42,2350,486,2601,1704],"tags":[1361,90,966,140,1487,1360,2871,1370,643,641],"_links":{"self":[{"href":"https:\/\/fengshuilogico.com\/blog\/wp-json\/wp\/v2\/posts\/542"}],"collection":[{"href":"https:\/\/fengshuilogico.com\/blog\/wp-json\/wp\/v2\/posts"}],"about":[{"href":"https:\/\/fengshuilogico.com\/blog\/wp-json\/wp\/v2\/types\/post"}],"author":[{"embeddable":true,"href":"https:\/\/fengshuilogico.com\/blog\/wp-json\/wp\/v2\/users\/6"}],"replies":[{"embeddable":true,"href":"https:\/\/fengshuilogico.com\/blog\/wp-json\/wp\/v2\/comments?post=542"}],"version-history":[{"count":4,"href":"https:\/\/fengshuilogico.com\/blog\/wp-json\/wp\/v2\/posts\/542\/revisions"}],"predecessor-version":[{"id":28113,"href":"https:\/\/fengshuilogico.com\/blog\/wp-json\/wp\/v2\/posts\/542\/revisions\/28113"}],"wp:featuredmedia":[{"embeddable":true,"href":"https:\/\/fengshuilogico.com\/blog\/wp-json\/wp\/v2\/media\/15310"}],"wp:attachment":[{"href":"https:\/\/fengshuilogico.com\/blog\/wp-json\/wp\/v2\/media?parent=542"}],"wp:term":[{"taxonomy":"category","embeddable":true,"href":"https:\/\/fengshuilogico.com\/blog\/wp-json\/wp\/v2\/categories?post=542"},{"taxonomy":"post_tag","embeddable":true,"href":"https:\/\/fengshuilogico.com\/blog\/wp-json\/wp\/v2\/tags?post=542"}],"curies":[{"name":"wp","href":"https:\/\/api.w.org\/{rel}","templated":true}]}}