{"id":524,"date":"2010-11-05T09:36:00","date_gmt":"2010-11-05T12:36:00","guid":{"rendered":"https:\/\/fengshuilogico.com\/blog\/2010\/11\/05\/o-poder-espiritual-e-a-historia-da-terra-ou-o-descobrimento-da-america\/"},"modified":"2024-03-23T22:35:57","modified_gmt":"2024-03-24T01:35:57","slug":"o-brasil-ainda-nao-foi-descoberto","status":"publish","type":"post","link":"https:\/\/fengshuilogico.com\/blog\/2010\/11\/05\/o-brasil-ainda-nao-foi-descoberto\/","title":{"rendered":"O Brasil ainda n\u00e3o foi &#8220;descoberto&#8221;?"},"content":{"rendered":"<p>Este titulo tem a inten\u00e7\u00e3o de nos fazer pensar sobre nossa realidade atual:<br \/>\ndiante do que este pa\u00eds maravilhoso tem para nos proporcionar, com recursos naturais privilegiados, podemos entender que ele de fato n\u00e3o foi descoberto por n\u00f3s, o povo que o habita.<\/p>\n<p>A falta de consenso sobre o que \u00e9 Bem Comum e a exacerba\u00e7\u00e3o de ideologias radicais n\u00e3o nos permite viver em paz, a base para um desenvolvimento harm\u00f4nico e pr\u00f3spero em todos os sentidos de uma humanidade evolu\u00edda.<br \/>\n<em><strong>A paz aqui deve ser entendida como respeito \u00e0s diferen\u00e7as e na uni\u00e3o do Bem Comum.<\/strong><\/em><\/p>\n<p><strong>Vamos fazer uma pequena regress\u00e3o para os in\u00edcios de nossa coloniza\u00e7\u00e3o aqui na Am\u00e9rica do Sul:<\/strong><br \/>\n<em>Se voc\u00ea busca viver profundamente, \u00e9 preciso olhar para al\u00e9m de suas circunst\u00e2ncias atuais. Voc\u00ea vive hoje o fruto do passado da humanidade tamb\u00e9m.<\/em><\/p>\n<p>H\u00e1 cerca de 500 anos atr\u00e1s, o Velho Mundo descobriu um Novo C\u00e9u e uma Nova Terra, que foi chamada de Am\u00e9rica do Sul.<\/p>\n<p><span style=\"font-size: inherit;\">Para ficar mais simples, imagine-se sentado na superf\u00edcie da Lua e olhando para o nosso planeta.<\/span><\/p>\n<p>At\u00e9 por volta de 1500 de nossa Era Crist\u00e3, o Hemisf\u00e9rio Norte provavelmente n\u00e3o sabia que existiam terras al\u00e9m da Linha do Equador.<br \/>\nAs expedi\u00e7\u00f5es portuguesas e espanholas tinham essa miss\u00e3o.<\/p>\n<p>Encontraram um novo c\u00e9u e uma nova terra. Geograficamente localizada abaixo da Linha do Equador, possui um c\u00e9u diferente e esta\u00e7\u00f5es clim\u00e1ticas caracter\u00edsticas e inversas.<br \/>\n<a href=\"https:\/\/fengshuilogico.com\/blog\/wp-content\/uploads\/2013\/08\/Terra-Ponta-cabe\u00e7a.jpg\"><img decoding=\"async\" class=\"aligncenter size-thumbnail wp-image-6645\" src=\"https:\/\/fengshuilogico.com\/blog\/wp-content\/uploads\/2013\/08\/Terra-Ponta-cabe\u00e7a-150x150.jpg\" alt=\"Terra - Ponta cabe\u00e7a\" width=\"150\" height=\"150\" srcset=\"https:\/\/fengshuilogico.com\/blog\/wp-content\/uploads\/2013\/08\/Terra-Ponta-cabe\u00e7a-150x150.jpg 150w, https:\/\/fengshuilogico.com\/blog\/wp-content\/uploads\/2013\/08\/Terra-Ponta-cabe\u00e7a-300x300.jpg 300w, https:\/\/fengshuilogico.com\/blog\/wp-content\/uploads\/2013\/08\/Terra-Ponta-cabe\u00e7a.jpg 550w\" sizes=\"(max-width: 150px) 100vw, 150px\" \/><\/a><br \/>\n<a href=\"https:\/\/fengshuilogico.com\/blog\/wp-content\/uploads\/2013\/08\/Terra.jpg\"><img decoding=\"async\" class=\"aligncenter size-thumbnail wp-image-6644\" src=\"https:\/\/fengshuilogico.com\/blog\/wp-content\/uploads\/2013\/08\/Terra-150x150.jpg\" alt=\"Terra\" width=\"150\" height=\"150\" srcset=\"https:\/\/fengshuilogico.com\/blog\/wp-content\/uploads\/2013\/08\/Terra-150x150.jpg 150w, https:\/\/fengshuilogico.com\/blog\/wp-content\/uploads\/2013\/08\/Terra-300x300.jpg 300w, https:\/\/fengshuilogico.com\/blog\/wp-content\/uploads\/2013\/08\/Terra.jpg 550w\" sizes=\"(max-width: 150px) 100vw, 150px\" \/><\/a><\/p>\n<p>De fato, a estrela Polar, estrela-guia do Norte, n\u00e3o \u00e9 vista do Hemisf\u00e9rio Sul, cuja estrela-guia \u00e9 apontada pela Constela\u00e7\u00e3o do Cruzeiro do Sul, pela Alpha-Crux. Muito interessante: as caravelas portuguesas e espanholas s\u00e3o guiadas pelo c\u00e9u e encontram no c\u00e9u do Hemisf\u00e9rio Sul o mesmo sinal do Cristianismo, a Cruz que possui eixos de tamanhos diferentes.<br \/>\n<a href=\"https:\/\/fengshuilogico.com\/blog\/wp-content\/uploads\/2009\/06\/cruzeiro-do-sul_1.jpg\"><img fetchpriority=\"high\" decoding=\"async\" class=\"alignright size-full wp-image-5919\" src=\"https:\/\/fengshuilogico.com\/blog\/wp-content\/uploads\/2009\/06\/cruzeiro-do-sul_1.jpg\" alt=\"cruzeiro do sul_1\" width=\"240\" height=\"210\" \/><\/a><br \/>\nVoltando no ano 300 de nossa Era, \u00e9 importante recordar que o Imperador Constantino iniciou a Era Crist\u00e3 com a vis\u00e3o do sinal da Cruz visto no c\u00e9u e as palavras: <em>Com este sinal vencer\u00e1s.<\/em>(sic) Por\u00e9m, \u00e9 importante ressaltar que o reconhecimento da Igreja Cat\u00f3lica pelo Imp\u00e9rio Romano n\u00e3o sabemos se est\u00e1 muito bem contada&#8230;<\/p>\n<p>Voltemos \u00e0 vis\u00e3o da Terra vista da Lua. Nosso planeta gira suavemente no espa\u00e7o. T\u00e3o suavemente quanto deveria ser viver nesse planeta, t\u00e3o belo. Se houvesse amor entre todos n\u00f3s.<br \/>\nNo entanto, a vida humana atingiu uma velocidade e uma desarmonia t\u00e3o perigosas quanto se viv\u00eassemos permanentemente em guerra, minando as del\u00edcias do viver.<\/p>\n<blockquote><p>Quando chegarem esses dias, voc\u00eas pensam que encontrar\u00e3o alguma f\u00e9 sobre a Terra?\u00a0 <em>Jesus Cristo<\/em><\/p><\/blockquote>\n<p>Nosso planeta \u00e9 iluminado de dia pelo Sol. Dia em uma metade do planeta. Noite na outra. Compreender e perceber as mudan\u00e7as que essa invers\u00e3o provoca s\u00e3o fundamentais para que nos integremos em nosso tempo e espa\u00e7o.<br \/>\nEssas condi\u00e7\u00f5es clim\u00e1ticas e geogr\u00e1ficas determinaram nossa Hist\u00f3ria. T\u00e3o opostas em cada metade.<\/p>\n<p>Durante muito tempo e at\u00e9 o ano de 1492 de nossa Era a metade Norte desenvolveu-se ignorando mesmo que houvesse a outra metade existindo com seus \u00edndios (Brasil) e a enigm\u00e1tica sabedoria da civiliza\u00e7\u00e3o inca (Per\u00fa), que conhecia a invers\u00e3o dos hemisf\u00e9rios.<br \/>\nAssim, para as civiliza\u00e7\u00f5es do Hemisf\u00e9rio Norte, a dire\u00e7\u00e3o Sul significava olhar para o Sol em seu trajeto Leste para Oeste di\u00e1rio.<br \/>\nComo um trov\u00e3o que cruzou o c\u00e9u do conhecimento da \u00e9poca de Norte para o Sul, e do Oriente para o Ocidente (o descobrimento da Am\u00e9rica do Norte) podemos dizer que foi um novo come\u00e7o para o nosso planeta.<\/p>\n<blockquote><p><strong>O descobrimento da Am\u00e9rica fez desmoronar uma ideia remota de que o mundo era constitu\u00eddo apenas por um bloco de tr\u00eas continentes: \u00c1sia, \u00c1frica e Europa, rodeado por um grande oceano.<br \/>\nCom a descoberta do Novo Mundo, Colombo marca uma nova era, que transformou de forma expressiva e irrevers\u00edvel a fisionomia do mundo, que se baseia nas rela\u00e7\u00f5es pol\u00edticas, econ\u00f4micas e sociais entre os povos ocidentais.<br \/>\nhttp:\/\/www.infoescola.com\/historia\/descobrimento-da-america\/<\/strong><\/p><\/blockquote>\n<p>O dom\u00ednio que seguiu infelizmente n\u00e3o foi nada crist\u00e3o, apesar dos r\u00f3tulos crist\u00e3os. A que podemos atribuir esse per\u00edodo t\u00e3o negro de domina\u00e7\u00e3o espanhola e portuguesa? Uma prov\u00e1vel resposta seria a imaturidade espiritual do poder religioso dominante. Da Igreja Cat\u00f3lica.<\/p>\n<p>Lentamente, a Europa foi se apossando das novas terras. Trouxeram o conhecimento j\u00e1 adquirido durante s\u00e9culos e como privil\u00e9gio de poucos. E assim foram instalados dois mundos onde haviam os dominadores e os que eram dominados, sem respeito real pelo mundo que encontraram.<\/p>\n<p>A Igreja foi fundada pelo Mestre do Amor. E agiu de forma muito lenta no desenvolvimento do amadurecimento da sabedoria espiritual necess\u00e1ria para ser de fato fermento nesse novo mundo. N\u00e3o se trata de sermos ju\u00edzes mas de compreendermos que sofremos ainda as consequ\u00eancias dessa falta de preparo para a\u00e7\u00f5es que honrem seu fundador.<br \/>\nMais ainda, precisamos entender que massa levedada \u00e9 uma massa onde n\u00e3o se distingue o fermento dela mesma. Assim como uma comida que foi salgada, n\u00e3o sendo poss\u00edvel separar o sal do alimento. Essa \u00e9 a ideia: o poder \u00e9 um s\u00f3 e deve ser exercido levando em considera\u00e7\u00e3o o Amor, sempre. Meus estudos levaram-me \u00e0 compreens\u00e3o de que o Amor \u00e9 uma ci\u00eancia profunda capaz de ter a solu\u00e7\u00e3o a curto, m\u00e9dio e longo prazo para os sofrimentos humanos, de acordo com sua gravidade.<\/p>\n<p>Pouco mais de 500 anos depois, vemos que o Hemisf\u00e9rio Sul cresceu como col\u00f4nia cultural. Mais recentemente, come\u00e7am a surgir no meio de n\u00f3s vozes que alertam para o ajuste. A massa humana que habita aqui precisa ser iluminada pelo Sol do Novo Mundo.<br \/>\nH\u00e1 muito a ser feito. Mas s\u00f3 a Luz do Conhecimento unido ao sentimento de que somos todos irm\u00e3os, temos um s\u00f3 Pai, pode fazer o milagre de tornar nosso Planeta habitado por seres humanos que vivem de acordo com o ritmo suave com que nossa Casa Maior desliza pelo Espa\u00e7o.<\/p>\n<p>E como nada \u00e9 por acaso, a nossa bandeira atual possui o Cruzeiro do Sul em destaque, mostrando a import\u00e2ncia do C\u00e9u em nossa hist\u00f3ria.<br \/>\nQue o Reino do C\u00e9u tamb\u00e9m possa fazer parte de nossos cora\u00e7\u00f5es.<\/p>\n<p><em>A Pachamama, nossa M\u00e3e Terra, est\u00e1 nos ensinando.<br \/>\nMas ainda poucos de seus filhos est\u00e3o com os olhos abertos&#8230;<\/em><\/p>\n<blockquote><p>Importante: No dia 09 de julho de 2015, o Papa Francisco disse:<br \/>\n&#8220;Pe\u00e7o perd\u00e3o, n\u00e3o apenas pelas ofensas da pr\u00f3pria igreja como pelos crimes contra os povos origin\u00e1rios durante a chamada conquista da Am\u00e9rica&#8221;. Folha de S. Paulo, 10 de julho de 2015<\/p><\/blockquote>\n<p>Stela Vecchi<\/p>\n<div class=\"jeg_video_container jeg_video_content\"><iframe title=\"Falta AMOR na Bandeira do Brasil?  #espiritualidade #brasil #amor\" width=\"500\" height=\"281\" src=\"https:\/\/www.youtube.com\/embed\/GJaHHISzN4I?feature=oembed\" frameborder=\"0\" allow=\"accelerometer; autoplay; clipboard-write; encrypted-media; gyroscope; picture-in-picture; web-share\" allowfullscreen><\/iframe><\/div>\n<p>Baseado no livro <em>No C\u00e9u do Hemisf\u00e9rio Sul &#8211; Brasil, um Novo Come\u00e7o<\/em> de Stela Vecchi<br \/>\n<a href=\"https:\/\/fengshuilogico.com\/blog\/wp-content\/uploads\/2012\/07\/Capa_1_No_Ceu_-do_Hemisferio_Sul.jpg\"><img loading=\"lazy\" decoding=\"async\" class=\"aligncenter size-medium wp-image-3625\" src=\"https:\/\/fengshuilogico.com\/blog\/wp-content\/uploads\/2012\/07\/Capa_1_No_Ceu_-do_Hemisferio_Sul-207x300.jpg\" alt=\"Capa_1_No_Ceu_ do_Hemisferio_Sul\" width=\"207\" height=\"300\" srcset=\"https:\/\/fengshuilogico.com\/blog\/wp-content\/uploads\/2012\/07\/Capa_1_No_Ceu_-do_Hemisferio_Sul-207x300.jpg 207w, https:\/\/fengshuilogico.com\/blog\/wp-content\/uploads\/2012\/07\/Capa_1_No_Ceu_-do_Hemisferio_Sul-707x1024.jpg 707w, https:\/\/fengshuilogico.com\/blog\/wp-content\/uploads\/2012\/07\/Capa_1_No_Ceu_-do_Hemisferio_Sul.jpg 1190w\" sizes=\"(max-width: 207px) 100vw, 207px\" \/><\/a><\/p>\n<p>Leia o livro na \u00edntegra:<br \/>\n<a href=\"https:\/\/fengshuilogico.com\/blog\/wp-content\/uploads\/2023\/05\/No-Ceu-do-Hemisferio-Sul-21_11.pdf\" target=\"_blank\" rel=\"noopener\">https:\/\/fengshuilogico.com\/blog\/wp-content\/uploads\/2023\/05\/No-Ceu-do-Hemisferio-Sul-21_11.pdf<\/a><\/p>\n<p>&nbsp;<\/p>\n<blockquote class=\"wp-embedded-content\" data-secret=\"80zDSYtalK\"><p><a href=\"https:\/\/fengshuilogico.com\/blog\/2008\/10\/10\/bandeira-do-brasil-por-que-as-estrelas-estao-invertidas\/\">Bandeira do Brasil: por que as estrelas est\u00e3o invertidas?<\/a><\/p><\/blockquote>\n<p><iframe class=\"wp-embedded-content\" sandbox=\"allow-scripts\" security=\"restricted\" style=\"position: absolute; clip: rect(1px, 1px, 1px, 1px);\" title=\"&#8220;Bandeira do Brasil: por que as estrelas est\u00e3o invertidas?&#8221; &#8212; Feng Shui L\u00f3gico - M\u00e9todo Solar Stela Vecchi\" src=\"https:\/\/fengshuilogico.com\/blog\/2008\/10\/10\/bandeira-do-brasil-por-que-as-estrelas-estao-invertidas\/embed\/#?secret=Wyn5YxJn4O#?secret=80zDSYtalK\" data-secret=\"80zDSYtalK\" width=\"500\" height=\"282\" frameborder=\"0\" marginwidth=\"0\" marginheight=\"0\" scrolling=\"no\"><\/iframe><\/p>\n<p>&nbsp;<\/p>\n<figure class=\"wp-block-embed is-type-wp-embed is-provider-feng-shui-logico-metodo-solar-stela-vecchi wp-block-embed-feng-shui-logico-metodo-solar-stela-vecchi\">\n<div class=\"wp-block-embed__wrapper\"><\/div>\n<\/figure>\n<p><!-- \/wp:embed --><\/p>\n","protected":false},"excerpt":{"rendered":"<p>Este titulo tem a inten\u00e7\u00e3o de nos fazer pensar sobre nossa realidade atual: diante do que este pa\u00eds maravilhoso tem para nos proporcionar, com recursos naturais privilegiados, podemos entender que ele de fato n\u00e3o foi descoberto por n\u00f3s, o povo que o habita. A falta de consenso sobre o que \u00e9 Bem Comum e a [&hellip;]<\/p>\n","protected":false},"author":6,"featured_media":20165,"comment_status":"open","ping_status":"open","sticky":false,"template":"","format":"standard","meta":{"footnotes":""},"categories":[37,1072,38,43],"tags":[1099,799,801,800,1100],"_links":{"self":[{"href":"https:\/\/fengshuilogico.com\/blog\/wp-json\/wp\/v2\/posts\/524"}],"collection":[{"href":"https:\/\/fengshuilogico.com\/blog\/wp-json\/wp\/v2\/posts"}],"about":[{"href":"https:\/\/fengshuilogico.com\/blog\/wp-json\/wp\/v2\/types\/post"}],"author":[{"embeddable":true,"href":"https:\/\/fengshuilogico.com\/blog\/wp-json\/wp\/v2\/users\/6"}],"replies":[{"embeddable":true,"href":"https:\/\/fengshuilogico.com\/blog\/wp-json\/wp\/v2\/comments?post=524"}],"version-history":[{"count":3,"href":"https:\/\/fengshuilogico.com\/blog\/wp-json\/wp\/v2\/posts\/524\/revisions"}],"predecessor-version":[{"id":26944,"href":"https:\/\/fengshuilogico.com\/blog\/wp-json\/wp\/v2\/posts\/524\/revisions\/26944"}],"wp:featuredmedia":[{"embeddable":true,"href":"https:\/\/fengshuilogico.com\/blog\/wp-json\/wp\/v2\/media\/20165"}],"wp:attachment":[{"href":"https:\/\/fengshuilogico.com\/blog\/wp-json\/wp\/v2\/media?parent=524"}],"wp:term":[{"taxonomy":"category","embeddable":true,"href":"https:\/\/fengshuilogico.com\/blog\/wp-json\/wp\/v2\/categories?post=524"},{"taxonomy":"post_tag","embeddable":true,"href":"https:\/\/fengshuilogico.com\/blog\/wp-json\/wp\/v2\/tags?post=524"}],"curies":[{"name":"wp","href":"https:\/\/api.w.org\/{rel}","templated":true}]}}