{"id":498,"date":"2010-09-01T17:36:12","date_gmt":"2010-09-01T20:36:12","guid":{"rendered":"https:\/\/fengshuilogico.com\/blog\/2010\/09\/01\/semana-da-patria\/"},"modified":"2017-07-05T16:59:23","modified_gmt":"2017-07-05T19:59:23","slug":"feng-shui-no-brasil","status":"publish","type":"post","link":"https:\/\/fengshuilogico.com\/blog\/2010\/09\/01\/feng-shui-no-brasil\/","title":{"rendered":"Feng Shui L\u00f3gico no Brasil &#8211; Renova\u00e7\u00e3o da Educa\u00e7\u00e3o"},"content":{"rendered":"<figure id=\"attachment_10335\" aria-describedby=\"caption-attachment-10335\" style=\"width: 640px\" class=\"wp-caption aligncenter\"><img fetchpriority=\"high\" decoding=\"async\" src=\"https:\/\/fengshuilogico.com\/blog\/wp-content\/uploads\/2015\/11\/Ba-gu\u00e1-no-Brasil-1024x725.jpg\" alt=\"\" width=\"640\" height=\"453\" class=\"size-large wp-image-10335\" srcset=\"https:\/\/fengshuilogico.com\/blog\/wp-content\/uploads\/2015\/11\/Ba-gu\u00e1-no-Brasil-1024x725.jpg 1024w, https:\/\/fengshuilogico.com\/blog\/wp-content\/uploads\/2015\/11\/Ba-gu\u00e1-no-Brasil-300x212.jpg 300w\" sizes=\"(max-width: 640px) 100vw, 640px\" \/><figcaption id=\"caption-attachment-10335\" class=\"wp-caption-text\">Feng Shui<br \/>Mapa do Brasil<br \/><\/figcaption><\/figure>\n<p><strong>RENOVA\u00c7\u00c3O da EDUCA\u00c7\u00c3O para diminuir o abismo cultural entre os brasileiros<\/strong><\/p>\n<blockquote><p>do extremo Norte &#8211; nascente do rio Ail\u00e3, no Monte Cabura\u00ed (RR),<br \/>\nao extremo Sul \u2013 uma curva do arroio Chu\u00ed (RS);<!--more--><!--more--><br \/>\ne do Extremo Leste \u2013 Ponta Seixas (PB),<br \/>\nao extremo Oeste \u2013 nascente do rio Moa, na serra da Contamana ( AC).<\/p><\/blockquote>\n<p>Educa\u00e7\u00e3o Ambiental \u00e9 a chave para uma nova humanidade, nesse assunto complexo que \u00e9 a educa\u00e7\u00e3o.<\/p>\n<p>A forma como somos afetados por ela em nossas vidas e como isso se reflete na sociedade \u00e9 evidente, podendo fazer toda diferen\u00e7a em um futuro n\u00e3o t\u00e3o distante na colabora\u00e7\u00e3o pela vida sustent\u00e1vel do Planeta Terra, seriamente amea\u00e7ada.<br \/>\nPartimos do princ\u00edpio de que cada na\u00e7\u00e3o que resolve  seus problemas internos contribui de fato para o advento da Justi\u00e7a (e do Equil\u00edbrio) , base para o verdadeiro Amor e para a constru\u00e7\u00e3o da Paz no seio do povo e do mundo.<\/p>\n<p>O meio mais eficaz \u00e9 atrav\u00e9s da Educa\u00e7\u00e3o P\u00fablica, que tem como miss\u00e3o formar um povo cada vez mais consciente e saud\u00e1vel. Come\u00e7ando pelos professores, vetores do conhecimento.<br \/>\nA Renova\u00e7\u00e3o da Educa\u00e7\u00e3o tem como  lema <em>diminuir o abismo cultural entre os brasileiros.<\/em> e contribuir para a evolu\u00e7\u00e3o sadia de  nosso povo brasileiro.<\/p>\n<p>Nossa proposta consiste em dois itens b\u00e1sicos:<\/p>\n<p>\u2022\tAtrav\u00e9s de palestras e viv\u00eancias, fornecer ao professor da Rede P\u00fablica informa\u00e7\u00f5es atualizadas sobre a diversidade das naturezas humanas e sobre Equil\u00edbrio Pessoal. Nossa meta \u00e9 cuidar do professor e ap\u00f3ia-lo em sua miss\u00e3o de  educador, verdadeiro vetor para a transforma\u00e7\u00e3o social.<br \/>\nO estudo dos s\u00edmbolos nacionais sobre um novo ponto de vista, descrito no livro No C\u00e9u do Hemisf\u00e9rio Sul \u2013 Brasil, um Novo Come\u00e7o, e a proposta para uma renova\u00e7\u00e3o da Educa\u00e7\u00e3o est\u00e3o no programa tamb\u00e9m.<br \/>\nO estudo b\u00e1sico da Astronomia, com a finalidade de compreender nossa bandeira nacional, ser\u00e1 um fator determinante na cria\u00e7\u00e3o de uma nova consci\u00eancia ambiental.<br \/>\n\u2022\tRevitalizar os pr\u00e9dios das escolas atrav\u00e9s de medidas simples de equil\u00edbrio ambiental e de baixo custo a fim de gerar um novo \u00e2nimo nos profissionais da educa\u00e7\u00e3o, nos alunos e pais de alunos.<\/p>\n<p> Precisamos estudar os s\u00edmbolos que nos representam para compreendermos mais sobre nosso povo e sua identidade c\u00f3smica<\/p>\n<p><strong>O Significado Oculto das Estrelas na Bandeira Brasileira<\/strong><\/p>\n<p>Cada povo possui suas caracter\u00edsticas e sua voca\u00e7\u00e3o desenhadas em um s\u00edmbolo amado por todos que nascem e vivem em seu territ\u00f3rio: a bandeira nacional.<br \/>\nNossa bandeira \u00e9 riqu\u00edssima em sua mensagem, revelando uma miss\u00e3o capaz de emanar para todo o planeta uma grande luz neste est\u00e1gio delicado que a humanidade atravessa em busca de valores que justifiquem a grandeza da vida humana em seu verdadeiro objetivo evolutivo: a integra\u00e7\u00e3o c\u00f3smica.<\/p>\n<p>Nossa bandeira possui em destaque a Constela\u00e7\u00e3o do Cruzeiro do Sul que tem como fun\u00e7\u00e3o apontar o P\u00f3lo Celeste Sul.<br \/>\nVisto aqui da Terra, vemos a estrela intrometida do Cruzeiro do Sul (que representa o Estado do Esp\u00edrito Santo)  \u00e0 direita.<br \/>\nEm nossa bandeira ela est\u00e1 \u00e0 esquerda. <em>Por qu\u00ea?<\/em><\/p>\n<p>A raz\u00e3o \u00e9 que ela retrata o C\u00e9u do Rio de Janeiro \u00e0s 8h32 da manh\u00e3, hora e local da Proclama\u00e7\u00e3o da Rep\u00fablica (era dia, as estrelas n\u00e3o estavam vis\u00edveis j\u00e1 que o brilho do Sol as encobria) e foi consultado um astr\u00f4nomo que usou uma esfera armilar.<\/p>\n<p>Conhe\u00e7a o porqu\u00ea dessa hist\u00f3ria de um outro ponto de vista, do C\u00e9u de nosso hemisf\u00e9rio.<br \/>\nVoc\u00ea vai se surpreender com uma nova interpreta\u00e7\u00e3o das estrelas invertidas&#8230;<br \/>\nCom a frase original da faixa: Amor por princ\u00edpio, Ordem por base e Progresso por fim.<br \/>\nE com o destino do Brasil&#8230;<\/p>\n<p>      Falta Amor em nossa bandeira para que o Brasil  tenha um Novo Come\u00e7o,<br \/>\n      Rumo ao seu desenvolvimento homog\u00eaneo e \u00e0 constru\u00e7\u00e3o da Paz Social.<\/p>\n<p>https:\/\/www.youtube.com\/watch?v=xHbytn93awE<\/p>\n<p><strong>Leia o livro na \u00edntegra:<\/strong><\/p>\n<p><a href=\"https:\/\/fengshuilogico.com\/blog\/wp-content\/uploads\/2012\/07\/Capa_1_No_Ceu_-do_Hemisferio_Sul.jpg\"><img decoding=\"async\" src=\"https:\/\/fengshuilogico.com\/blog\/wp-content\/uploads\/2012\/07\/Capa_1_No_Ceu_-do_Hemisferio_Sul-207x300.jpg\" alt=\"\" title=\"Capa_1_No_Ceu_ do_Hemisferio_Sul\" width=\"207\" height=\"300\" class=\"aligncenter size-medium wp-image-3625\" srcset=\"https:\/\/fengshuilogico.com\/blog\/wp-content\/uploads\/2012\/07\/Capa_1_No_Ceu_-do_Hemisferio_Sul-207x300.jpg 207w, https:\/\/fengshuilogico.com\/blog\/wp-content\/uploads\/2012\/07\/Capa_1_No_Ceu_-do_Hemisferio_Sul-707x1024.jpg 707w, https:\/\/fengshuilogico.com\/blog\/wp-content\/uploads\/2012\/07\/Capa_1_No_Ceu_-do_Hemisferio_Sul.jpg 1190w\" sizes=\"(max-width: 207px) 100vw, 207px\" \/><\/a><\/p>\n<p><strong>Acesse o link para download do livro:<\/strong><\/p>\n<p><a href=\"https:\/\/fengshuilogico.com\/blog\/wp-content\/uploads\/2023\/05\/No-Ceu-do-Hemisferio-Sul-21_11.pdf\" target=\"_blank\"><strong>Download Gr\u00e1tis \u2013 Livro NO C\u00c9U DO HEMISF\u00c9RIO SUL &#8211; Brasil, um Novo Come\u00e7o, de Stela Vecchi<\/strong><\/a><\/p>\n<p>Veja tamb\u00e9m:<br \/>\n<strong>https:\/\/fengshuilogico.com\/blog\/2009\/03\/14\/quem-mora-na-linha-do-equador-deve-usar-o-bagua-para-o-hemisferio-norte-ou-sul\/<\/strong><\/p>\n<p>INSCREVA-SE em nosso canal no YOUTUBE e receba v\u00eddeos atualizados com dicas e orienta\u00e7\u00f5es:<\/p>\n<p><strong> <a href=\"https:\/\/www.youtube.com\/watch?v=vpM0ZbpTA7s\"target=\"a_blank\"> Inscreva-se Canal Youtube\/Feng Shui L\u00f3gico<\/a><\/strong><\/p>\n<blockquote><p>      As melhores energias v\u00eam do amor pela Vida, pelo nosso planeta, pelo nosso solo, pela nossa gente e por n\u00f3s mesmos. Tudo o mais \u00e9 consequ\u00eancia disso.<\/p><\/blockquote>\n<p><strong> <a href=\"http:\/\/loja.fengshuilogico.com\/index.php\/livro-feng-shui-logico-comprar\/livro-feng-shui-logico.html\"target=\"a_blank\"> Livro Feng Shui L\u00f3gico, Stela Vecchi, \u00cdcone Editora, 2004 &#8211; Compre aqui:<\/a><\/strong><\/p>\n<p><a href=\"https:\/\/fengshuilogico.com\/blog\/wp-content\/uploads\/2009\/05\/feng-shui-logico-stela-vecchi-icone-editora.png\"><img decoding=\"async\" src=\"https:\/\/fengshuilogico.com\/blog\/wp-content\/uploads\/2009\/05\/feng-shui-logico-stela-vecchi-icone-editora-205x300.png\" alt=\"feng-shui-logico-stela-vecchi-icone-editora\" width=\"205\" height=\"300\" class=\"aligncenter size-medium wp-image-7586\" srcset=\"https:\/\/fengshuilogico.com\/blog\/wp-content\/uploads\/2009\/05\/feng-shui-logico-stela-vecchi-icone-editora-205x300.png 205w, https:\/\/fengshuilogico.com\/blog\/wp-content\/uploads\/2009\/05\/feng-shui-logico-stela-vecchi-icone-editora.png 343w\" sizes=\"(max-width: 205px) 100vw, 205px\" \/><\/a><\/p>\n<p><strong> <a href=\"https:\/\/fengshuilogico.com\/blog\/2012\/10\/02\/como-nasceu-o-feng-shui-logico-e-a-adaptacao-do-ba-gua-para-o-hemisferio-sul\/\"target=\"a_blank\"> A hist\u00f3ria do Feng Shui L\u00f3gico: como nasceu a adapta\u00e7\u00e3o do Ba-gu\u00e1 para o Hemisf\u00e9rio Sul?<\/a><\/strong><\/p>\n<blockquote><p>Loja Feng Shui L\u00f3gico &#8211; M\u00e9todo Solar das Quatro Esta\u00e7\u00f5es MSQE:<br \/>\nBolas de cristal facetado com o cord\u00e3o vermelho; ba-gu\u00e1s (exclusivo) para o Hemisf\u00e9rio Sul; livros e apostilas de Feng Shui L\u00f3gico e mais:<\/p><\/blockquote>\n<p><strong> <a href=\"http:\/\/loja.fengshuilogico.com\/\"target=\"_blank\"> Loja Feng Shui L\u00f3gico <\/strong><\/a><br \/>\n<strong>Confira o Programa do Curso B\u00e1sico em nosso Website:<\/strong><br \/>\n<strong><a href=\"https:\/\/loja.fengshuilogico.com\/curso-basico-feng-shui-logico-online-completo-com-video-chamada-p154\"target=\"_blank\">Programa Curso B\u00e1sico de Feng Shui L\u00f3gico<\/a><\/strong><br \/>\nParticipe dos cursos ministrados por Stela Vecchi:<br \/>\n<strong>Feng Shui L\u00f3gico: Curso B\u00e1sico, Avan\u00e7ado e Profissionalizante<\/strong><br \/>\nNos cursos de Feng Shui L\u00f3gico voc\u00ea recebe informa\u00e7\u00f5es que ser\u00e3o \u00fateis para toda sua vida!<\/p>\n<p><strong>Visite tamb\u00e9m o site: <a href=\"http:\/\/www.fengshuilogico.com\" target=\"_blank\">www.fengshuilogico.com<\/a><\/strong><\/p>\n","protected":false},"excerpt":{"rendered":"<p>RENOVA\u00c7\u00c3O da EDUCA\u00c7\u00c3O para diminuir o abismo cultural entre os brasileiros do extremo Norte &#8211; nascente do rio Ail\u00e3, no Monte Cabura\u00ed (RR), ao extremo Sul \u2013 uma curva do arroio Chu\u00ed (RS);<\/p>\n","protected":false},"author":6,"featured_media":0,"comment_status":"open","ping_status":"open","sticky":false,"template":"","format":"standard","meta":{"footnotes":""},"categories":[38],"tags":[1804,1805],"_links":{"self":[{"href":"https:\/\/fengshuilogico.com\/blog\/wp-json\/wp\/v2\/posts\/498"}],"collection":[{"href":"https:\/\/fengshuilogico.com\/blog\/wp-json\/wp\/v2\/posts"}],"about":[{"href":"https:\/\/fengshuilogico.com\/blog\/wp-json\/wp\/v2\/types\/post"}],"author":[{"embeddable":true,"href":"https:\/\/fengshuilogico.com\/blog\/wp-json\/wp\/v2\/users\/6"}],"replies":[{"embeddable":true,"href":"https:\/\/fengshuilogico.com\/blog\/wp-json\/wp\/v2\/comments?post=498"}],"version-history":[{"count":0,"href":"https:\/\/fengshuilogico.com\/blog\/wp-json\/wp\/v2\/posts\/498\/revisions"}],"wp:attachment":[{"href":"https:\/\/fengshuilogico.com\/blog\/wp-json\/wp\/v2\/media?parent=498"}],"wp:term":[{"taxonomy":"category","embeddable":true,"href":"https:\/\/fengshuilogico.com\/blog\/wp-json\/wp\/v2\/categories?post=498"},{"taxonomy":"post_tag","embeddable":true,"href":"https:\/\/fengshuilogico.com\/blog\/wp-json\/wp\/v2\/tags?post=498"}],"curies":[{"name":"wp","href":"https:\/\/api.w.org\/{rel}","templated":true}]}}