{"id":489,"date":"2010-08-01T10:34:32","date_gmt":"2010-08-01T13:34:32","guid":{"rendered":"https:\/\/fengshuilogico.com\/blog\/2010\/08\/01\/jesus-cristo-e-a-declaracao-universal-dos-direitos-do-homem\/"},"modified":"2024-12-06T01:06:56","modified_gmt":"2024-12-06T04:06:56","slug":"jesus-cristo-precursor-dos-direitos-humanos","status":"publish","type":"post","link":"https:\/\/fengshuilogico.com\/blog\/2010\/08\/01\/jesus-cristo-precursor-dos-direitos-humanos\/","title":{"rendered":"Jesus Cristo, precursor da Declara\u00e7\u00e3o dos Direitos Humanos (1948)"},"content":{"rendered":"<p><strong>Tomando ci\u00eancia da realidade humana<\/strong><\/p>\r\n<p><em>A vida \u00e9 um tecido interligado. Fazemos parte de um todo maior.<\/em><\/p>\r\n<p>O que afeta a um, afeta a todos, mesmo que ainda poucos possam perceber essa verdade em si mesmos.<\/p>\r\n<p><em>A fraternidade e o amor \u00e0 Natureza ser\u00e1 o maior sinal da intelig\u00eancia humana.<\/em><a href=\"https:\/\/fengshuilogico.com\/blog\/wp-content\/uploads\/2010\/08\/plenitude1.png\"><!-- \/wp:paragraph -->\r\n\r\n<!-- wp:list --><\/a><\/p>\r\n<ul class=\"wp-block-list\"><!-- wp:list-item -->\r\n<li>Orar, unir nossa alma \u00e0 alma da Cria\u00e7\u00e3o:<\/li>\r\n<!-- \/wp:list-item --><\/ul>\r\n<p>Orar \u00e9 elevar nossa alma. S\u00f3 quando nosso cora\u00e7\u00e3o est\u00e1 presente, unido \u00e0s nossas palavras \u00e9 que a nossa<br \/>ora\u00e7\u00e3o, como a fuma\u00e7a de um incenso, atinge as alturas.<br \/><br \/><\/p>\r\n<p><a href=\"https:\/\/fengshuilogico.com\/blog\/wp-content\/uploads\/2010\/08\/plenitude1.png\"><!-- \/wp:paragraph --><img fetchpriority=\"high\" decoding=\"async\" class=\"size-full wp-image-6733 aligncenter\" src=\"https:\/\/fengshuilogico.com\/blog\/wp-content\/uploads\/2010\/08\/plenitude1.png\" alt=\"plenitude\" width=\"259\" height=\"194\" \/><\/a>Nasci em 1954. Poucos anos ap\u00f3s o final da 2\u00aa Guerra Mundial. O mundo vivia um misto de euforia pelo fim de tantos sofrimentos e um momento de reconstru\u00e7\u00e3o.<br \/>Um esp\u00edrito de revaloriza\u00e7\u00e3o da vida, um novo come\u00e7o.<br \/><br \/>Em 1948 surge em nosso horizonte humano a luz da uni\u00e3o entre tudo e todos. Marca o in\u00edcio da Fam\u00edlia C\u00f3smica.<\/p>\r\n<p>Fruto do aprendizado gerado pelos sofrimentos causados pelas I e II Guerras Mundiais, nasce a Declara\u00e7\u00e3o Universal dos Direitos do Homem. <br \/>A fam\u00edlia c\u00f3smica j\u00e1 \u00e9 o presente da Humanidade.<br \/>Muito embora ainda n\u00e3o tenha sido implantada de fato entre n\u00f3s a pr\u00e1tica dessas ideias.<\/p>\r\n<blockquote>\r\n<p>Esse \u00e9 o grande in\u00edcio da Nova Era entre o n\u00f3s.<br \/>No plano mental, <em>no plano das id\u00e9ias<\/em>, est\u00e1 forjada a Nova Humanidade.<br \/>Nossa a\u00e7\u00e3o coletiva \u00e9 fruto de nossa concep\u00e7\u00e3o e a\u00e7\u00e3o individual, retardando ou apressando a materializa\u00e7\u00e3o efetiva dessa realidade.<\/p>\r\n<\/blockquote>\r\n<p><br \/><!-- wp:paragraph --><strong><em>Em 1948 nascia a Declara\u00e7\u00e3o dos Direitos Universais do Homem. <\/em><\/strong><\/p>\r\n<p><em>O mundo j\u00e1 sabia o que fazer para que a fraternidade ditasse o novo jeito de viver.<\/em><strong><em><br \/><br \/>Jesus Cristo, o precursor da Declara\u00e7\u00e3o dos Direitos Humanos<\/em><\/strong><\/p>\r\n<p><!-- \/wp:paragraph -->\r\n\r\n<!-- wp:paragraph --><\/p>\r\n<p>E as palavras de Jesus Cristo, ditas quase 2000 anos antes desta Declara\u00e7\u00e3o,<br \/><em>Amai-vos uns aos outros como Eu vos amei,<\/em> s\u00e3o muito semelhantes a essas:<\/p>\r\n<p><em><strong><br \/>Pre\u00e2mbulo<\/strong><\/em><\/p>\r\n<p>CONSIDERANDO que o reconhecimento da dignidade inerente a todos os membros da fam\u00edlia humana e de seus direitos iguais e inalien\u00e1veis \u00e9 o fundamento da liberdade, da justi\u00e7a e da paz no mundo, CONSIDERANDO que o desprezo e o desrespeito pelos direitos do homem resultaram em atos b\u00e1rbaros que ultrajaram a consci\u00eancia da Humanidade, e que o advento de um mundo em que os homens gozem de liberdade de palavra, de cren\u00e7a e da liberdade de viverem a salvo do temor e da necessidade foi proclamado como a mais alta aspira\u00e7\u00e3o do homem comum, CONSIDERANDO ser essencial que os direitos do homem sejam protegidos pelo imp\u00e9rio da lei, para que o homem n\u00e3o seja compelido, como \u00faltimo recurso, \u00e0 rebeli\u00e3o contra a tirania e a agress\u00e3o, CONSIDERANDO ser essencial promover o desenvolvimento de rela\u00e7\u00f5es amistosas entre as na\u00e7\u00f5es, CONSIDERANDO que os povos das Na\u00e7\u00f5es Unidas reafirmaram, na Carta, sua f\u00e9 nos direitos fundamentais do homem, na dignidade e no valor da pessoa humana, e na igualdade de direitos do homem e da mulher, e que decidiram promover o progresso social e melhores condi\u00e7\u00f5es de vida em uma liberdade mais ampla, CONSIDERANDO que os Estados-Membros se comprometeram a promover, em coopera\u00e7\u00e3o com as Na\u00e7\u00f5es Unidas , o respeito universal aos direitos e liberdades fundamentais do homem e a observ\u00e2ncia desses direitos e liberdades, CONSIDERANDO que <strong>uma compreens\u00e3o comum desses direitos e liberdades \u00e9 da mais alta import\u00e2ncia para o pleno cumprimento desse compromisso<\/strong>, Agora, portanto,<\/p>\r\n<p>A ASSEMBL\u00c9IA GERAL proclama A PRESENTE DECLARA\u00c7\u00c3O UNIVERSAL DOS DIREITOS DO HOMEM <strong>como o ideal comum <\/strong>a ser atingido por todos os povos e todas as na\u00e7\u00f5es, com o objetivo de cada indiv\u00edduo e cada \u00f3rg\u00e3o da sociedade, tendo sempre em mente esta Declara\u00e7\u00e3o,<strong> se esforce, atrav\u00e9s do ensino e da educa\u00e7\u00e3o<\/strong>, por promover o respeito a esses direitos e liberdades, e, pela ado\u00e7\u00e3o de medidas progressivas de car\u00e1ter nacional e internacional, por assegurar o seu reconhecimento e a sua observ\u00e2ncia universais e efetivos tanto ente os povos dos pr\u00f3prios Estados-Membros quanto entre os povos dos territ\u00f3rios sob sua jurisdi\u00e7\u00e3o.<\/p>\r\n<p>Artigo I \u2013 Todos os homens nascem livres e iguais em dignidade e direitos. <strong>S\u00e3o dotados de raz\u00e3o e consci\u00eancia e devem agir em rela\u00e7\u00e3o uns aos outros com esp\u00edrito de fraternidade.*<\/strong> Artigo II \u2013 1. Todo homem tem capacidade para gozar os direitos e as liberdades estabelecidos nesta Declara\u00e7\u00e3o, sem distin\u00e7\u00e3o de qualquer esp\u00e9cie, seja de ra\u00e7a, cor, sexo, l\u00edngua, religi\u00e3o, opini\u00e3o pol\u00edtica ou de outra natureza, origem nacional ou social, riqueza ou qualquer outra condi\u00e7\u00e3o.<br \/>2. N\u00e3o ser\u00e1 tamb\u00e9m feita nenhuma distin\u00e7\u00e3o fundada na condi\u00e7\u00e3o pol\u00edtica, jur\u00eddica ou internacional do pa\u00eds ou territ\u00f3rio a que perten\u00e7a uma pessoa, quer se trate de um territ\u00f3rio independente sob tutela, sem governo pr\u00f3prio, quer sujeito a qualquer outra limita\u00e7\u00e3o de soberania.<br \/>Artigo III \u2013 Todo homem tem direito \u00e0 vida, \u00e0 liberdade e \u00e0 seguran\u00e7a pessoal.<\/p>\r\n<p><em><strong>Nota:<\/strong> A palavra homem poderia ser substitu\u00edda por pessoa, abrangendo melhor a ideia de homem ou mulher.<\/em><\/p>\r\n<p><strong>Transcrevo aqui essa ora\u00e7\u00e3o chamada de A Grande Invoca\u00e7\u00e3o <br \/>(Alice Bailey, O Reaparecimento de Cristo, 1948)<\/strong><\/p>\r\n<p>Do ponto de Luz na Mente de Deus,<\/p>\r\n<p>Flua luz \u00e0 mente dos homens;<\/p>\r\n<p>Que a Luz des\u00e7a \u00e0 Terra<\/p>\r\n<p>Do ponto de Amor no Cora\u00e7\u00e3o de Deus,<\/p>\r\n<p>Flua amor aos cora\u00e7\u00f5es dos homens;<\/p>\r\n<p>Que o Cristo volte \u00e0 Terra,<\/p>\r\n<p>Do centro onde a Vontade de Deus \u00e9 conhecida,<\/p>\r\n<p>Guie o prop\u00f3sito as pequenas vontades dos homens,<\/p>\r\n<p>O prop\u00f3sito que os Mestres conhecem e a que servem.<\/p>\r\n<p>Do centro a que chamamos a ra\u00e7a dos homens,<\/p>\r\n<p>Cumpra-se o Plano de Amor e de Luz<\/p>\r\n<p>E cerre-se a porta onde mora o mal.<\/p>\r\n<p>Que a Luz, o Amor e o Poder restabele\u00e7am o Plano na Terra.<br \/><br \/><\/p>\r\n<p><div class=\"jeg_video_container jeg_video_content\"><iframe title=\"A Grande Invoca\u00e7\u00e3o Alice Bailey -  Pelo fim de todas as guerras #jesus #paz  #espiritualidade\" width=\"500\" height=\"281\" src=\"https:\/\/www.youtube.com\/embed\/_mCdikNglqc?feature=oembed\" frameborder=\"0\" allow=\"accelerometer; autoplay; clipboard-write; encrypted-media; gyroscope; picture-in-picture; web-share\" referrerpolicy=\"strict-origin-when-cross-origin\" allowfullscreen><\/iframe><\/div><\/p>\r\n<p>&nbsp;<\/p>\r\n<p><div class=\"jeg_video_container jeg_video_content\"><iframe title=\"Era de Aqu\u00e1rio, a grande depura\u00e7\u00e3o do Amor em n\u00f3s   #jesus #espiritualidade\" width=\"500\" height=\"281\" src=\"https:\/\/www.youtube.com\/embed\/7aidAbwO-oM?feature=oembed\" frameborder=\"0\" allow=\"accelerometer; autoplay; clipboard-write; encrypted-media; gyroscope; picture-in-picture; web-share\" referrerpolicy=\"strict-origin-when-cross-origin\" allowfullscreen><\/iframe><\/div><\/p>\r\n<p>INSCREVA-SE em nosso canal no YOUTUBE e receba v\u00eddeos atualizados com dicas e orienta\u00e7\u00f5es:<\/p>\r\n<p><strong> <a href=\"https:\/\/www.youtube.com\/watch?v=vpM0ZbpTA7s\" target=\"a_blank\" rel=\"noopener noreferrer\"> Inscreva-se Canal Youtube\/Feng Shui L\u00f3gico<\/a><\/strong><\/p>\r\n<blockquote>\r\n<p>As melhores energias v\u00eam do amor pela Vida, pelo nosso planeta, pelo nosso solo, pela nossa gente e por n\u00f3s mesmos. Tudo o mais \u00e9 consequ\u00eancia disso.<\/p>\r\n<\/blockquote>\r\n<p><strong>Quais as rela\u00e7\u00f5es entre sua casa e a vida c\u00f3smica?<br \/><a href=\"http:\/\/loja.fengshuilogico.com\/index.php\/livro-feng-shui-logico-comprar\/livro-feng-shui-logico.html\" target=\"a_blank\" rel=\"noopener noreferrer\">Livro Feng Shui L\u00f3gico, Stela Vecchi, \u00cdcone Editora, 2004 &#8211; Compre aqui:<\/a><\/strong><\/p>\r\n<p><a href=\"https:\/\/fengshuilogico.com\/blog\/wp-content\/uploads\/2009\/12\/CapaFSL_Icone_Editora-2.jpg\"><img decoding=\"async\" class=\"aligncenter size-medium wp-image-25222\" src=\"https:\/\/fengshuilogico.com\/blog\/wp-content\/uploads\/2009\/12\/CapaFSL_Icone_Editora-2-214x300.jpg\" alt=\"\" width=\"214\" height=\"300\" srcset=\"https:\/\/fengshuilogico.com\/blog\/wp-content\/uploads\/2009\/12\/CapaFSL_Icone_Editora-2-214x300.jpg 214w, https:\/\/fengshuilogico.com\/blog\/wp-content\/uploads\/2009\/12\/CapaFSL_Icone_Editora-2.jpg 341w\" sizes=\"(max-width: 214px) 100vw, 214px\" \/><\/a><\/p>\r\n<p>&nbsp;<\/p>\r\n<p><strong> <a href=\"http:\/\/loja.fengshuilogico.com\/\" target=\"_blank\" rel=\"noopener noreferrer\"> Loja Feng Shui L\u00f3gico <\/a><\/strong><br \/><strong>Confira o Programa do Curso B\u00e1sico em nosso Website:<\/strong><br \/><strong><a href=\"https:\/\/loja.fengshuilogico.com\/curso-basico-feng-shui-logico-online-completo-com-video-chamada-p154\" target=\"_blank\" rel=\"noopener noreferrer\">Programa Curso B\u00e1sico de Feng Shui L\u00f3gico<\/a><\/strong><br \/>Participe dos cursos ministrados por Stela Vecchi:<br \/><strong>Feng Shui L\u00f3gico: Curso B\u00e1sico, Avan\u00e7ado e Profissionalizante<\/strong><br \/>Nos cursos de Feng Shui L\u00f3gico voc\u00ea recebe informa\u00e7\u00f5es que ser\u00e3o \u00fateis para toda sua vida!<\/p>\r\n<p><strong>Visite tamb\u00e9m o site: <a href=\"http:\/\/www.fengshuilogico.com\" target=\"_blank\" rel=\"noopener noreferrer\">www.fengshuilogico.com<\/a><\/strong><\/p>\r\n<!-- wp:paragraph -->\r\n<p>&nbsp;<\/p>\r\n<!-- \/wp:paragraph -->","protected":false},"excerpt":{"rendered":"<p>Tomando ci\u00eancia da realidade humana A vida \u00e9 um tecido interligado. Fazemos parte de um todo maior. O que afeta a um, afeta a todos, mesmo que ainda poucos possam perceber essa verdade em si mesmos. A fraternidade e o amor \u00e0 Natureza ser\u00e1 o maior sinal da intelig\u00eancia humana. Orar, unir nossa alma \u00e0 [&hellip;]<\/p>\n","protected":false},"author":6,"featured_media":15310,"comment_status":"open","ping_status":"open","sticky":false,"template":"","format":"standard","meta":{"footnotes":""},"categories":[422],"tags":[1421,154,2038,334],"_links":{"self":[{"href":"https:\/\/fengshuilogico.com\/blog\/wp-json\/wp\/v2\/posts\/489"}],"collection":[{"href":"https:\/\/fengshuilogico.com\/blog\/wp-json\/wp\/v2\/posts"}],"about":[{"href":"https:\/\/fengshuilogico.com\/blog\/wp-json\/wp\/v2\/types\/post"}],"author":[{"embeddable":true,"href":"https:\/\/fengshuilogico.com\/blog\/wp-json\/wp\/v2\/users\/6"}],"replies":[{"embeddable":true,"href":"https:\/\/fengshuilogico.com\/blog\/wp-json\/wp\/v2\/comments?post=489"}],"version-history":[{"count":6,"href":"https:\/\/fengshuilogico.com\/blog\/wp-json\/wp\/v2\/posts\/489\/revisions"}],"predecessor-version":[{"id":28191,"href":"https:\/\/fengshuilogico.com\/blog\/wp-json\/wp\/v2\/posts\/489\/revisions\/28191"}],"wp:featuredmedia":[{"embeddable":true,"href":"https:\/\/fengshuilogico.com\/blog\/wp-json\/wp\/v2\/media\/15310"}],"wp:attachment":[{"href":"https:\/\/fengshuilogico.com\/blog\/wp-json\/wp\/v2\/media?parent=489"}],"wp:term":[{"taxonomy":"category","embeddable":true,"href":"https:\/\/fengshuilogico.com\/blog\/wp-json\/wp\/v2\/categories?post=489"},{"taxonomy":"post_tag","embeddable":true,"href":"https:\/\/fengshuilogico.com\/blog\/wp-json\/wp\/v2\/tags?post=489"}],"curies":[{"name":"wp","href":"https:\/\/api.w.org\/{rel}","templated":true}]}}