{"id":471,"date":"2010-07-30T14:04:46","date_gmt":"2010-07-30T17:04:46","guid":{"rendered":"https:\/\/fengshuilogico.com\/blog\/2010\/07\/30\/oracao-pela-paz\/"},"modified":"2025-08-07T19:10:28","modified_gmt":"2025-08-07T22:10:28","slug":"oracao-pela-paz-interior","status":"publish","type":"post","link":"https:\/\/fengshuilogico.com\/blog\/2010\/07\/30\/oracao-pela-paz-interior\/","title":{"rendered":"Ora\u00e7\u00e3o pela PAZ INTERIOR"},"content":{"rendered":"<p><img decoding=\"async\" class=\"aligncenter size-medium wp-image-17639\" src=\"https:\/\/fengshuilogico.com\/blog\/wp-content\/uploads\/2019\/10\/cora\u00e7\u00e3o-ascencionado-300x159.jpg\" alt=\"\" width=\"300\" height=\"159\" srcset=\"https:\/\/fengshuilogico.com\/blog\/wp-content\/uploads\/2019\/10\/cora\u00e7\u00e3o-ascencionado-300x159.jpg 300w, https:\/\/fengshuilogico.com\/blog\/wp-content\/uploads\/2019\/10\/cora\u00e7\u00e3o-ascencionado.jpg 620w\" sizes=\"(max-width: 300px) 100vw, 300px\" \/><\/p>\r\n<p>Que a Paz, fruto de um cora\u00e7\u00e3o sem medo, manso e forte, esteja sempre em seu cora\u00e7\u00e3o.<\/p>\r\n<p>Essa ora\u00e7\u00e3o atribu\u00edda aos \u00edndios norte-americanos nos ajuda a meditar no mist\u00e9rio da vida humana:<\/p>\r\n<p><em><strong>Toda a for\u00e7a do Grande Esp\u00edrito Criador!<\/strong><\/em><\/p>\r\n<p><em><strong>Grande Mist\u00e9rio !<\/strong><\/em><\/p>\r\n<p>Ensina-me a confiar em meu cora\u00e7\u00e3o,<br \/>Em minha mente,<br \/>Em minha intui\u00e7\u00e3o,<\/p>\r\n<p>Em minha sabedoria interna,<br \/>Nos sentidos do meu corpo<br \/>Nas b\u00ean\u00e7\u00e3os do meu esp\u00edrito<\/p>\r\n<p>Ensina-me a confiar nessas coisas<br \/>Para que eu possa entrar em meu espa\u00e7o sagrado<br \/>E amar muito al\u00e9m do medo<\/p>\r\n<p>E assim caminhar na beleza<br \/>Com o passo do glorioso Sol.<\/p>\r\n<p><a href=\"https:\/\/fengshuilogico.com\/blog\/2009\/01\/12\/feng-shui-como-ativar-o-gua-do-sucesso\/pela_luz\/\" rel=\"attachment wp-att-10432\"><img fetchpriority=\"high\" decoding=\"async\" class=\"aligncenter size-full wp-image-10432\" src=\"https:\/\/fengshuilogico.com\/blog\/wp-content\/uploads\/2009\/01\/pela_luz.png\" alt=\"pela_luz\" width=\"275\" height=\"183\" \/><\/a><\/p>\r\n<p>&nbsp;<\/p>\r\n<p>&nbsp;<\/p>\r\n<p><div class=\"jeg_video_container jeg_video_content\"><iframe title=\"Medita\u00e7\u00e3o para acalmar o cora\u00e7\u00e3o - Ora\u00e7\u00e3o xam\u00e2nica\" width=\"500\" height=\"281\" src=\"https:\/\/www.youtube.com\/embed\/_u5eoWiIY8I?feature=oembed\" frameborder=\"0\" allow=\"accelerometer; autoplay; clipboard-write; encrypted-media; gyroscope; picture-in-picture; web-share\" referrerpolicy=\"strict-origin-when-cross-origin\" allowfullscreen><\/iframe><\/div><\/p>\r\n<p>&nbsp;<\/p>\r\n<p><strong>Conhe\u00e7a Feng Shui L\u00f3gico, que adapta o Ba-gu\u00e1 para o Hemisf\u00e9rio Sul e criou o M\u00e9todo Solar das 4 Esta\u00e7\u00f5es.<\/strong><\/p>\r\n<p>INSCREVA-SE em nosso canal no YOUTUBE e receba v\u00eddeos atualizados com dicas e orienta\u00e7\u00f5es:<\/p>\r\n<p><strong> <a href=\"https:\/\/www.youtube.com\/watch?v=vpM0ZbpTA7s\" target=\"a_blank\" rel=\"noopener noreferrer\"> Inscreva-se Canal Youtube\/Feng Shui L\u00f3gico<\/a><\/strong><\/p>\r\n<p><strong> <a href=\"https:\/\/www.youtube.com\/watch?v=zOvlhbCF45M\/\" target=\"a_blank\" rel=\"noopener noreferrer\"> V\u00eddeo: Os Cinco Elementos para voc\u00ea decorar os ambientes, com Stela Vecchi<\/a> <\/strong><\/p>\r\n<p><strong> A hist\u00f3ria do Feng Shui L\u00f3gico: como nasceu a adapta\u00e7\u00e3o do Ba-gu\u00e1 para o Hemisf\u00e9rio Sul?<\/strong><\/p>\r\n<p><a href=\"https:\/\/fengshuilogico.com\/blog\/2012\/12\/13\/livro-o-caminho-da-sabedoria-de-stela-vecchi\/\" target=\"_blank\" rel=\"noopener noreferrer\"><br \/><strong> Livro O Caminho da Sabedoria, de Stela Vecchi<\/strong><\/a><br \/>Uma hist\u00f3ria vivida na m\u00edstica Machu Picchu, ber\u00e7o de uma civiliza\u00e7\u00e3o que via no Sol e em seus solst\u00edcios e equin\u00f3cios a magia de viver&#8230;<br \/>Download gr\u00e1tis &#8211; Clique aqui: <strong><a href=\"http:\/\/fengshuilogico.com\/downloads\/livros\/o-caminho-da-sabedoria\/o-caminho-da-sabedoria-de-stela-vecchi.pdf\" target=\"_blank\" rel=\"noopener noreferrer\"> Livro O Caminho da Sabedoria, de Stela Vecchi<\/a><\/strong><\/p>\r\n<p><a href=\"https:\/\/fengshuilogico.com\/blog\/2012\/01\/26\/sem-equilibrio-entre-o-masculino-e-o-feminino-nao-ha-verdadeira-paz\/capa-caminho-2\/\" rel=\"attachment wp-att-5328\"><img decoding=\"async\" class=\"aligncenter size-full wp-image-5328\" src=\"https:\/\/fengshuilogico.com\/blog\/wp-content\/uploads\/2012\/01\/Capa-Caminho.jpg\" alt=\"Capa Caminho\" width=\"200\" height=\"274\" \/><\/a><\/p>\r\n<figure id=\"attachment_5075\" aria-describedby=\"caption-attachment-5075\" style=\"width: 300px\" class=\"wp-caption aligncenter\"><a href=\"https:\/\/fengshuilogico.com\/blog\/wp-content\/uploads\/2012\/12\/capaecontracaparO-Caminho-da-Sabedoria.jpg\"><img loading=\"lazy\" decoding=\"async\" class=\"size-medium wp-image-5075\" src=\"https:\/\/fengshuilogico.com\/blog\/wp-content\/uploads\/2012\/12\/capaecontracaparO-Caminho-da-Sabedoria-300x143.jpg\" alt=\"Capa e Contracapa O Caminho da Sabedoria, Stela Vecchi\" width=\"300\" height=\"143\" srcset=\"https:\/\/fengshuilogico.com\/blog\/wp-content\/uploads\/2012\/12\/capaecontracaparO-Caminho-da-Sabedoria-300x143.jpg 300w, https:\/\/fengshuilogico.com\/blog\/wp-content\/uploads\/2012\/12\/capaecontracaparO-Caminho-da-Sabedoria-1024x488.jpg 1024w\" sizes=\"(max-width: 300px) 100vw, 300px\" \/><\/a><figcaption id=\"caption-attachment-5075\" class=\"wp-caption-text\">Capa e Contracapa O Caminho da Sabedoria, Stela Vecchi<\/figcaption><\/figure>\r\n<p><strong>Visite tamb\u00e9m o site: <a href=\"http:\/\/www.fengshuilogico.com\" target=\"_blank\" rel=\"noopener noreferrer\">www.fengshuilogico.com<\/a><\/strong><\/p>\r\n\r\n\r\n","protected":false},"excerpt":{"rendered":"<p>Que a Paz, fruto de um cora\u00e7\u00e3o sem medo, manso e forte, esteja sempre em seu cora\u00e7\u00e3o. Essa ora\u00e7\u00e3o atribu\u00edda aos \u00edndios norte-americanos nos ajuda a meditar no mist\u00e9rio da vida humana: Toda a for\u00e7a do Grande Esp\u00edrito Criador! Grande Mist\u00e9rio ! Ensina-me a confiar em meu cora\u00e7\u00e3o,Em minha mente,Em minha intui\u00e7\u00e3o, Em minha sabedoria [&hellip;]<\/p>\n","protected":false},"author":6,"featured_media":18783,"comment_status":"open","ping_status":"open","sticky":false,"template":"","format":"standard","meta":{"footnotes":""},"categories":[2350,2435],"tags":[1152,1153,1154],"_links":{"self":[{"href":"https:\/\/fengshuilogico.com\/blog\/wp-json\/wp\/v2\/posts\/471"}],"collection":[{"href":"https:\/\/fengshuilogico.com\/blog\/wp-json\/wp\/v2\/posts"}],"about":[{"href":"https:\/\/fengshuilogico.com\/blog\/wp-json\/wp\/v2\/types\/post"}],"author":[{"embeddable":true,"href":"https:\/\/fengshuilogico.com\/blog\/wp-json\/wp\/v2\/users\/6"}],"replies":[{"embeddable":true,"href":"https:\/\/fengshuilogico.com\/blog\/wp-json\/wp\/v2\/comments?post=471"}],"version-history":[{"count":2,"href":"https:\/\/fengshuilogico.com\/blog\/wp-json\/wp\/v2\/posts\/471\/revisions"}],"predecessor-version":[{"id":28661,"href":"https:\/\/fengshuilogico.com\/blog\/wp-json\/wp\/v2\/posts\/471\/revisions\/28661"}],"wp:featuredmedia":[{"embeddable":true,"href":"https:\/\/fengshuilogico.com\/blog\/wp-json\/wp\/v2\/media\/18783"}],"wp:attachment":[{"href":"https:\/\/fengshuilogico.com\/blog\/wp-json\/wp\/v2\/media?parent=471"}],"wp:term":[{"taxonomy":"category","embeddable":true,"href":"https:\/\/fengshuilogico.com\/blog\/wp-json\/wp\/v2\/categories?post=471"},{"taxonomy":"post_tag","embeddable":true,"href":"https:\/\/fengshuilogico.com\/blog\/wp-json\/wp\/v2\/tags?post=471"}],"curies":[{"name":"wp","href":"https:\/\/api.w.org\/{rel}","templated":true}]}}