{"id":459,"date":"2010-07-13T23:51:34","date_gmt":"2010-07-14T02:51:34","guid":{"rendered":"https:\/\/fengshuilogico.com\/blog\/2010\/07\/13\/o-tempo-omega-entre-nos-inicio-de-um-novo-alpha\/"},"modified":"2020-05-18T11:24:59","modified_gmt":"2020-05-18T14:24:59","slug":"a-ascensao-nos-dias-de-hoje-parte-1","status":"publish","type":"post","link":"https:\/\/fengshuilogico.com\/blog\/2010\/07\/13\/a-ascensao-nos-dias-de-hoje-parte-1\/","title":{"rendered":"A ASCENS\u00c3O NOS DIAS DE HOJE &#8211; <br> Parte 1"},"content":{"rendered":"<p><a href=\"https:\/\/fengshuilogico.com\/blog\/wp-content\/uploads\/2010\/07\/\u00e1guia1.jpg\"><img fetchpriority=\"high\" decoding=\"async\" class=\"aligncenter size-medium wp-image-7740\" src=\"https:\/\/fengshuilogico.com\/blog\/wp-content\/uploads\/2010\/07\/\u00e1guia1-300x270.jpg\" alt=\"\u00e1guia1\" width=\"300\" height=\"270\" srcset=\"https:\/\/fengshuilogico.com\/blog\/wp-content\/uploads\/2010\/07\/\u00e1guia1-300x270.jpg 300w, https:\/\/fengshuilogico.com\/blog\/wp-content\/uploads\/2010\/07\/\u00e1guia1.jpg 403w\" sizes=\"(max-width: 300px) 100vw, 300px\" \/><\/a><\/p>\n<p><strong>O tempo \u00f4mega da Era Crist\u00e3 \u00e9 o in\u00edcio de um novo tempo alpha\u2026 <\/strong><\/p>\n<p><strong>Em uma nova espiral do espa\u00e7o.&nbsp;<\/strong><\/p>\n<p>Neste est\u00e1gio de civiliza\u00e7\u00e3o, muita coisa precisa ser compreendida.<\/p>\n<p>O que acontece com a humanidade? Qual a raz\u00e3o de ainda n\u00e3o termos extra\u00eddo os aprendizados atrav\u00e9s da Hist\u00f3ria?<\/p>\n<p>Est\u00e1gios diferentes de almas, e tantas vari\u00e1veis para encontrar os pontos de converg\u00eancia \u00e9 algo que s\u00f3 uma vis\u00e3o pessoal panor\u00e2mica, que transcende tempo e espa\u00e7o pode realizar.<\/p>\n<p>Einstein tem um papel importante.<!--more--><!--more--> Ao explicar a relatividade colocou um ponto central, um eixo. Tudo deve ser visto e pesado de acordo com as circunst\u00e2ncias, os pontos de refer\u00eancia.<br \/>\nEinstein portanto nos ajuda a pensar. Mas temos que unir dentro de n\u00f3s o pensar e o sentir, essa \u00e9 a grande quest\u00e3o individual que est\u00e1 na raiz da uni\u00e3o humana. Poucos fizeram essa liga\u00e7\u00e3o dentro de si mesmos para que as outras uni\u00f5es sejam poss\u00edveis.<\/p>\n<p>Se somos divididos dentro de n\u00f3s mesmos, ainda nada podemos fazer pelo mundo. S\u00f3 os que j\u00e1 se amam, aceitam sua personalidade neutralizando atrav\u00e9s das experi\u00eancias necess\u00e1rias (sempre vividas no Amor, na Coragem e na Confian\u00e7a) as sombras que lhes dificultam seu caminho podem reconectar-se, sentirem-se parte do Todo que nos envolve.<br \/>\nEssa \u00e9 a raiz principal: acima de todas nossas circunst\u00e2ncias, \u00e9 preciso sentir que somos atemporais, temos uma vida espiritual que transcende a vida do corpo.<\/p>\n<p>Algu\u00e9m pode transcender a si mesmo sem a ajuda divina?<br \/>\nAcreditamos que n\u00e3o. Os mestres do esp\u00edrito ensinaram isso. E para quem aprendeu, eles permanecem como far\u00f3is iluminando nosso interior. E esses que atingiram a ilumina\u00e7\u00e3o, <em>que j\u00e1 experimentaram a subida da energia kundalini dentro de si<\/em>, j\u00e1 podem ver al\u00e9m deles com seus pr\u00f3prios olhos. A nova dimens\u00e3o j\u00e1 \u00e9 poss\u00edvel.<\/p>\n<p>Uma nova dimens\u00e3o onde os v\u00e9us da ilus\u00e3o que envolvem nossa vida na Terra foram retirados.<br \/>\n<em>Maya<\/em> n\u00e3o existe mais. Que maravilha das maravilhas alcan\u00e7armos esse tempo.<\/p>\n<blockquote><p>Cristo veio nos ensinar a ascens\u00e3o para est\u00e1gios mais confort\u00e1veis, onde n\u00e3o existe raiva nem sofrimento, porque a sagrada compreens\u00e3o j\u00e1 vive em nossos cora\u00e7\u00f5es.<\/p>\n<p>Neste dois \u00faltimos mil\u00eanios, grupos de almas foram ascendendo e hoje tem seus olhos bem abertos: integraram seus corpos f\u00edsico, mental, emocional e espiritual.<br \/>\nQue a verdade de suas palavras possa ser compreendida.<br \/>\nQue mais olhos se abram&#8230;<br \/>\nO que nos separa muitas vezes \u00e9 apenas n\u00e3o termos ainda olhos de ver.<\/p><\/blockquote>\n<p>O tempo \u00f4mega, in\u00edcio de um novo tempo alpha&#8230; Em uma nova espiral do espa\u00e7o.<\/p>\n<div class=\"jeg_video_container jeg_video_content\"><iframe title=\"Feng Shui L\u00f3gico tem por base o AMOR\" width=\"500\" height=\"281\" src=\"https:\/\/www.youtube.com\/embed\/7aidAbwO-oM?feature=oembed\" frameborder=\"0\" allow=\"accelerometer; autoplay; clipboard-write; encrypted-media; gyroscope; picture-in-picture; web-share\" allowfullscreen><\/iframe><\/div>\n<blockquote><p><strong>Stela Vecchi<\/strong><\/p><\/blockquote>\n<p><em>No C\u00e9u do Hemisf\u00e9rio Sul &#8211; Brasil, um Novo Come\u00e7o<\/em> de Stela Vecchi<br \/>\n<a href=\"https:\/\/fengshuilogico.com\/blog\/wp-content\/uploads\/2013\/01\/livro_ceuhemisferiosul_stela_vecchi.jpg\"><img decoding=\"async\" class=\"aligncenter size-full wp-image-5629\" src=\"https:\/\/fengshuilogico.com\/blog\/wp-content\/uploads\/2013\/01\/livro_ceuhemisferiosul_stela_vecchi.jpg\" alt=\"livro_ceuhemisferiosul_stela_vecchi\" width=\"200\" height=\"274\"><\/a><\/p>\n<p>Neste Livro veja como aplicar o Feng Shui L\u00f3gico nas Escolas P\u00fablicas<\/p>\n<p>E a Constela\u00e7\u00e3o do Cruzeiro do Sul e a Astronomia tem algo a nos dizer sobre o nosso futuro:<\/p>\n<p>Leia o livro na \u00edntegra:<br \/>\n<a href=\"https:\/\/fengshuilogico.com\/blog\/2012\/07\/10\/por-que-o-cruzeiro-do-sul-esta-invertido-na-bandeira-do-brasil\/\" target=\"_blank\" rel=\"noopener noreferrer\"><strong> Download Gr\u00e1tis \u2013 A Bandeira Brasileira e a Educa\u00e7\u00e3o no Brasil \u2013 Livro NO C\u00c9U DO HEMISF\u00c9RIO SUL, de Stela Vecchi<\/strong><\/a><\/p>\n<p><strong> <a href=\"http:\/\/loja.fengshuilogico.com\/index.php\/apostilas-dos-cursos-de-feng-shui-e-livros\/livro-feng-shui-logico.html\" target=\"a_blank\" rel=\"noopener noreferrer\"> Leia o Livro Feng Shui L\u00f3gico, Stela Vecchi, \u00cdcone Editora, 2004<\/a><\/strong><\/p>\n<p><a href=\"https:\/\/fengshuilogico.com\/blog\/wp-content\/uploads\/2009\/05\/feng-shui-logico-stela-vecchi-icone-editora.png\"><img decoding=\"async\" class=\"aligncenter size-medium wp-image-7586\" src=\"https:\/\/fengshuilogico.com\/blog\/wp-content\/uploads\/2009\/05\/feng-shui-logico-stela-vecchi-icone-editora-205x300.png\" alt=\"feng-shui-logico-stela-vecchi-icone-editora\" width=\"205\" height=\"300\" srcset=\"https:\/\/fengshuilogico.com\/blog\/wp-content\/uploads\/2009\/05\/feng-shui-logico-stela-vecchi-icone-editora-205x300.png 205w, https:\/\/fengshuilogico.com\/blog\/wp-content\/uploads\/2009\/05\/feng-shui-logico-stela-vecchi-icone-editora.png 343w\" sizes=\"(max-width: 205px) 100vw, 205px\" \/><\/a><\/p>\n","protected":false},"excerpt":{"rendered":"<p>O tempo \u00f4mega da Era Crist\u00e3 \u00e9 o in\u00edcio de um novo tempo alpha\u2026 Em uma nova espiral do espa\u00e7o.&nbsp; Neste est\u00e1gio de civiliza\u00e7\u00e3o, muita coisa precisa ser compreendida. O que acontece com a humanidade? Qual a raz\u00e3o de ainda n\u00e3o termos extra\u00eddo os aprendizados atrav\u00e9s da Hist\u00f3ria? Est\u00e1gios diferentes de almas, e tantas vari\u00e1veis [&hellip;]<\/p>\n","protected":false},"author":6,"featured_media":15310,"comment_status":"open","ping_status":"open","sticky":false,"template":"","format":"standard","meta":{"footnotes":""},"categories":[42,422],"tags":[647,646],"_links":{"self":[{"href":"https:\/\/fengshuilogico.com\/blog\/wp-json\/wp\/v2\/posts\/459"}],"collection":[{"href":"https:\/\/fengshuilogico.com\/blog\/wp-json\/wp\/v2\/posts"}],"about":[{"href":"https:\/\/fengshuilogico.com\/blog\/wp-json\/wp\/v2\/types\/post"}],"author":[{"embeddable":true,"href":"https:\/\/fengshuilogico.com\/blog\/wp-json\/wp\/v2\/users\/6"}],"replies":[{"embeddable":true,"href":"https:\/\/fengshuilogico.com\/blog\/wp-json\/wp\/v2\/comments?post=459"}],"version-history":[{"count":0,"href":"https:\/\/fengshuilogico.com\/blog\/wp-json\/wp\/v2\/posts\/459\/revisions"}],"wp:featuredmedia":[{"embeddable":true,"href":"https:\/\/fengshuilogico.com\/blog\/wp-json\/wp\/v2\/media\/15310"}],"wp:attachment":[{"href":"https:\/\/fengshuilogico.com\/blog\/wp-json\/wp\/v2\/media?parent=459"}],"wp:term":[{"taxonomy":"category","embeddable":true,"href":"https:\/\/fengshuilogico.com\/blog\/wp-json\/wp\/v2\/categories?post=459"},{"taxonomy":"post_tag","embeddable":true,"href":"https:\/\/fengshuilogico.com\/blog\/wp-json\/wp\/v2\/tags?post=459"}],"curies":[{"name":"wp","href":"https:\/\/api.w.org\/{rel}","templated":true}]}}