{"id":393,"date":"2010-01-11T15:11:07","date_gmt":"2010-01-11T18:11:07","guid":{"rendered":"https:\/\/fengshuilogico.com\/blog\/2010\/01\/11\/feng-shui-logico-o-ba-gua-para-o-hemisferio-sul\/"},"modified":"2026-04-30T12:58:47","modified_gmt":"2026-04-30T15:58:47","slug":"adaptacao-do-bagua-para-o-hemisferio-sul-feng-shui-logico-a-escola-solar-de-feng-shui","status":"publish","type":"post","link":"https:\/\/fengshuilogico.com\/blog\/2010\/01\/11\/adaptacao-do-bagua-para-o-hemisferio-sul-feng-shui-logico-a-escola-solar-de-feng-shui\/","title":{"rendered":"Por que adpatar o Bagu\u00e1 para o Hemisf\u00e9rio Sul? <br> Feng Shui L\u00f3gico, M\u00e9todo Solar por Stela Vecchi"},"content":{"rendered":"<p><strong>Do mundo dos fatos n\u00e3o conduz nenhum caminho para o mundo dos valores, porque estes v\u00eam de outra regi\u00e3o.<br \/>\nAlbert Einstein<\/strong><\/p>\n<p><strong><img fetchpriority=\"high\" decoding=\"async\" class=\"aligncenter size-medium wp-image-22018\" src=\"https:\/\/fengshuilogico.com\/blog\/wp-content\/uploads\/2010\/01\/Capa-face_-2-275x300.jpg\" alt=\"\" width=\"275\" height=\"300\" srcset=\"https:\/\/fengshuilogico.com\/blog\/wp-content\/uploads\/2010\/01\/Capa-face_-2-275x300.jpg 275w, https:\/\/fengshuilogico.com\/blog\/wp-content\/uploads\/2010\/01\/Capa-face_-2.jpg 541w\" sizes=\"(max-width: 275px) 100vw, 275px\" \/><\/strong><\/p>\n<blockquote><p><em>Extra\u00eddo do livro Feng Shui L\u00f3gico, Stela Vecchi, \u00cdcone Editora, S\u00e3o Paulo, 3.\u00aa Edi\u00e7\u00e3o.<\/em><\/p><\/blockquote>\n<p>Uma vis\u00e3o sobre a pol\u00eamica adapta\u00e7\u00e3o do Bagu\u00e1 da Seq\u00fc\u00eancia do C\u00e9u Posterior para o Hemisf\u00e9rio Sul:<\/p>\n<p>Quando entrei em contato com Feng Shui admirei-me da profundidade desse conhecimento.Encontrei nas ra\u00edzes do Feng Shui, no Livro das Virtudes de Lao Ts\u00e9 e no Livro das Muta\u00e7\u00f5es \u2013 I Ching (<em>Richard Wilhelm, Editora Pensamento, S\u00e3o Paulo<\/em>) a compreens\u00e3o de como o Feng Shui pretende trazer a harmonia celeste para a Terra e como esses conhecimentos, aplicados com bom senso e discernimento, podem beneficiar muitas pessoas.<\/p>\n<p>As Escolas de Feng Shui s\u00e3o milenares e suas aplica\u00e7\u00f5es tamb\u00e9m representam o contexto dessas \u00e9pocas idas. Cada uma delas traz uma perspectiva diferente, valiosa, e nenhuma deve deixar de ser levada em considera\u00e7\u00e3o, sob pena de perdermos uma parte importante do prisma dessa Sabedoria.<\/p>\n<p><strong>Tudo est\u00e1 em cont\u00ednua muta\u00e7\u00e3o&#8230;<\/strong><\/p>\n<p><strong>A energia deve fluir suavemente, como um riacho sinuoso que desce a montanha.<\/strong><\/p>\n<p>Essas palavras de Conf\u00facio demonstram a consci\u00eancia de que n\u00e3o devemos nos fixar no passado, mas aceitar a evolu\u00e7\u00e3o,e quando se torna necess\u00e1ria uma expans\u00e3o da vis\u00e3o, aceit\u00e1-la desde que convincente. Os novos conceitos iluminam a caminhada do ser humano atrav\u00e9s da Hist\u00f3ria.<br \/>\nDurante mil\u00eanios essa Sabedoria ficou restrita \u00e0 China, e v\u00e1rias perspectivas na arte de harmonizar o ser humano com o Cosmos se originaram em solo chin\u00eas, que pertence ao Hemisf\u00e9rio Norte.<br \/>\nDurante muito tempo o Hemisf\u00e9rio Norte ignorou a exist\u00eancia do Hemisf\u00e9rio Sul. Portanto, muito provavelmente, o chin\u00eas n\u00e3o se preocupou em imaginar outras regi\u00f5es com condi\u00e7\u00f5es clim\u00e1ticas t\u00e3o diferentes da sua.<br \/>\nNesta pol\u00eamica quanto \u00e0 adapta\u00e7\u00e3o do Bagu\u00e1 para o Hemisf\u00e9rio Sul concordamos que o Bagu\u00e1 da Seq\u00fc\u00eancia do C\u00e9u Anterior n\u00e3o possa sofrer modifica\u00e7\u00e3o: esse Bagu\u00e1 tem o C\u00e9u como refer\u00eancia principal, n\u00e3o a Terra: os trigramas est\u00e3o colocados em pares de opostos, n\u00e3o correlacionados com as dire\u00e7\u00f5es cardeais.<\/p>\n<p>Por\u00e9m, o Bagu\u00e1 da Seq\u00fc\u00eancia do C\u00e9u Posterior, do Rei Wen &#8211; que criou os hexagramas \u2013 d\u00e1 uma nova seq\u00fc\u00eancia aos Trigramas e os associa com as dire\u00e7\u00f5es cardeais que t\u00eam afinidades com a ess\u00eancia de cada trigrama.<\/p>\n<p>Neste Bagu\u00e1 os trigramas <em>foram retirados da posi\u00e7\u00e3o de pares de opostos e est\u00e3o associados ao plano fenom\u00eanico do ciclo anual das esta\u00e7\u00f5es do ano<\/em>. (I Ching &#8211; O Livro das Muta\u00e7\u00f5es, Richard Wilhelm, Ed. Pensamento, p. 207).<\/p>\n<p><a href=\"https:\/\/fengshuilogico.com\/blog\/wp-content\/uploads\/2008\/09\/Blog1.jpg\"><img decoding=\"async\" class=\"aligncenter size-full wp-image-5976\" src=\"https:\/\/fengshuilogico.com\/blog\/wp-content\/uploads\/2008\/09\/Blog1.jpg\" alt=\"Blog\" width=\"230\" height=\"293\" \/><\/a><\/p>\n<p>No Hemisf\u00e9rio Norte, o calor, associado ao pleno ver\u00e3o, ao Fogo e ao Sucesso, vem do Sul.<br \/>\nNo Hemisf\u00e9rio Sul, \u00e9 da dire\u00e7\u00e3o Norte que vem o calor, com as caracter\u00edsticas associadas a ele.<br \/>\nO Hemisf\u00e9rio Norte tem um ciclo anual inverso ao nosso no Hemisf\u00e9rio Sul.<br \/>\nNorte \u00e9 sempre Norte, em qualquer parte do planeta, mas depende do ponto de refer\u00eancia onde nos encontramos para sentirmos os efeitos clim\u00e1ticos correspondentes.<br \/>\n<em><strong>A adapta\u00e7\u00e3o para o Hemisf\u00e9rio Sul \u00e9 um ajuste t\u00e9cnico.<\/strong><\/em><\/p>\n<p>Assim,<\/p>\n<p><strong>Bagu\u00e1 da Seq\u00fc\u00eancia do C\u00e9u Posterior \u2013 1123 a.C<\/strong><br \/>\n<a href=\"https:\/\/fengshuilogico.com\/blog\/wp-content\/uploads\/2009\/08\/bagua_fw_hemisf\u00e9rio_norte.jpg\"><img decoding=\"async\" class=\"aligncenter size-medium wp-image-4409\" src=\"https:\/\/fengshuilogico.com\/blog\/wp-content\/uploads\/2009\/08\/bagua_fw_hemisf\u00e9rio_norte-300x298.jpg\" alt=\"bagua_fw_hemisf\u00e9rio_norte\" width=\"300\" height=\"298\" srcset=\"https:\/\/fengshuilogico.com\/blog\/wp-content\/uploads\/2009\/08\/bagua_fw_hemisf\u00e9rio_norte-300x298.jpg 300w, https:\/\/fengshuilogico.com\/blog\/wp-content\/uploads\/2009\/08\/bagua_fw_hemisf\u00e9rio_norte-150x150.jpg 150w, https:\/\/fengshuilogico.com\/blog\/wp-content\/uploads\/2009\/08\/bagua_fw_hemisf\u00e9rio_norte.jpg 530w\" sizes=\"(max-width: 300px) 100vw, 300px\" \/><\/a><\/p>\n<p>Rei Wen<br \/>\nPrimavera \u2013 Leste \u2013 CHEN<br \/>\nOutono &#8211; Oeste \u2013 TUI<br \/>\nVer\u00e3o &#8211; Sul &#8211; LI<br \/>\nInverno &#8211; Norte \u2013 KAN<\/p>\n<p>Rei Wen, portanto buscou a harmonia tamb\u00e9m com o Ch\u2019i terrestre.<br \/>\n\u00c9 esse Bagu\u00e1, da <em>Seq\u00fc\u00eancia do C\u00e9u Posterior<\/em>, utilizado atualmente para as an\u00e1lises do Feng Shui, que precisa ser adaptado para o Hemisf\u00e9rio Sul, dessa forma:<\/p>\n<p>Primavera \u2013 Leste \u2013 CHEN<br \/>\nOutono &#8211; Oeste \u2013 TUI<br \/>\nVer\u00e3o &#8211; Norte &#8211; LI<br \/>\nInverno &#8211; Sul \u2013 KAN<\/p>\n<p><strong>Bagu\u00e1 da Seq\u00fc\u00eancia do C\u00e9u Posterior adaptado para o Hemisf\u00e9rio Sul<\/strong><\/p>\n<p><a href=\"https:\/\/fengshuilogico.com\/blog\/wp-content\/uploads\/2009\/09\/Ba-gu\u00e1-Feng-Shui-L\u00f3gico-Hemisf\u00e9rio-Sul.jpg\"><img loading=\"lazy\" decoding=\"async\" class=\"aligncenter size-medium wp-image-4386\" src=\"https:\/\/fengshuilogico.com\/blog\/wp-content\/uploads\/2009\/09\/Ba-gu\u00e1-Feng-Shui-L\u00f3gico-Hemisf\u00e9rio-Sul-300x298.jpg\" alt=\"Ba-gu\u00e1 Feng Shui L\u00f3gico - Hemisf\u00e9rio Sul\" width=\"300\" height=\"298\" srcset=\"https:\/\/fengshuilogico.com\/blog\/wp-content\/uploads\/2009\/09\/Ba-gu\u00e1-Feng-Shui-L\u00f3gico-Hemisf\u00e9rio-Sul-300x298.jpg 300w, https:\/\/fengshuilogico.com\/blog\/wp-content\/uploads\/2009\/09\/Ba-gu\u00e1-Feng-Shui-L\u00f3gico-Hemisf\u00e9rio-Sul-150x150.jpg 150w, https:\/\/fengshuilogico.com\/blog\/wp-content\/uploads\/2009\/09\/Ba-gu\u00e1-Feng-Shui-L\u00f3gico-Hemisf\u00e9rio-Sul.jpg 530w\" sizes=\"(max-width: 300px) 100vw, 300px\" \/><\/a><\/p>\n<div class=\"jeg_video_container jeg_video_content\"><iframe title=\"Conhe\u00e7a as raz\u00f5es para a adapta\u00e7\u00e3o do Feng Shui para o Hemisf\u00e9rio Sul - Prof. Stela Vecchi\" width=\"500\" height=\"281\" src=\"https:\/\/www.youtube.com\/embed\/fFNrbcyeir8?feature=oembed\" frameborder=\"0\" allow=\"accelerometer; autoplay; clipboard-write; encrypted-media; gyroscope; picture-in-picture; web-share\" referrerpolicy=\"strict-origin-when-cross-origin\" allowfullscreen><\/iframe><\/div>\n<p>Mais recentemente, Mestre Thomas Lin Yun, nosso contempor\u00e2neo, fundou uma nova Escola de Feng Shui, a Escola do Chap\u00e9u Negro do Budismo T\u00e2ntrico Tibetano.<br \/>\nUtilizou o Bagu\u00e1 da Seq\u00fc\u00eancia do C\u00e9u Posterior, retirou sua rela\u00e7\u00e3o com as dire\u00e7\u00f5es cardeais e fixou a coloca\u00e7\u00e3o da figura octogonal do Bagu\u00e1 com a porta de entrada do im\u00f3vel alinhado ao trigrama Kan \u2013 que corresponde ao Trabalho\/Carreira nesta Escola.<br \/>\nNeste Bagu\u00e1 ele faz a leitura dos trigramas de fora para dentro,ao contr\u00e1rio do que se encontra no I Ching, mantendo a leitura original de baixo para cima.<\/p>\n<p>Tradicionalmente essa leitura \u00e9 feita do centro para fora, e de baixo para cima.<\/p>\n<p>Estudei profundamente essa Escola e compreendi sua grande sabedoria: Mestre Lin Yun utiliza conhecimentos profundos da natureza humana, conhece o valor da percep\u00e7\u00e3o ambiental e sua rela\u00e7\u00e3o com nosso bem-estar, valorizando todos os estudos nas diversas \u00e1reas, inclusive psicologia, cromoterapia, simbologia, para melhor adapta\u00e7\u00e3o da pessoa ao seu habitat.<br \/>\nDevo muito a essa vis\u00e3o sem preconceitos, livre, isenta. Um homem de coragem e de sabedoria.<br \/>\nRendo tamb\u00e9m uma homenagem a todos que estudaram criteriosamente, desde tempos remotos, as rela\u00e7\u00f5es e as influ\u00eancias que n\u00f3s estabelecemos com nossos locais de trabalho e moradia, trazendo um legado inestim\u00e1vel para nossos dias.<br \/>\nAtrav\u00e9s dessas t\u00e9cnicas podemos minorar o sofrimento humano e aumentar nosso grau de compreens\u00e3o de tudo que nos influencia, alcan\u00e7ando melhores n\u00edveis de bem-estar e plenitude.<\/p>\n<p>Apesar de minha resist\u00eancia natural em alterar essa vis\u00e3o da aplica\u00e7\u00e3o do Bagu\u00e1 da Escola do Chap\u00e9u Negro, Escola que alcan\u00e7ou ineg\u00e1vel sucesso na harmoniza\u00e7\u00e3o ambiental, a leitura e o estudo do I Ching e de Lao Ts\u00e9 aliadas \u00e0 pr\u00e1tica constante desse estudo em minha vida e em minha profiss\u00e3o me levaram a buscar a maior coer\u00eancia na aplica\u00e7\u00e3o do Ba-gu\u00e1 na planta baixa do im\u00f3vel adotando os seguintes procedimentos:<\/p>\n<p>\uf076Voltar \u00e0 posi\u00e7\u00e3o original dos trigramas dentro do Bagu\u00e1: DE BAIXO PARA CIMA E DO CENTRO PARA FORA;<\/p>\n<p>\uf076Adaptar os pontos cardeais para nosso Hemisf\u00e9rio<\/p>\n<p>\uf076Adotar a utiliza\u00e7\u00e3o da b\u00fassola para determinar a posi\u00e7\u00e3o dos trigramas. A b\u00fassola deve ser colocada no centro do im\u00f3vel, encontrado pela aplica\u00e7\u00e3o da figura geom\u00e9trica octogonal, o Bagu\u00e1.<\/p>\n<p>\u00c9 muito importante salientar que em nosso hemisf\u00e9rio, a dire\u00e7\u00e3o considerada mais favor\u00e1vel para a constru\u00e7\u00e3o das edifica\u00e7\u00f5es \u00e9 a face Norte, enquanto que os antigos imperadores chineses tinham as portas de seu pal\u00e1cios voltados para o Sul, que corresponde ao nosso Norte.<br \/>\nFeng Shui, que pretende a plenitude do ser humano em todos os sentidos (f\u00edsico, mental, emocional e espiritual) n\u00e3o poderia estar contr\u00e1rio a essa constata\u00e7\u00e3o elementar.<\/p>\n<p><strong>Conhecimento, ci\u00eancia e verdade t\u00eam que caminhar juntos.<\/strong><\/p>\n<p>Afinal, creio que todos n\u00f3s que trabalhamos nesse campo de estudo temos como meta utilizar esses conhecimentos preciosos, atualiz\u00e1-los com liberdade de pensamento visando sempre uma maior harmonia da pessoa consigo pr\u00f3pria, com a Terra e com o C\u00e9u, criando assim a base para relacionamentos construtivos e como consequ\u00eancia uma sociedade mais justa, pr\u00f3spera e feliz.<\/p>\n<p>E isso n\u00e3o de faz sem um imenso respeito pela natureza de cada um, e a sagrada liberdade de pensamento.<br \/>\nH\u00e1 muitas formas de se compreender a realidade. Nem todas est\u00e3o certas, mas muitas est\u00e3o.<\/p>\n<p>A unifica\u00e7\u00e3o das consci\u00eancias pela Verdade:<\/p>\n<p>Jesus, o Mestre dos Mestres, tamb\u00e9m pede que a ordem celeste reine em nosso planeta:<\/p>\n<p><strong> <em> \u201c&#8230; Venha a n\u00f3s o Vosso Reino,<br \/>\nSeja feita a Tua Vontade<br \/>\nAssim na Terra como no C\u00e9u.\u201d<\/em> <\/strong><\/p>\n<p><strong><em>Stela Vecchi<\/em><\/strong><\/p>\n<p><em>Texto extra\u00eddo do Livro Feng Shui L\u00f3gico, Stela Vecchi,\u00cdcone Editora, S\u00e3o Paulo, 2004<\/em><\/p>\n<p>INSCREVA-SE em nosso canal no YOUTUBE e receba v\u00eddeos atualizados com dicas e orienta\u00e7\u00f5es:<\/p>\n<p><strong> <a href=\"https:\/\/www.youtube.com\/watch?v=vpM0ZbpTA7s\" target=\"a_blank\" rel=\"noopener\"> Inscreva-se Canal Youtube\/Feng Shui L\u00f3gico<\/a><\/strong><\/p>\n<blockquote><p>As melhores energias v\u00eam do amor pela Vida, pelo nosso planeta, pelo nosso solo, pela nossa gente e por n\u00f3s mesmos. Tudo o mais \u00e9 consequ\u00eancia disso.<\/p><\/blockquote>\n<p><strong> <a href=\"http:\/\/loja.fengshuilogico.com\/\" target=\"a_blank\" rel=\"noopener\"> Livro Feng Shui L\u00f3gico, Stela Vecchi, \u00cdcone Editora, 2004 &#8211; Compre aqui:<\/a><\/strong><\/p>\n<p><a href=\"https:\/\/fengshuilogico.com\/blog\/wp-content\/uploads\/2009\/12\/CapaFSL_Icone_Editora-2.jpg\"><img loading=\"lazy\" decoding=\"async\" class=\"aligncenter wp-image-25222\" src=\"https:\/\/fengshuilogico.com\/blog\/wp-content\/uploads\/2009\/12\/CapaFSL_Icone_Editora-2.jpg\" alt=\"\" width=\"260\" height=\"365\" srcset=\"https:\/\/fengshuilogico.com\/blog\/wp-content\/uploads\/2009\/12\/CapaFSL_Icone_Editora-2.jpg 341w, https:\/\/fengshuilogico.com\/blog\/wp-content\/uploads\/2009\/12\/CapaFSL_Icone_Editora-2-214x300.jpg 214w\" sizes=\"(max-width: 260px) 100vw, 260px\" \/><\/a><\/p>\n<p><a href=\"https:\/\/fengshuilogico.com\/blog\/2012\/10\/02\/conheca-a-historia-do-feng-shui-logico\/\"><strong> A hist\u00f3ria do Feng Shui L\u00f3gico: como nasceu a adapta\u00e7\u00e3o do Ba-gu\u00e1 para o Hemisf\u00e9rio Sul?<\/strong><\/a><\/p>\n<p><strong> <a href=\"http:\/\/loja.fengshuilogico.com\/\" target=\"_blank\" rel=\"noopener\"> Loja Feng Shui L\u00f3gico <\/a><\/strong><br \/>\n<strong>Confira o Programa do Curso B\u00e1sico em nosso Website:<\/strong><br \/>\n<strong><a href=\"https:\/\/loja.fengshuilogico.com\/\" target=\"_blank\" rel=\"noopener\">Programa Curso B\u00e1sico de Feng Shui L\u00f3gico<\/a><\/strong><br \/>\nParticipe dos cursos ministrados por Stela Vecchi:<br \/>\n<strong>Feng Shui L\u00f3gico: Curso B\u00e1sico, Avan\u00e7ado e Profissionalizante<\/strong><br \/>\nNos cursos de Feng Shui L\u00f3gico voc\u00ea recebe informa\u00e7\u00f5es que ser\u00e3o \u00fateis para toda sua vida!<\/p>\n<p><strong>Visite tamb\u00e9m o site: <a href=\"http:\/\/www.fengshuilogico.com\" target=\"_blank\" rel=\"noopener\">www.fengshuilogico.com<\/a><\/strong><\/p>\n","protected":false},"excerpt":{"rendered":"<p>Do mundo dos fatos n\u00e3o conduz nenhum caminho para o mundo dos valores, porque estes v\u00eam de outra regi\u00e3o. Albert Einstein Extra\u00eddo do livro Feng Shui L\u00f3gico, Stela Vecchi, \u00cdcone Editora, S\u00e3o Paulo, 3.\u00aa Edi\u00e7\u00e3o. Uma vis\u00e3o sobre a pol\u00eamica adapta\u00e7\u00e3o do Bagu\u00e1 da Seq\u00fc\u00eancia do C\u00e9u Posterior para o Hemisf\u00e9rio Sul: Quando entrei em [&hellip;]<\/p>\n","protected":false},"author":6,"featured_media":28834,"comment_status":"open","ping_status":"open","sticky":false,"template":"","format":"standard","meta":{"footnotes":""},"categories":[7,3],"tags":[610,737,945],"_links":{"self":[{"href":"https:\/\/fengshuilogico.com\/blog\/wp-json\/wp\/v2\/posts\/393"}],"collection":[{"href":"https:\/\/fengshuilogico.com\/blog\/wp-json\/wp\/v2\/posts"}],"about":[{"href":"https:\/\/fengshuilogico.com\/blog\/wp-json\/wp\/v2\/types\/post"}],"author":[{"embeddable":true,"href":"https:\/\/fengshuilogico.com\/blog\/wp-json\/wp\/v2\/users\/6"}],"replies":[{"embeddable":true,"href":"https:\/\/fengshuilogico.com\/blog\/wp-json\/wp\/v2\/comments?post=393"}],"version-history":[{"count":7,"href":"https:\/\/fengshuilogico.com\/blog\/wp-json\/wp\/v2\/posts\/393\/revisions"}],"predecessor-version":[{"id":29346,"href":"https:\/\/fengshuilogico.com\/blog\/wp-json\/wp\/v2\/posts\/393\/revisions\/29346"}],"wp:featuredmedia":[{"embeddable":true,"href":"https:\/\/fengshuilogico.com\/blog\/wp-json\/wp\/v2\/media\/28834"}],"wp:attachment":[{"href":"https:\/\/fengshuilogico.com\/blog\/wp-json\/wp\/v2\/media?parent=393"}],"wp:term":[{"taxonomy":"category","embeddable":true,"href":"https:\/\/fengshuilogico.com\/blog\/wp-json\/wp\/v2\/categories?post=393"},{"taxonomy":"post_tag","embeddable":true,"href":"https:\/\/fengshuilogico.com\/blog\/wp-json\/wp\/v2\/tags?post=393"}],"curies":[{"name":"wp","href":"https:\/\/api.w.org\/{rel}","templated":true}]}}