{"id":3103,"date":"2012-02-25T23:14:00","date_gmt":"2012-02-26T01:14:00","guid":{"rendered":"https:\/\/fengshuilogico.com\/blog\/?p=3103"},"modified":"2025-01-05T18:38:14","modified_gmt":"2025-01-05T21:38:14","slug":"o-sol-e-voce-em-sua-casa-va-ate-o-centro-de-sua-residencia-aponte-seu-braco-direito-para-o-lado-que-o-sol-nasce","status":"publish","type":"post","link":"https:\/\/fengshuilogico.com\/blog\/2012\/02\/25\/o-sol-e-voce-em-sua-casa-va-ate-o-centro-de-sua-residencia-aponte-seu-braco-direito-para-o-lado-que-o-sol-nasce\/","title":{"rendered":"O Sol e voc\u00ea em sua casa &#8211; V\u00e1 at\u00e9 o centro de sua resid\u00eancia. Aponte seu bra\u00e7o direito para o lado que o Sol nasce."},"content":{"rendered":"<p>O poder do Sol para harmonizar sua vida com o Feng Shui L\u00f3gico, o feng shui solar.<\/p>\n<p>Por uns instantes, pare e pense no poder imensur\u00e1vel do Sol, maestro da orquestra da Vida para o planeta Terra.<br \/>\nConhecer seus ritmos \u00e9 harmonizar-se<span class=\"text_exposed_show\">\u00a0com a criatura que nos traz a preciosa Luz.<br \/>\nAgora, multiplique ao Infinito: esse \u00e9 o poder da Vida, que tem suas pr\u00f3prias leis.<br \/>\nAprender a fluir com a VIDA: esse \u00e9 o trabalho daquele (a) que V\u00ea.<\/span><\/p>\n<div class=\"text_exposed_show\">\n<p>O Sol e voc\u00ea:<\/p>\n<\/div>\n<p><strong>Feng Shui L\u00f3gico &#8211; M\u00e9todo Solar das Quatro Esta\u00e7\u00f5es:<\/strong><\/p>\n<p><a href=\"https:\/\/fengshuilogico.com\/blog\/wp-content\/uploads\/2012\/02\/pontos-cardeais.jpg\"><img decoding=\"async\" class=\"aligncenter size-full wp-image-3112\" title=\"pontos cardeais\" src=\"https:\/\/fengshuilogico.com\/blog\/wp-content\/uploads\/2012\/02\/pontos-cardeais.jpg\" alt=\"\" width=\"200\" height=\"249\" \/><\/a><\/p>\n<figure id=\"attachment_9137\" aria-describedby=\"caption-attachment-9137\" style=\"width: 300px\" class=\"wp-caption aligncenter\"><a href=\"https:\/\/fengshuilogico.com\/blog\/wp-content\/uploads\/2010\/08\/Ba_gu\u00e1_Feng_Shui_L\u00f3gico_Hemisf\u00e9rio_Sul.jpg\"><img fetchpriority=\"high\" decoding=\"async\" class=\"size-medium wp-image-9137\" src=\"https:\/\/fengshuilogico.com\/blog\/wp-content\/uploads\/2010\/08\/Ba_gu\u00e1_Feng_Shui_L\u00f3gico_Hemisf\u00e9rio_Sul-300x298.jpg\" alt=\"Ba-gu\u00e1 para o Hemisf\u00e9rio Sul - Feng Shui L\u00f3gico - M\u00e9todo Solar das Quatro Esta\u00e7\u00f5es\" width=\"300\" height=\"298\" srcset=\"https:\/\/fengshuilogico.com\/blog\/wp-content\/uploads\/2010\/08\/Ba_gu\u00e1_Feng_Shui_L\u00f3gico_Hemisf\u00e9rio_Sul-300x298.jpg 300w, https:\/\/fengshuilogico.com\/blog\/wp-content\/uploads\/2010\/08\/Ba_gu\u00e1_Feng_Shui_L\u00f3gico_Hemisf\u00e9rio_Sul-150x150.jpg 150w, https:\/\/fengshuilogico.com\/blog\/wp-content\/uploads\/2010\/08\/Ba_gu\u00e1_Feng_Shui_L\u00f3gico_Hemisf\u00e9rio_Sul.jpg 640w\" sizes=\"(max-width: 300px) 100vw, 300px\" \/><\/a><figcaption id=\"caption-attachment-9137\" class=\"wp-caption-text\">Ba-gu\u00e1 para o Hemisf\u00e9rio Sul &#8211; Feng Shui L\u00f3gico &#8211; M\u00e9todo Solar das Quatro Esta\u00e7\u00f5es<\/figcaption><\/figure>\n<p><a href=\"https:\/\/fengshuilogico.com\/blog\/wp-content\/uploads\/2008\/07\/bagua_-Feng-Shui-_h_sul_com_planta_baixa.jpg\"><img decoding=\"async\" class=\"aligncenter size-full wp-image-7081\" src=\"https:\/\/fengshuilogico.com\/blog\/wp-content\/uploads\/2008\/07\/bagua_-Feng-Shui-_h_sul_com_planta_baixa.jpg\" alt=\"bagua_ Feng Shui _h_sul_com_planta_baixa\" width=\"422\" height=\"304\" srcset=\"https:\/\/fengshuilogico.com\/blog\/wp-content\/uploads\/2008\/07\/bagua_-Feng-Shui-_h_sul_com_planta_baixa.jpg 422w, https:\/\/fengshuilogico.com\/blog\/wp-content\/uploads\/2008\/07\/bagua_-Feng-Shui-_h_sul_com_planta_baixa-300x216.jpg 300w\" sizes=\"(max-width: 422px) 100vw, 422px\" \/><\/a><\/p>\n<p><strong>Esse \u00e9 lado LESTE,que favorece a sua sa\u00fade e a de seus familiares.<\/strong><\/p>\n<div class=\"jeg_video_container jeg_video_content\"><iframe title=\"O SOL NA SUA CASA: qual o ambiente que recebe a luz do Nascer do Sol? #fengshui #saude\" width=\"500\" height=\"281\" src=\"https:\/\/www.youtube.com\/embed\/wX_O-rYuybc?feature=oembed\" frameborder=\"0\" allow=\"accelerometer; autoplay; clipboard-write; encrypted-media; gyroscope; picture-in-picture; web-share\" referrerpolicy=\"strict-origin-when-cross-origin\" allowfullscreen><\/iframe><\/div>\n<p><strong><em>Verifique como essa energia est\u00e1 alimentando a sa\u00fade de sua fam\u00edlia e a sua:<\/em><\/strong> <!--more--><!--more--><\/p>\n<p><strong><a href=\"https:\/\/fengshuilogico.com\/blog\/2009\/01\/13\/feng-shui-para-a-saude\/\" target=\"_blank\" rel=\"noopener noreferrer\"> Feng Shui e a Sa\u00fade<\/a><\/strong><\/p>\n<p><strong>Sua cabe\u00e7a estar\u00e1 de frente para o NORTE,<\/strong> que alimenta o Sucesso, o reconhecimento do trabalho de sua vida:<\/p>\n<p><strong><a href=\"https:\/\/fengshuilogico.com\/blog\/2009\/01\/12\/feng-shui-como-ativar-o-gua-do-sucesso\/\" target=\"_blank\" rel=\"noopener noreferrer\">Feng Shui e o Sucesso<\/a><br \/>\n<\/strong><\/p>\n<p><strong>As costas estar\u00e3o voltadas para o SUL,<\/strong> lado de onde v\u00eam os ventos mais frios e que necessita de cuidados. \u00c9 respons\u00e1vel pela energia do Trabalho em sua vida:<br \/>\n<strong><a href=\"https:\/\/fengshuilogico.com\/blog\/2009\/01\/10\/feng-shui-trabalho\/\" target=\"_blank\" rel=\"noopener noreferrer\"> Feng Shui e o Trabalho<\/a><br \/>\n<\/strong><br \/>\n<strong>Seu bra\u00e7o esquerdo estar\u00e1 apontado o OESTE, <\/strong> o por-do-Sol, e favorece a Criatividade e tamb\u00e9m a Contempla\u00e7\u00e3o:<br \/>\n<strong><br \/>\n<\/strong><\/p>\n<div class=\"jeg_video_container jeg_video_content\"><iframe title=\"FENG SHUI COMO ATIVAR A CRIATIVIDADE?\" width=\"500\" height=\"281\" src=\"https:\/\/www.youtube.com\/embed\/p9I9LUGI-L8?feature=oembed\" frameborder=\"0\" allow=\"accelerometer; autoplay; clipboard-write; encrypted-media; gyroscope; picture-in-picture; web-share\" referrerpolicy=\"strict-origin-when-cross-origin\" allowfullscreen><\/iframe><\/div>\n<div class=\"jeg_video_container jeg_video_content\"><iframe title=\"Como aplicar o Bagu\u00e1 em Kitnet?\" width=\"500\" height=\"281\" src=\"https:\/\/www.youtube.com\/embed\/FIZqbXR--Bg?feature=oembed\" frameborder=\"0\" allow=\"accelerometer; autoplay; clipboard-write; encrypted-media; gyroscope; picture-in-picture; web-share\" referrerpolicy=\"strict-origin-when-cross-origin\" allowfullscreen><\/iframe><\/div>\n<p><strong>Identifique as \u00e1reas de sua resid\u00eancia:<\/strong><\/p>\n<div class=\"jeg_video_container jeg_video_content\"><iframe title=\"COMO APLICAR O BA-GU\u00c1 PELO M\u00c9TODO SOLAR - FENG SHUI L\u00d3GICO EM 3 PASSOS\" width=\"500\" height=\"281\" src=\"https:\/\/www.youtube.com\/embed\/vRcXulAXjas?feature=oembed\" frameborder=\"0\" allow=\"accelerometer; autoplay; clipboard-write; encrypted-media; gyroscope; picture-in-picture; web-share\" referrerpolicy=\"strict-origin-when-cross-origin\" allowfullscreen><\/iframe><\/div>\n<div class=\"jeg_video_container jeg_video_content\"><iframe title=\"Como achar o Norte pela posi\u00e7\u00e3o do SOL ou com a B\u00fassola?\" width=\"500\" height=\"281\" src=\"https:\/\/www.youtube.com\/embed\/Ay-B5gh9E1U?feature=oembed\" frameborder=\"0\" allow=\"accelerometer; autoplay; clipboard-write; encrypted-media; gyroscope; picture-in-picture; web-share\" referrerpolicy=\"strict-origin-when-cross-origin\" allowfullscreen><\/iframe><\/div>\n<p>INSCREVA-SE em nosso canal no YOUTUBE e receba v\u00eddeos atualizados com dicas e orienta\u00e7\u00f5es:<\/p>\n<p><strong> <a href=\"https:\/\/www.youtube.com\/watch?v=vpM0ZbpTA7s\" target=\"a_blank\" rel=\"noopener noreferrer\"> Inscreva-se Canal Youtube\/Feng Shui L\u00f3gico<\/a><\/strong><\/p>\n<blockquote><p>As melhores energias v\u00eam do amor pela Vida, pelo nosso planeta, pelo nosso solo, pela nossa gente e por n\u00f3s mesmos. Tudo o mais \u00e9 consequ\u00eancia disso.<\/p><\/blockquote>\n<p><strong> <a href=\"http:\/\/loja.fengshuilogico.com\/index.php\/livro-feng-shui-logico-comprar\/livro-feng-shui-logico.html\" target=\"a_blank\" rel=\"noopener noreferrer\"> Livro Feng Shui L\u00f3gico, Stela Vecchi, \u00cdcone Editora, 2004 &#8211; Compre aqui:<\/a><\/strong><\/p>\n<p><a href=\"https:\/\/fengshuilogico.com\/blog\/wp-content\/uploads\/2009\/05\/feng-shui-logico-stela-vecchi-icone-editora.png\"><img loading=\"lazy\" decoding=\"async\" class=\"aligncenter size-medium wp-image-7586\" src=\"https:\/\/fengshuilogico.com\/blog\/wp-content\/uploads\/2009\/05\/feng-shui-logico-stela-vecchi-icone-editora-205x300.png\" alt=\"feng-shui-logico-stela-vecchi-icone-editora\" width=\"205\" height=\"300\" srcset=\"https:\/\/fengshuilogico.com\/blog\/wp-content\/uploads\/2009\/05\/feng-shui-logico-stela-vecchi-icone-editora-205x300.png 205w, https:\/\/fengshuilogico.com\/blog\/wp-content\/uploads\/2009\/05\/feng-shui-logico-stela-vecchi-icone-editora.png 343w\" sizes=\"(max-width: 205px) 100vw, 205px\" \/><\/a><\/p>\n<p><strong> <a href=\"https:\/\/fengshuilogico.com\/blog\/2012\/10\/02\/como-nasceu-o-feng-shui-logico-e-a-adaptacao-do-ba-gua-para-o-hemisferio-sul\/\" target=\"a_blank\" rel=\"noopener noreferrer\"> A hist\u00f3ria do Feng Shui L\u00f3gico: como nasceu a adapta\u00e7\u00e3o do Ba-gu\u00e1 para o Hemisf\u00e9rio Sul?<\/a><\/strong><\/p>\n<blockquote><p>&nbsp;<\/p><\/blockquote>\n<p><strong> <a href=\"http:\/\/loja.fengshuilogico.com\/\" target=\"_blank\" rel=\"noopener noreferrer\"> Loja Feng Shui L\u00f3gico <\/a><\/strong><br \/>\n<strong>Confira o Programa do Curso B\u00e1sico em nosso Website:<\/strong><br \/>\n<strong><a href=\"https:\/\/loja.fengshuilogico.com\/curso-basico-feng-shui-logico-online-completo-com-video-chamada-p154\" target=\"_blank\" rel=\"noopener noreferrer\">Programa Curso B\u00e1sico de Feng Shui L\u00f3gico<\/a><\/strong><br \/>\nParticipe dos cursos ministrados por Stela Vecchi:<br \/>\n<strong>Feng Shui L\u00f3gico: Curso B\u00e1sico, Avan\u00e7ado e Profissionalizante<\/strong><br \/>\nNos cursos de Feng Shui L\u00f3gico voc\u00ea recebe informa\u00e7\u00f5es que ser\u00e3o \u00fateis para toda sua vida!<\/p>\n<p><strong>Visite tamb\u00e9m o site: <a href=\"http:\/\/www.fengshuilogico.com\" target=\"_blank\" rel=\"noopener noreferrer\">www.fengshuilogico.com<\/a><\/strong><\/p>\n","protected":false},"excerpt":{"rendered":"<p>O poder do Sol para harmonizar sua vida com o Feng Shui L\u00f3gico, o feng shui solar. Por uns instantes, pare e pense no poder imensur\u00e1vel do Sol, maestro da orquestra da Vida para o planeta Terra. Conhecer seus ritmos \u00e9 harmonizar-se\u00a0com a criatura que nos traz a preciosa Luz. Agora, multiplique ao Infinito: esse [&hellip;]<\/p>\n","protected":false},"author":6,"featured_media":11340,"comment_status":"open","ping_status":"open","sticky":false,"template":"","format":"standard","meta":{"footnotes":""},"categories":[4,20,3],"tags":[781,998,782,996,997,725],"_links":{"self":[{"href":"https:\/\/fengshuilogico.com\/blog\/wp-json\/wp\/v2\/posts\/3103"}],"collection":[{"href":"https:\/\/fengshuilogico.com\/blog\/wp-json\/wp\/v2\/posts"}],"about":[{"href":"https:\/\/fengshuilogico.com\/blog\/wp-json\/wp\/v2\/types\/post"}],"author":[{"embeddable":true,"href":"https:\/\/fengshuilogico.com\/blog\/wp-json\/wp\/v2\/users\/6"}],"replies":[{"embeddable":true,"href":"https:\/\/fengshuilogico.com\/blog\/wp-json\/wp\/v2\/comments?post=3103"}],"version-history":[{"count":4,"href":"https:\/\/fengshuilogico.com\/blog\/wp-json\/wp\/v2\/posts\/3103\/revisions"}],"predecessor-version":[{"id":25261,"href":"https:\/\/fengshuilogico.com\/blog\/wp-json\/wp\/v2\/posts\/3103\/revisions\/25261"}],"wp:featuredmedia":[{"embeddable":true,"href":"https:\/\/fengshuilogico.com\/blog\/wp-json\/wp\/v2\/media\/11340"}],"wp:attachment":[{"href":"https:\/\/fengshuilogico.com\/blog\/wp-json\/wp\/v2\/media?parent=3103"}],"wp:term":[{"taxonomy":"category","embeddable":true,"href":"https:\/\/fengshuilogico.com\/blog\/wp-json\/wp\/v2\/categories?post=3103"},{"taxonomy":"post_tag","embeddable":true,"href":"https:\/\/fengshuilogico.com\/blog\/wp-json\/wp\/v2\/tags?post=3103"}],"curies":[{"name":"wp","href":"https:\/\/api.w.org\/{rel}","templated":true}]}}