{"id":3004,"date":"2012-01-26T20:49:45","date_gmt":"2012-01-26T22:49:45","guid":{"rendered":"https:\/\/fengshuilogico.com\/blog\/?p=3004"},"modified":"2025-09-26T17:31:01","modified_gmt":"2025-09-26T20:31:01","slug":"ressurreicao-de-cristo-e-maria-madalena","status":"publish","type":"post","link":"https:\/\/fengshuilogico.com\/blog\/2012\/01\/26\/ressurreicao-de-cristo-e-maria-madalena\/","title":{"rendered":"Jesus: qual a import\u00e2ncia de sua apari\u00e7\u00e3o a Maria Madalena ap\u00f3s a Ressurrei\u00e7\u00e3o?"},"content":{"rendered":"\r\n<p><br \/>&#8220;<em>Junto \u00e0 cruz de Jesus estavam de p\u00e9 sua m\u00e3e, a irm\u00e3 de sua m\u00e3e, Maria, mulher de Cle\u00f3fas, e Maria Madalena&#8221;. Evangelho de S\u00e3o Jo\u00e3o<br \/><br \/><\/em><\/p>\r\n<p>Precisamos aprender que existe uma realidade al\u00e9m de todas as circunst\u00e2ncias materiais que nos une independente de ra\u00e7a, sexo, instru\u00e7\u00e3o, classe social. E que em \u00faltima an\u00e1lise Deus \u00e9 Ele mesmo tudo isso.<\/p>\r\n<p>Que independente de ser masculino ou feminino, o que capacita um ser humano a representar o divino n\u00e3o \u00e9 prerrogativa de ser masculino, mas a intensidade de seu Amor a Ele e a Sua Obra.<\/p>\r\n<p>Coisas de alguns homens&#8230; que n\u00e3o reconhecem a igualdade entre os sexos ainda hoje.<\/p>\r\n<p>E naqueles tempos t\u00e3o distantes, onde a mulher era t\u00e3o discriminada, nosso Mestre apareceu primeiro para uma mulher&#8230; cada gesto Seu foi uma li\u00e7\u00e3o de igualdade e de AMOR.<br \/><br \/><strong>A igualdade de direitos entre o homem e a mulher sem discrimina\u00e7\u00e3o de g\u00eanero \u00e9 o caminho do equil\u00edbrio social.<\/strong><\/p>\r\n<p><em><br \/><br \/><strong>E finalmente, em 30\/11\/2023 temos essa declara\u00e7\u00e3o do Papa Francisco:<\/strong><br \/><strong>&#8220;Um dos grandes pecados que tivemos foi &#8216;masculinizar&#8217; a Igreja.<\/strong> E isso n\u00e3o se resolve pelo caminho ministerial, isso \u00e9 outra coisa. Resolve-se pelo caminho m\u00edstico, pelo caminho real&#8221;, disse ainda o Papa.<br \/>Essas palavras proferidas pelo Papa Francisco \u00e9 de uma import\u00e2ncia imensur\u00e1vel por\u00e9m, talvez seja tarde demais para corrigir os efeitos do desequil\u00edbrio espiritual gerado pela Igreja Cat\u00f3lica.\u00a0<br \/><\/em><\/p>\r\n<p><strong>&#8220;A mulher tem uma capacidade de reflex\u00e3o teol\u00f3gica diferente da nossa, dos homens<\/strong>. Na pr\u00f3xima reuni\u00e3o dos nove Cardeais, teremos uma reflex\u00e3o sobre a dimens\u00e3o feminina da Igreja. Se n\u00e3o soubermos entender o que \u00e9 uma mulher, o que \u00e9 a teologia de uma mulher, nunca entenderemos o que \u00e9 a Igreja&#8221;, refletiu Francisco.\u00a0\u00a0\u00a0\u00a0(ANSA).\u00a0<br \/><strong>Papa Francisco em 30\/11\/2023<br \/><br \/><a href=\"https:\/\/fengshuilogico.com\/blog\/wp-content\/uploads\/2023\/05\/Maria-1.jpg\"><img fetchpriority=\"high\" decoding=\"async\" class=\"wp-image-24198 alignleft\" src=\"https:\/\/fengshuilogico.com\/blog\/wp-content\/uploads\/2023\/05\/Maria-1.jpg\" alt=\"\" width=\"311\" height=\"440\" srcset=\"https:\/\/fengshuilogico.com\/blog\/wp-content\/uploads\/2023\/05\/Maria-1.jpg 1170w, https:\/\/fengshuilogico.com\/blog\/wp-content\/uploads\/2023\/05\/Maria-1-212x300.jpg 212w, https:\/\/fengshuilogico.com\/blog\/wp-content\/uploads\/2023\/05\/Maria-1-724x1024.jpg 724w, https:\/\/fengshuilogico.com\/blog\/wp-content\/uploads\/2023\/05\/Maria-1-768x1086.jpg 768w, https:\/\/fengshuilogico.com\/blog\/wp-content\/uploads\/2023\/05\/Maria-1-1086x1536.jpg 1086w, https:\/\/fengshuilogico.com\/blog\/wp-content\/uploads\/2023\/05\/Maria-1-750x1061.jpg 750w, https:\/\/fengshuilogico.com\/blog\/wp-content\/uploads\/2023\/05\/Maria-1-1140x1613.jpg 1140w\" sizes=\"(max-width: 311px) 100vw, 311px\" \/><\/a><\/strong><a href=\"https:\/\/fengshuilogico.com\/blog\/wp-content\/uploads\/2020\/05\/Maria-Madalena-001.jpg\"><img decoding=\"async\" class=\"wp-image-25051 alignright\" src=\"https:\/\/fengshuilogico.com\/blog\/wp-content\/uploads\/2020\/05\/Maria-Madalena-001.jpg\" alt=\"\" width=\"356\" height=\"448\" srcset=\"https:\/\/fengshuilogico.com\/blog\/wp-content\/uploads\/2020\/05\/Maria-Madalena-001.jpg 890w, https:\/\/fengshuilogico.com\/blog\/wp-content\/uploads\/2020\/05\/Maria-Madalena-001-238x300.jpg 238w, https:\/\/fengshuilogico.com\/blog\/wp-content\/uploads\/2020\/05\/Maria-Madalena-001-814x1024.jpg 814w, https:\/\/fengshuilogico.com\/blog\/wp-content\/uploads\/2020\/05\/Maria-Madalena-001-768x966.jpg 768w, https:\/\/fengshuilogico.com\/blog\/wp-content\/uploads\/2020\/05\/Maria-Madalena-001-750x944.jpg 750w\" sizes=\"(max-width: 356px) 100vw, 356px\" \/><\/a><br \/><br \/><\/p>\r\n<p>&nbsp;<\/p>\r\n<p>&nbsp;<\/p>\r\n<p>&nbsp;<\/p>\r\n<p>&nbsp;<\/p>\r\n<p>&nbsp;<\/p>\r\n<p>&nbsp;<\/p>\r\n<p>&nbsp;<\/p>\r\n<p>&nbsp;<\/p>\r\n<p>&nbsp;<\/p>\r\n<p>&nbsp;<\/p>\r\n<p>&nbsp;<\/p>\r\n<p><strong>A atitude de Jesus durante seu minist\u00e9rio buscava esse equil\u00edbrio:<\/strong><br \/><br \/>&#8220;Maria Madalena\u00a0<strong>\u00e9 a figura mais misteriosa do Novo Testamento.<\/strong>\u00a0<strong>Em tr\u00eas evangelhos, ela \u00e9 mencionada na crucifica\u00e7\u00e3o e no sepultamento de Jesus<\/strong>. Nos quatro livros (Lucas, Jo\u00e3o, Mateus e Marcos), ela \u00e9 testemunha da tumba vazia, s\u00edmbolo da ressurrei\u00e7\u00e3o de Cristo. E em dois deles foi a primeira a ver Jesus ressuscitado.&#8221; (Google)<\/p>\r\n\r\n\r\n\r\n<p>A verdadeira fun\u00e7\u00e3o da religi\u00e3o \u00e9 nos ensinar a amar, \u00e9 conectar nossa alma com a Cria\u00e7\u00e3o.<br \/>Abrir nossos olhos para a maravilha que \u00e9 termos um corpo, uma mente, um cora\u00e7\u00e3o e um esp\u00edrito capazes de se maravilhar com o Universo e suas manifesta\u00e7\u00f5es.<br \/>O <strong>Um<\/strong> no <strong>Verso<\/strong>&#8230;<br \/>E o convite do Amor em nos tornarmos Um com Ele&#8230; Deus \u00e9 Amor.<\/p>\r\n\r\n\r\n\r\n<p>A conex\u00e3o \u00e9 silenciosa, o cora\u00e7\u00e3o sente uma paz indiz\u00edvel, e nos sentimos profundamente felizes, mesmo em situa\u00e7\u00f5es dif\u00edceis.<br \/>Essa conex\u00e3o \u00e9 o resultado de um trabalho feito por n\u00f3s no sil\u00eancio de nossos cora\u00e7\u00f5es em amar ao nosso Pai Criador com todas as nossas for\u00e7as, com todo o nosso entendimento e com todo o nosso cora\u00e7\u00e3o.<br \/>O primeiro mandamento j\u00e1 cont\u00e9m todos os outros, inclusive o amor a n\u00f3s mesmos como a nossos semelhantes, fruto da compreens\u00e3o de que temos Sua Centelha em cada um de n\u00f3s.<br \/>J\u00e1 sabemos que Ele \u00e9 bom, portanto tudo que Ele criou \u00e9 bom. E que precisamos aprender a administrar a Vida, usando tudo de forma ben\u00e9fica ou para trazer o Bem sempre em nosso meio.<\/p>\r\n\r\n\r\n\r\n<p>Portanto, a verdadeira religi\u00e3o torna voc\u00ea um templo e ent\u00e3o os verdadeiros adoradores compreendem que Ele \u00e9 adorado em Esp\u00edrito e Verdade e n\u00e3o em um templo de tijolo, ou mesmo em uma montanha&#8230;<\/p>\r\n\r\n<p><a href=\"https:\/\/fengshuilogico.com\/blog\/wp-content\/uploads\/2012\/01\/morada_amor.png\"><img decoding=\"async\" class=\"aligncenter size-full wp-image-8552\" src=\"https:\/\/fengshuilogico.com\/blog\/wp-content\/uploads\/2012\/01\/morada_amor.png\" alt=\"morada_amor\" width=\"284\" height=\"177\" \/><\/a><\/p>\r\n<blockquote>\r\n<p>Quanto tempo ainda ser\u00e1 necess\u00e1rio?<br \/>Para aprender a ver al\u00e9m das apar\u00eancias?<br \/>\u00c9 simples: amar as pessoas pela Luz que emanam. E ter compaix\u00e3o por aqueles que ainda sofrem, isto \u00e9, que n\u00e3o vivem na Paz.<\/p>\r\n<p>Assim, encontramos a verdadeira liberdade.<br \/>Porque a carne \u00e9 apenas um instrumento dos esp\u00edritos.<br \/>E enquanto n\u00e3o se abrirem para essa verdade, a luz interior n\u00e3o se acende.<\/p>\r\n<\/blockquote>\r\n<blockquote>\r\n<p>Todos temos que atingir novos patamares de compreens\u00e3o Cr\u00edstica.<br \/>Justi\u00e7a \u00e9 fundamental e a base do AMOR que permanece.<\/p>\r\n<\/blockquote>\r\n<p>Precisamos aprender que existe uma realidade al\u00e9m de todas as circunst\u00e2ncias materiais que nos une independente de ra\u00e7a, sexo, instru\u00e7\u00e3o, classe social. E que em \u00faltima an\u00e1lise Deus \u00e9 Ele mesmo tudo isso.<\/p>\r\n<p>Que independente de ser masculino ou feminino, o que capacita um ser humano a representar o divino n\u00e3o \u00e9 prerrogativa de ser masculino, mas a intensidade de seu Amor a Ele e a Sua Obra.<\/p>\r\n<p>Coisas de alguns homens&#8230; que n\u00e3o reconhecem a igualdade entre os sexos ainda hoje.<\/p>\r\n<p>E naqueles tempos t\u00e3o distantes, onde a mulher era t\u00e3o discriminada, nosso Mestre apareceu primeiro para uma mulher&#8230; cada gesto Seu foi uma li\u00e7\u00e3o de igualdade e de AMOR.<\/p>\r\n<p><a href=\"https:\/\/fengshuilogico.com\/blog\/2012\/01\/26\/sem-equilibrio-entre-o-masculino-e-o-feminino-nao-ha-verdadeira-paz\/jesus_maria_madalena\/\" rel=\"attachment wp-att-5782\"><img loading=\"lazy\" decoding=\"async\" class=\"aligncenter size-full wp-image-5782\" src=\"https:\/\/fengshuilogico.com\/blog\/wp-content\/uploads\/2012\/01\/Jesus_Maria_Madalena.jpg\" alt=\"Jesus_Maria_Madalena\" width=\"403\" height=\"396\" srcset=\"https:\/\/fengshuilogico.com\/blog\/wp-content\/uploads\/2012\/01\/Jesus_Maria_Madalena.jpg 403w, https:\/\/fengshuilogico.com\/blog\/wp-content\/uploads\/2012\/01\/Jesus_Maria_Madalena-300x294.jpg 300w\" sizes=\"(max-width: 403px) 100vw, 403px\" \/><\/a><\/p>\r\n<p>&nbsp;<\/p>\r\n<p><blockquote class=\"wp-embedded-content\" data-secret=\"79jN0gEnpf\"><a href=\"https:\/\/fengshuilogico.com\/blog\/2023\/11\/10\/um-pouco-da-minha-historia-1\/\">Um pouco da minha hist\u00f3ria com Jesus &#8211; Stela Vecchi<\/a><\/blockquote><iframe class=\"wp-embedded-content\" sandbox=\"allow-scripts\" security=\"restricted\" style=\"position: absolute; clip: rect(1px, 1px, 1px, 1px);\" title=\"&#8220;Um pouco da minha hist\u00f3ria com Jesus &#8211; Stela Vecchi&#8221; &#8212; Feng Shui L\u00f3gico - M\u00e9todo Solar Stela Vecchi\" src=\"https:\/\/fengshuilogico.com\/blog\/2023\/11\/10\/um-pouco-da-minha-historia-1\/embed\/#?secret=sq9VXOuhlu#?secret=79jN0gEnpf\" data-secret=\"79jN0gEnpf\" width=\"500\" height=\"282\" frameborder=\"0\" marginwidth=\"0\" marginheight=\"0\" scrolling=\"no\"><\/iframe><\/p>\r\n<p>&nbsp;<\/p>\r\n<p><a href=\"https:\/\/fengshuilogico.com\/blog\/wp-content\/uploads\/2023\/05\/capa_Caminho_da_Sabedoria_alta-scaled.jpg\"><img loading=\"lazy\" decoding=\"async\" class=\"aligncenter size-medium wp-image-24150\" src=\"https:\/\/fengshuilogico.com\/blog\/wp-content\/uploads\/2023\/05\/capa_Caminho_da_Sabedoria_alta-200x300.jpg\" alt=\"\" width=\"200\" height=\"300\" srcset=\"https:\/\/fengshuilogico.com\/blog\/wp-content\/uploads\/2023\/05\/capa_Caminho_da_Sabedoria_alta-200x300.jpg 200w, https:\/\/fengshuilogico.com\/blog\/wp-content\/uploads\/2023\/05\/capa_Caminho_da_Sabedoria_alta-682x1024.jpg 682w, https:\/\/fengshuilogico.com\/blog\/wp-content\/uploads\/2023\/05\/capa_Caminho_da_Sabedoria_alta-768x1153.jpg 768w, https:\/\/fengshuilogico.com\/blog\/wp-content\/uploads\/2023\/05\/capa_Caminho_da_Sabedoria_alta-1023x1536.jpg 1023w, https:\/\/fengshuilogico.com\/blog\/wp-content\/uploads\/2023\/05\/capa_Caminho_da_Sabedoria_alta-1365x2048.jpg 1365w, https:\/\/fengshuilogico.com\/blog\/wp-content\/uploads\/2023\/05\/capa_Caminho_da_Sabedoria_alta-750x1126.jpg 750w, https:\/\/fengshuilogico.com\/blog\/wp-content\/uploads\/2023\/05\/capa_Caminho_da_Sabedoria_alta-1140x1711.jpg 1140w, https:\/\/fengshuilogico.com\/blog\/wp-content\/uploads\/2023\/05\/capa_Caminho_da_Sabedoria_alta-scaled.jpg 1706w\" sizes=\"(max-width: 200px) 100vw, 200px\" \/><\/a><\/p>\r\n<p><em>Leia O Caminho da Sabedoria, de Stela Vecchi<\/em><\/p>\r\n<p>Uma hist\u00f3ria vivida na m\u00edstica Machu Picchu<br \/><a href=\"https:\/\/fengshuilogico.com\/blog\/2012\/12\/13\/livro-o-caminho-da-sabedoria-de-stela-vecchi\/\" target=\"_blank\" rel=\"noopener noreferrer\"><br \/><strong>Download gr\u00e1tis &#8211; O Caminho da Sabedoria, de Stela Vecchi<\/strong><\/a><\/p>\r\n<p>INSCREVA-SE em nosso canal no YOUTUBE e receba v\u00eddeos atualizados com dicas e orienta\u00e7\u00f5es:<\/p>\r\n<p><strong> <a href=\"https:\/\/www.youtube.com\/watch?v=vpM0ZbpTA7s\" target=\"a_blank\" rel=\"noopener noreferrer\"> Inscreva-se Canal Youtube\/Feng Shui L\u00f3gico<\/a><\/strong><\/p>\r\n<p><strong> V\u00eddeo: Os Cinco Elementos para voc\u00ea decorar os ambientes, com Stela Vecchi <\/strong><\/p>\r\n<blockquote>\r\n<p>As melhores energias v\u00eam do amor pela Vida, pelo nosso planeta, pelo nosso solo, pela nossa gente e por n\u00f3s mesmos. Tudo o mais \u00e9 consequ\u00eancia disso.<\/p>\r\n<\/blockquote>\r\n<p><strong> <a href=\"http:\/\/loja.fengshuilogico.com\/index.php\/livro-feng-shui-logico-comprar\/livro-feng-shui-logico.html\" target=\"a_blank\" rel=\"noopener noreferrer\"> Livro Feng Shui L\u00f3gico, Stela Vecchi, \u00cdcone Editora, 2004 &#8211; Compre aqui:<\/a><\/strong><\/p>\r\n<p><a href=\"https:\/\/fengshuilogico.com\/blog\/wp-content\/uploads\/2009\/01\/CapaFSL_Icone_Editora-2.jpg\"><img loading=\"lazy\" decoding=\"async\" class=\"aligncenter size-medium wp-image-24141\" src=\"https:\/\/fengshuilogico.com\/blog\/wp-content\/uploads\/2009\/01\/CapaFSL_Icone_Editora-2-214x300.jpg\" alt=\"\" width=\"214\" height=\"300\" srcset=\"https:\/\/fengshuilogico.com\/blog\/wp-content\/uploads\/2009\/01\/CapaFSL_Icone_Editora-2-214x300.jpg 214w, https:\/\/fengshuilogico.com\/blog\/wp-content\/uploads\/2009\/01\/CapaFSL_Icone_Editora-2.jpg 341w\" sizes=\"(max-width: 214px) 100vw, 214px\" \/><\/a><\/p>\r\n<p><strong> A hist\u00f3ria do Feng Shui L\u00f3gico: como nasceu a adapta\u00e7\u00e3o do Ba-gu\u00e1 para o Hemisf\u00e9rio Sul?<br \/><\/strong><\/p>\r\n<p>Aprenda o M\u00e9todo Solar, com Stela Vecchi, que traz tantos benef\u00edcios e renova sua vida junto com os ciclos da natureza:<\/p>\r\n<p>Queridos amigos, grata por sua presen\u00e7a aqui! <br \/>Sou Stela Vecchi, fundadora do Feng Shui L\u00f3gico, a Escola Solar de Feng Shui que ensina voc\u00ea a harmonizar sua casa (e sua vida!) com a luz solar colocando sua vida em sintonia com o fluxo vital da M\u00e3e Natureza.<br \/>Quando voc\u00ea alinha sua casa (e voc\u00ea!) com o Sol e os 8 ventos primordiais voc\u00ea cria a liga\u00e7\u00e3o com as for\u00e7as que regem a Vida. E sente o pertencimento que nos recarrega e refaz nossas for\u00e7as.<br \/>Os 8 ventos est\u00e3o associados \u00e0s dire\u00e7\u00f5es Norte, Sul, Leste e Oeste e \u00e0s 4 intermedi\u00e1rias: Nordeste, Noroeste, Sudeste e Sudoeste.<br \/>Os antigos s\u00e1bios chineses associaram essas dire\u00e7\u00f5es cardeais \u00e0s horas do dia, \u00e0s esta\u00e7\u00f5es do ano (inversas nos Hemisf\u00e9rios Norte e Sul) e \u00e0s \u00e1reas de nossas vidas: Fam\u00edlia e Sa\u00fade; Prosperidade; Sucesso; Relacionamentos; Criatividade e Filhos Pequenos; Amigos e Viagens; Trabalho e Autoconhecimento e Espiritualidade.<\/p>\r\n<p>Essa liga\u00e7\u00e3o se faz a partir do centro de sua casa e faz o alinhamento atrav\u00e9s da aplica\u00e7\u00e3o do Bagu\u00e1, o mapa da Harmonia com a Natureza.<\/p>\r\n<p>A Linha do Equador divide o planeta em duas \u201cmetades\u201d (hemisf\u00e9rio significa metade do globo terrestre ou da esfera celeste).<br \/>Esse Bagu\u00e1 est\u00e1 adaptado para o Hemisf\u00e9rio Sul.<\/p>\r\n<p>Essa t\u00e9cnica denominada Feng Shui L\u00f3gico criou o M\u00e9todo Solar e est\u00e1 explicada no livro Feng Shui L\u00f3gico, Stela Vecchi, \u00cdcone Editora, SP, 2004.<br \/><br \/><a href=\"https:\/\/fengshuilogico.com\/blog\/wp-content\/uploads\/2009\/12\/CapaFSL_Icone_Editora-2.jpg\"><img loading=\"lazy\" decoding=\"async\" class=\"aligncenter  wp-image-25222\" src=\"https:\/\/fengshuilogico.com\/blog\/wp-content\/uploads\/2009\/12\/CapaFSL_Icone_Editora-2.jpg\" alt=\"\" width=\"251\" height=\"353\" srcset=\"https:\/\/fengshuilogico.com\/blog\/wp-content\/uploads\/2009\/12\/CapaFSL_Icone_Editora-2.jpg 341w, https:\/\/fengshuilogico.com\/blog\/wp-content\/uploads\/2009\/12\/CapaFSL_Icone_Editora-2-214x300.jpg 214w\" sizes=\"(max-width: 251px) 100vw, 251px\" \/><\/a><\/p>\r\n<p>Neste link voc\u00ea encontra o livro no formato E-book (PDF) e impresso:<br \/><strong><a href=\"https:\/\/loja.fengshuilogico.com\/livros\/\" target=\"_blank\" rel=\"noopener\">Livro Feng Shui L\u00f3gico &#8211; Compre aqui:<\/a><\/strong><\/p>\r\n<p>1. Apostila Curso B\u00e1sico Hemisf\u00e9rio SUL Feng Shui L\u00f3gico + 9 passos para harmonizar sua casa<br \/>Apostila did\u00e1tica para voc\u00ea aprender o Feng Shui que coloca sua casa (e voc\u00ea!) em harmonia com a Natureza. Atraia mais Sa\u00fade, Harmonia e Prosperidade nessa conex\u00e3o com o Sol e seus ciclos. <br \/>Valor: R$ 39,00:<br \/><strong><a href=\"https:\/\/loja.fengshuilogico.com\/apostila-1-curso-basico-feng-shui-logico-hemisferio-sul-+-9-passos-para-harmonizar-sua-casa-p160\" target=\"_blank\" rel=\"noopener\">Adquira aqui: Apostila did\u00e1tica + 9 Passos para harmonizar sua casa<\/a><\/strong><\/p>\r\n<p>2. Curso Completo para quem quer aprofundar-se ou profissionalizar-se:<br \/>Curso B\u00e1sico Feng Shui L\u00f3gico Online Completo com v\u00eddeo-chamada<br \/>Curso bem completo, com tira-d\u00favidas personalizado: voc\u00ea vai aprender o m\u00e9todo in\u00e9dito que coloca sua casa (e voc\u00ea) em harmonia com o Sol e os ciclos da Natureza. Atraindo mais Sa\u00fade, Prosperidade, Amor e Harmonia para sua vida!<br \/>Valor: R$ 239,00 (em 3 vezes sem juros pelo Paypal)<br \/><strong><a href=\"https:\/\/loja.fengshuilogico.com\/curso-basico-feng-shui-logico-online-completo-com-video-chamada-p154\" target=\"_blank\" rel=\"noopener\">Clique aqui para adquirir: Curso B\u00e1sico Feng Shui L\u00f3gico Online Personalizado<\/a><\/strong><\/p>\r\n<p>Nos cursos de Feng Shui L\u00f3gico voc\u00ea recebe informa\u00e7\u00f5es que ser\u00e3o \u00fateis para toda sua vida!<\/p>\r\n<p>\u2605\u2605\u2605\u2605\u2605<\/p>\r\n<p>SITE \u25ba https:\/\/fengshuilogico.com<\/p>\r\n<p>BLOG \u25ba https:\/\/blog.fengshuilogico.com<\/p>\r\n<p>LOJA \u25ba https:\/\/loja.fengshuilogico.com<\/p>\r\n<p>INSTAGRAM \u25ba https:\/\/instagram.com\/fengshuilogico<\/p>\r\n<p>FACEBOOK \u25ba https:\/\/facebook.com\/fengshuilogico<\/p>\r\n<p>***<br \/>Stela Vecchi Cursos Feng Shui L\u00f3gico Personalizados e Consultorias<br \/>Informa\u00e7\u00f5es pelo whatsapp: +55 11 99908 4766<\/p>\r\n<p><strong>Visite tamb\u00e9m o site: <a href=\"http:\/\/www.fengshuilogico.com\" target=\"_blank\" rel=\"noopener noreferrer\">www.fengshuilogico.com<\/a><\/strong><\/p>","protected":false},"excerpt":{"rendered":"<p>&#8220;Junto \u00e0 cruz de Jesus estavam de p\u00e9 sua m\u00e3e, a irm\u00e3 de sua m\u00e3e, Maria, mulher de Cle\u00f3fas, e Maria Madalena&#8221;. Evangelho de S\u00e3o Jo\u00e3o Precisamos aprender que existe uma realidade al\u00e9m de todas as circunst\u00e2ncias materiais que nos une independente de ra\u00e7a, sexo, instru\u00e7\u00e3o, classe social. E que em \u00faltima an\u00e1lise Deus \u00e9 [&hellip;]<\/p>\n","protected":false},"author":6,"featured_media":27271,"comment_status":"open","ping_status":"open","sticky":false,"template":"","format":"standard","meta":{"footnotes":""},"categories":[2350,2601,30],"tags":[707,708,895,129,476,475,2710,474,295],"_links":{"self":[{"href":"https:\/\/fengshuilogico.com\/blog\/wp-json\/wp\/v2\/posts\/3004"}],"collection":[{"href":"https:\/\/fengshuilogico.com\/blog\/wp-json\/wp\/v2\/posts"}],"about":[{"href":"https:\/\/fengshuilogico.com\/blog\/wp-json\/wp\/v2\/types\/post"}],"author":[{"embeddable":true,"href":"https:\/\/fengshuilogico.com\/blog\/wp-json\/wp\/v2\/users\/6"}],"replies":[{"embeddable":true,"href":"https:\/\/fengshuilogico.com\/blog\/wp-json\/wp\/v2\/comments?post=3004"}],"version-history":[{"count":19,"href":"https:\/\/fengshuilogico.com\/blog\/wp-json\/wp\/v2\/posts\/3004\/revisions"}],"predecessor-version":[{"id":28777,"href":"https:\/\/fengshuilogico.com\/blog\/wp-json\/wp\/v2\/posts\/3004\/revisions\/28777"}],"wp:featuredmedia":[{"embeddable":true,"href":"https:\/\/fengshuilogico.com\/blog\/wp-json\/wp\/v2\/media\/27271"}],"wp:attachment":[{"href":"https:\/\/fengshuilogico.com\/blog\/wp-json\/wp\/v2\/media?parent=3004"}],"wp:term":[{"taxonomy":"category","embeddable":true,"href":"https:\/\/fengshuilogico.com\/blog\/wp-json\/wp\/v2\/categories?post=3004"},{"taxonomy":"post_tag","embeddable":true,"href":"https:\/\/fengshuilogico.com\/blog\/wp-json\/wp\/v2\/tags?post=3004"}],"curies":[{"name":"wp","href":"https:\/\/api.w.org\/{rel}","templated":true}]}}