{"id":28315,"date":"2024-12-29T00:49:32","date_gmt":"2024-12-29T03:49:32","guid":{"rendered":"https:\/\/fengshuilogico.com\/blog\/?p=28315"},"modified":"2026-01-19T17:14:53","modified_gmt":"2026-01-19T20:14:53","slug":"iniciacao-espiritual-o-que-e","status":"publish","type":"post","link":"https:\/\/fengshuilogico.com\/blog\/2024\/12\/29\/iniciacao-espiritual-o-que-e\/","title":{"rendered":"Compreenda os passos da Inicia\u00e7\u00e3o Espiritual. Em qual grau voc\u00ea est\u00e1?"},"content":{"rendered":"\r\n<p id=\"block-e8f6571c-1777-44e8-9a85-7c219ab25ad0\"><strong><a href=\"https:\/\/fengshuilogico.com\/blog\/wp-content\/uploads\/2024\/12\/water-lily-1585178_960_720.jpg\"><img decoding=\"async\" class=\"aligncenter size-medium wp-image-28322\" src=\"https:\/\/fengshuilogico.com\/blog\/wp-content\/uploads\/2024\/12\/water-lily-1585178_960_720-300x141.jpg\" alt=\"\" width=\"300\" height=\"141\" srcset=\"https:\/\/fengshuilogico.com\/blog\/wp-content\/uploads\/2024\/12\/water-lily-1585178_960_720-300x141.jpg 300w, https:\/\/fengshuilogico.com\/blog\/wp-content\/uploads\/2024\/12\/water-lily-1585178_960_720-768x361.jpg 768w, https:\/\/fengshuilogico.com\/blog\/wp-content\/uploads\/2024\/12\/water-lily-1585178_960_720-750x352.jpg 750w, https:\/\/fengshuilogico.com\/blog\/wp-content\/uploads\/2024\/12\/water-lily-1585178_960_720.jpg 960w\" sizes=\"(max-width: 300px) 100vw, 300px\" \/><\/a>O que define a inicia\u00e7\u00e3o?<\/strong><\/p>\r\n\r\n\r\n\r\n<p id=\"block-ae4e0ff8-58a0-436d-b5e8-449bfc0b8300\">Na verdade, podemos encontrar livros e pessoas que podem despertar em n\u00f3s a busca pelo sentido da Vida.<\/p>\r\n\r\n\r\n\r\n<p id=\"block-8d686975-9aef-4611-9795-c79dd2aad649\">Mas ningu\u00e9m pode nos iniciar, porque esse \u00e9 um momento de encontro entre nossa alma e o Deus de nosso cora\u00e7\u00e3o.<\/p>\r\n\r\n\r\n\r\n<p id=\"block-359babd6-cb0d-484f-9502-4d61101e1737\">Nesse momento somos introduzidos na pr\u00f3xima dimens\u00e3o e somos marcados para sempre pela experi\u00eancia inexprim\u00edvel que vivemos.<\/p>\r\n\r\n\r\n\r\n<p>E s\u00f3 ent\u00e3o se inicia de fato nossa vida espiritual.<\/p>\r\n\r\n<p><strong>Qual o seu grau de espiritualidade?<\/strong> Enquanto n\u00e3o abrimos nossos olhos espirituais, tendo olhos, na verdade n\u00e3o somos conscientes dos mist\u00e9rios que nos cercam.<\/p>\r\n\r\n\r\n\r\n<p>Voc\u00ea sabe em que ponto evolutivo voc\u00ea se encontra?<img decoding=\"async\" src=\"blob:https:\/\/www.stelavecchi.com.br\/96027296-1cca-4df0-8505-9c59f6cc47ed\" alt=\"\" \/><img decoding=\"async\" src=\"blob:https:\/\/www.stelavecchi.com.br\/9e09a06b-f5ba-41fb-b211-7a41524b9d69\" alt=\"\" \/>Esse conhecimento pode facilitar muito sua estadia na Terra. H\u00e1 muitos degraus entre os graus Iniciado e Ascensionado: esse \u00e9 um tema extremamente rico j\u00e1 que nos introduz nos campos da alma humana.<\/p>\r\n\r\n\r\n\r\n<p>A humanidade \u00e9 como um mar de consci\u00eancias para as quais o mundo n\u00e3o \u00e9 o mesmo. Cada um vive em seu mundo pr\u00f3prio e nosso grande desafio \u00e9 criar pontos de uni\u00e3o entre n\u00f3s. O elemento que equaliza e equilibra essas diferen\u00e7as \u00e9 o Amor. A espiritualidade \u00e9 vital para que possamos renovar as for\u00e7as humanas de nosso pobre planeta Terra. Digo pobre porque n\u00e3o \u00e9 amado e cuidado por n\u00f3s, seus filhos.<\/p>\r\n<p>Mas isso pode mudar&#8230;<\/p>\r\n<p><strong>Espiritualidade podemos definir<\/strong> como a capacidade de enxergar al\u00e9m das apar\u00eancias e de confiar na Provid\u00eancia Divina mesmo nas situa\u00e7\u00f5es mais dif\u00edceis.<\/p>\r\n<p>O ser humano espiritual tem perene consci\u00eancia de que sem Deus, o Criador, ele nada pode fazer. J\u00e1 sabe que existem coisas essenciais que s\u00e3o invis\u00edveis, assim como ar que n\u00e3o vemos mas que \u00e9 essencial \u00e0 Vida.<\/p>\r\n<p>\u00c9 consciente tamb\u00e9m do poder do Sol, maestro da orquestra da Vida, criatura que nos envia sua Luz e calor gratuitamente. Assim como cada criatura da natureza vive a verdade de sua manifesta\u00e7\u00e3o vital, cada um de n\u00f3s precisa achar seu ritmo de vida. N\u00e3o fomos feitos para apenas acumularmos riquezas, nem parceiros sexuais, nem sobressa\u00edrmos atrav\u00e9s da apar\u00eancia f\u00edsica e de m\u00e1scaras ps\u00edquicas (onde n\u00e3o revelamos nosso eu). Mas somos capazes de nos dedicar a todas essas coisas. A pessoa que vibra na frequ\u00eancia da mat\u00e9ria, est\u00e1 na 3\u00aa dimens\u00e3o, n\u00e3o reconhece o poder espiritual,\u00a0 mesmo que frequente cultos religiosos.<\/p>\r\n<p><strong>Na verdade, seu cora\u00e7\u00e3o e sua mente ainda n\u00e3o despertaram para o lado oculto da vida.<\/strong> <strong>Tendo olhos, n\u00e3o veem. S\u00e3o os chamados cegos ou ainda mortos.<\/strong> Deixe que os mortos enterrem seus mortos&#8230; Jesus <br \/><br \/>Enquanto escravo de suas circunst\u00e2ncias, o ser humano\u00a0<strong>da 3\u00aa dimens\u00e3o<\/strong>\u00a0age sempre imitando o que leu, viu ou ouviu, resultado das influ\u00eancias de seu meio. <br \/>Assim, se torna uma jun\u00e7\u00e3o daquilo que mais o impressionou, afetou e\/ou o que mais lhe causou admira\u00e7\u00e3o.<br \/><br \/>Com o tempo, talvez atrav\u00e9s de v\u00e1rias reencarna\u00e7\u00f5es, as experi\u00eancias e seus sofrimentos inerentes para os que apenas <em>alimentam seus corpos\u00a0<\/em>come\u00e7am a &#8220;pesar&#8221;. Surge o vazio interior. Surge o t\u00e9dio de viver. <br \/>O ser humano come\u00e7a a anelar a algo mais e j\u00e1 sabe que\u00a0<em>nem s\u00f3 de p\u00e3o n\u00f3s vivemos mas de toda a palavra que sai da boca de Deus,<\/em> que fala atrav\u00e9s dos que j\u00e1 abriram seus olhos para a Vida C\u00f3smica, a Vida Universal.<\/p>\r\n<p>Nesse ponto, independente de participar de rituais religiosos ou n\u00e3o, pode ocorrer a inicia\u00e7\u00e3o na pr\u00f3xima dimens\u00e3o.<br \/>Voc\u00ea pode sentir-se transportado (a) a uma sensa\u00e7\u00e3o de compreens\u00e3o e de paz jamais sentidas por voc\u00ea nesta vida. Deus se manifesta em seu cora\u00e7\u00e3o. Esse \u00e9 o chamado para que voc\u00ea busque a conquista desse estado de forma constante. Por\u00e9m, esse estado t\u00e3o agrad\u00e1vel n\u00e3o dura muito e seu sofrimento parece ainda maior quando sente-se novamente s\u00f3.<br \/><br \/>Toda a transi\u00e7\u00e3o \u00e9 \u00e1rida e muitas vezes permanecemos um bom tempo nessa etapa onde j\u00e1 n\u00e3o nos satisfazemos com o que antes nos proporcionava felicidade. Esse estado foi muito bem definido como a\u00a0<em>Noite Escura da Alma\u00a0<\/em>por S\u00e3o Jo\u00e3o da Cruz, grande m\u00edstico espanhol.<\/p>\r\n<p><strong>Essa pessoa atingiu a 4\u00aa dimens\u00e3o<\/strong>, coloca os p\u00e9s em um novo caminho, e sabe que seu destino \u00e9 a ascens\u00e3o a um est\u00e1gio vibrat\u00f3rio onde a dor n\u00e3o mais existe: <strong>a 5\u00aa dimens\u00e3o plena<\/strong>. <br \/>Chamamos tamb\u00e9m esse est\u00e1gio de Inicia\u00e7\u00e3o.<br \/><br \/><\/p>\r\n<p>O estado do\u00a0<strong>Iniciado<\/strong>\u00a0\u00e9 muito rico porque ele busca conhecimento, se interessa em praticar medita\u00e7\u00e3o e seus olhos ent\u00e3o percebem\u00a0<em>a semente de um fruto como a pr\u00f3pria \u00e1rvore<\/em>. Ainda est\u00e1 preso a ilus\u00f5es e seu caminho \u00e9 longo, por\u00e9m seus olhos j\u00e1 s\u00e3o capazes de &#8220;ver&#8221;.<\/p>\r\n<p>De fato, o Iniciado passa por v\u00e1rios graus antes de chegar \u00e0\u00a0<strong>ascens\u00e3o<\/strong>, onde compreendemos que a vida \u00e9 um milagre constante e estarmos vivos nesse Tempo e Espa\u00e7o \u00e9 um motivo de grande alegria. O sofrimento cedeu lugar \u00e0 Compreens\u00e3o. Nesse est\u00e1gio, entre outras d\u00e1divas, respiramos conscientes e com muito prazer.<\/p>\r\n<p><strong>Essa frase define aquele que atingiu a 5\u00aa dimens\u00e3o:<\/strong><\/p>\r\n<p><em>Aquele que conseguiu transcender a si mesmo, esse v\u00ea a Deus onde estiver.<br \/><br \/><a href=\"https:\/\/fengshuilogico.com\/blog\/wp-content\/uploads\/2010\/05\/caduceu_pintura.jpg\"><img fetchpriority=\"high\" decoding=\"async\" class=\"aligncenter size-full wp-image-4210\" src=\"https:\/\/fengshuilogico.com\/blog\/wp-content\/uploads\/2010\/05\/caduceu_pintura.jpg\" alt=\"\" width=\"210\" height=\"260\" \/><\/a><br \/><\/em><\/p>\r\n<p><strong>Aten\u00e7\u00e3o:<\/strong><\/p>\r\n<p>O mundo da espiritualidade tem inicia\u00e7\u00f5es, etapas, e muitos sabem disso.<\/p>\r\n<p>No entanto, poucos sabem que essas inicia\u00e7\u00f5es nem sempre ocorrem durante os rituais, ritos ou cursos que participamos.<\/p>\r\n<p>Podem ocorrer durante sonhos.<\/p>\r\n<p>Fique atento a sonhos com grande significado para voc\u00ea. Marque e escreva se isso ocorrer.<\/p>\r\n<p>Dependendo de seu grau espiritual, voc\u00ea pode estar recebendo novas gradua\u00e7\u00f5es, e voc\u00ea dever\u00e1 estar consciente para poder utiliz\u00e1-las em seu aperfei\u00e7oamento e em prol de seus semelhantes.<\/p>\r\n<p>Talvez s\u00f3 muito tempo depois (o tempo para isso n\u00e3o conta) que voc\u00ea ir\u00e1 compreend\u00ea-lo.<\/p>\r\n<p><em>Stela Vecchi<\/em><\/p>\r\n<p><strong>O Sol \u00e9 a criatura que nos traz a Luz. Harmonizar-se com ele \u00e9 trazer mais luz para nossa vida.<br \/><br \/><br \/><\/strong><\/p>\r\n<p><div class=\"jeg_video_container jeg_video_content\"><iframe title=\"O SOL NA SUA CASA: qual o ambiente que recebe a luz do Nascer do Sol? #fengshui #saude\" width=\"500\" height=\"281\" src=\"https:\/\/www.youtube.com\/embed\/wX_O-rYuybc?feature=oembed\" frameborder=\"0\" allow=\"accelerometer; autoplay; clipboard-write; encrypted-media; gyroscope; picture-in-picture; web-share\" referrerpolicy=\"strict-origin-when-cross-origin\" allowfullscreen><\/iframe><\/div><\/p>\r\n<p><strong><br \/><\/strong><br \/><br \/><br \/><\/p>\r\n<p>&nbsp;<\/p>\r\n<p id=\"block-58975ece-4902-4336-a04c-4cc1d44e59dc\"><\/p>\r\n","protected":false},"excerpt":{"rendered":"<p>O que define a inicia\u00e7\u00e3o? Na verdade, podemos encontrar livros e pessoas que podem despertar em n\u00f3s a busca pelo sentido da Vida. Mas ningu\u00e9m pode nos iniciar, porque esse \u00e9 um momento de encontro entre nossa alma e o Deus de nosso cora\u00e7\u00e3o. Nesse momento somos introduzidos na pr\u00f3xima dimens\u00e3o e somos marcados para [&hellip;]<\/p>\n","protected":false},"author":6,"featured_media":27495,"comment_status":"open","ping_status":"open","sticky":false,"template":"","format":"standard","meta":{"footnotes":""},"categories":[42,34,2350,486,2601,2444],"tags":[2930,2931],"_links":{"self":[{"href":"https:\/\/fengshuilogico.com\/blog\/wp-json\/wp\/v2\/posts\/28315"}],"collection":[{"href":"https:\/\/fengshuilogico.com\/blog\/wp-json\/wp\/v2\/posts"}],"about":[{"href":"https:\/\/fengshuilogico.com\/blog\/wp-json\/wp\/v2\/types\/post"}],"author":[{"embeddable":true,"href":"https:\/\/fengshuilogico.com\/blog\/wp-json\/wp\/v2\/users\/6"}],"replies":[{"embeddable":true,"href":"https:\/\/fengshuilogico.com\/blog\/wp-json\/wp\/v2\/comments?post=28315"}],"version-history":[{"count":9,"href":"https:\/\/fengshuilogico.com\/blog\/wp-json\/wp\/v2\/posts\/28315\/revisions"}],"predecessor-version":[{"id":29062,"href":"https:\/\/fengshuilogico.com\/blog\/wp-json\/wp\/v2\/posts\/28315\/revisions\/29062"}],"wp:featuredmedia":[{"embeddable":true,"href":"https:\/\/fengshuilogico.com\/blog\/wp-json\/wp\/v2\/media\/27495"}],"wp:attachment":[{"href":"https:\/\/fengshuilogico.com\/blog\/wp-json\/wp\/v2\/media?parent=28315"}],"wp:term":[{"taxonomy":"category","embeddable":true,"href":"https:\/\/fengshuilogico.com\/blog\/wp-json\/wp\/v2\/categories?post=28315"},{"taxonomy":"post_tag","embeddable":true,"href":"https:\/\/fengshuilogico.com\/blog\/wp-json\/wp\/v2\/tags?post=28315"}],"curies":[{"name":"wp","href":"https:\/\/api.w.org\/{rel}","templated":true}]}}