{"id":28250,"date":"2024-12-08T23:58:46","date_gmt":"2024-12-09T02:58:46","guid":{"rendered":"https:\/\/fengshuilogico.com\/blog\/?p=28250"},"modified":"2026-04-18T14:05:10","modified_gmt":"2026-04-18T17:05:10","slug":"qual-o-sentido-da-comunhao-instituida-por-jesus","status":"publish","type":"post","link":"https:\/\/fengshuilogico.com\/blog\/2024\/12\/08\/qual-o-sentido-da-comunhao-instituida-por-jesus\/","title":{"rendered":"A \u00daltima Ceia do Mestre Jesus entre n\u00f3s"},"content":{"rendered":"<p><strong>Medita\u00e7\u00e3o sobre a natureza da comunh\u00e3o.<\/strong> <br \/><br \/><strong>O resumo de Seus Ensinamentos.<\/strong> <br \/><br \/>Os \u00faltimos 3 anos tinham sido intensos. Incans\u00e1vel e ao mesmo tempo cuidadoso em manter-se centrado, nas noites Jesus se entregava \u00e0 ora\u00e7\u00e3o, \u00e0 sua conversa com Seu Divino Pai, ouvindo e preparando-se para os inevit\u00e1veis combates que Sua miss\u00e3o lhe destinou. <br \/><br \/>Os acontecimentos das \u00faltimas semanas foram se intensificando, e o \u00f3dio \u00e0 mudan\u00e7a de paradigma que Sua Doutrina trouxe era evidente. Paciente e exaustivamente, havia deixado claro que ele n\u00e3o havia vindo mudar a lei, mas aperfei\u00e7o\u00e1-la. <br \/><br \/>Os milagres que fazia acompanhavam suas palavras, provando a veracidade delas. <br \/><em>A boa \u00e1rvore d\u00e1 bons frutos. Pelos frutos conhecereis os verdadeiros profetas.<\/em> <br \/><em>O dono da vinha enviou seu pr\u00f3prio filho, mas eles o mataram&#8230; Mateus 21, 37<\/em> <br \/><br \/>Bem, a cegueira dos que tinham o poder religioso na \u00e9poca j\u00e1 havia determinado que ele teria que morrer&#8230; <br \/>O castigo para quem se aventurasse a proclamar-se filho de Deus era a crucifica\u00e7\u00e3o. <br \/>Pr\u00e1tica comum naqueles dias, os criminosos comuns tamb\u00e9m tinham esse triste fim. <br \/>Ele sabia que seria esse o seu destino. Mas talvez no fundo guardasse uma esperan\u00e7a de que algo superior impedisse sua morte. <br \/><br \/><strong>Depois da Ceia, orando no Gethsemani<\/strong>, diria essas palavras:<br \/><em>\u201cPai, afasta de mim esse c\u00e1lice. N\u00e3o se fa\u00e7a por\u00e9m a minha vontade, mas a sua&#8230;\u201d Marcos 14, 36 <br \/>Meditou sobre isso na noite anterior. <br \/><br \/>Mas apesar da gravidade do que se anunciava, sua preocupa\u00e7\u00e3o maior era deixar seu mais precioso legado: a li\u00e7\u00e3o final, o fechamento de ouro de sua miss\u00e3o: explicar como entrar pela porta estreita e como manter-se em comunh\u00e3o com o Reino de Deus, que est\u00e1 dentro de nosso cora\u00e7\u00e3o.<br \/><br \/>\u201cAquele que me ama guarda minhas palavras. Permanece em mim e eu nele. <br \/>E meu pai e eu viremos e faremos morada em seu cora\u00e7\u00e3o\u201d. Lucas 22, 18 <br \/>\u201cEu sou o p\u00e3o que desceu do c\u00e9u\u201d. <br \/>\u201c Aquele que crer em mim n\u00e3o viver\u00e1 em trevas, mas ter\u00e1 a Luz da vida\u201d. <br \/><br \/><strong>Sua \u00daltima Ceia entre n\u00f3s<\/strong> <br \/>Pensou em cada detalhe no preparo da sala onde iria desenrolar-se essa noite essencial para que nada se perdesse de todo seu trabalho incans\u00e1vel. <br \/>Durante a \u00faltima ceia, seus atos e palavras deixaram a ess\u00eancia de sua pedagogia. <br \/>Ao lavar os p\u00e9s de seus disc\u00edpulos nos deixou a li\u00e7\u00e3o de humildade constante para nos mantermos em uni\u00e3o, \u201cem comunh\u00e3o\u201d. <br \/><\/em><strong><em>Quem quiser ser o maior, permane\u00e7a na humildade.<br \/><br \/><\/em><\/strong> <em>\r\n\r\n<\/em> <strong>J\u00e1 sentados em volta da mesa,<\/strong> com Jesus ao centro, tomou o p\u00e3o e depois de ter dado gra\u00e7as, partiu-o e deu-lho, dizendo:<br \/><em>\u201cIsto \u00e9 o meu corpo, que \u00e9 dado por v\u00f3s; fazei isto em mem\u00f3ria de mim\u201d<\/em>. Do mesmo modo tomou tamb\u00e9m o c\u00e1lice, dizendo: <em>&#8220;Este c\u00e1lice \u00e9 a nova alian\u00e7a em meu sangue, que \u00e9 derramado por v\u00f3s&#8230;\u201d<\/em> Lc 22 -19, 20<\/p>\r\n<p><br \/><strong>E assim nasceu o ritual da comunh\u00e3o:<em> <br \/>\u201cFazei isto em minha mem\u00f3ria\u201d<\/em>. Lucas 22-18 <br \/><br \/><\/strong>Como sempre, usou de simbologia, o meio mais seguro de n\u00e3o deturparem seus ensinamentos. <br \/>Conhecedor do que havia no homem, e que ningu\u00e9m \u00e9 bom, sen\u00e3o s\u00f3 Deus, sabia que era necess\u00e1ria muita sabedoria, ser prudente como as serpentes, para que isso n\u00e3o acontecesse. <br \/>Portanto, comparou o p\u00e3o, alimento do corpo, com Seu Corpo, que iria ser destru\u00eddo pelos hip\u00f3critas que, cegos, n\u00e3o podiam compreender que ele j\u00e1 era imortal: <em>destruam esse templo, e eu o reconstruirei em 3 dias<\/em>. <em>Jo\u00e3o 2, 19-22 <br \/><br \/><strong>O p\u00e3o e vinho s\u00e3o alimentos milenares<\/strong>. <br \/>E no in\u00edcio de sua miss\u00e3o j\u00e1 havia dito que \u201cnem s\u00f3 de p\u00e3o vive o homem, mas de toda palavra que sai da boca de Deus\u201d. Mateus 4, 4 <br \/>E ainda, &#8220;aquele que me ama, medita em minhas palavras&#8221;. Jo\u00e3o 14,19-27 <br \/><br \/><\/em> Muitos se preocupam em explicar a escolha do p\u00e3o e do vinho com seus respectivos simbolismos e se esquecem do principal: Quem n\u00e3o se alimenta de Sua carne e de Seu sangue, isto \u00e9, n\u00e3o se alimenta de Suas palavras e do esp\u00edrito que as move, n\u00e3o comunga com a vida verdadeira que ele revelou para n\u00f3s.<br \/><br \/><\/p>\r\n\r\n<blockquote>\r\n<figure class=\"wp-block-image aligncenter size-full wp-image-9537\"><img fetchpriority=\"high\" decoding=\"async\" width=\"259\" height=\"194\" class=\"wp-image-9537 aligncenter\" src=\"https:\/\/blog.fengshuilogico.com\/wp-content\/uploads\/2009\/07\/c\u00e1lice.png\" alt=\"\" \/>\r\n<figcaption class=\"wp-element-caption\"><strong>O vinho como s\u00edmbolo do sangue de Cristo <\/strong><br \/><strong><em>O sangue \u00e9 universalmente considerado o ve\u00edculo da vida. <br \/><\/em> E, por analogia, da alma tamb\u00e9m que habita o corpo mantido pelo sangue. <\/strong><br \/><strong>(Dicion\u00e1rio de S\u00edmbolos, Jean Chevalier\/Alain Gueerbrant, Ed. Jos\u00e9 Olympio)<\/strong><\/figcaption>\r\n<\/figure>\r\n<\/blockquote>\r\n\r\n<div id=\"m-x-content\" class=\"D5ad8b\">\r\n<div class=\"X6JNf\">\r\n<div class=\"s7d4ef\">\r\n<div class=\"EyBRub jUja0e\" data-ve-view=\"\" data-kpfbbcast=\"\" data-hveid=\"CBcQBg\" data-ved=\"2ahUKEwiJ2ITB1ZmKAxU6rJUCHWojNasQ2b4KegQIFxAG\">\r\n<div id=\"kFlWZ4nQDrrY1sQP6sbU2Qo_tts-scoped-element\" class=\"Pqkn2e rNSxBe\" data-ved=\"2ahUKEwiJ2ITB1ZmKAxU6rJUCHWojNasQ274KegQIFxAH\">\r\n<div class=\"jloFI GkDqAd\">\r\n<div data-hveid=\"CBcQCA\" data-ved=\"2ahUKEwiJ2ITB1ZmKAxU6rJUCHWojNasQ7uAMegQIFxAI\">\r\n<div>\r\n<div class=\"UxeQfc\">\r\n<div class=\"LT6XE\">\r\n<div class=\"f5cPye\">\r\n<div>\r\n<div class=\"WaaZC\">\r\n<table class=\"jSqiwc\" data-ved=\"2ahUKEwiJ2ITB1ZmKAxU6rJUCHWojNasQwfwKegQIIhAB\">\r\n<tbody>\r\n<tr class=\"IVArsd\">\r\n<td class=\"zocjMe NzRpsf\">\r\n<div class=\"GPwrhb\"><strong>&#8220;Eu vos dou um novo mandamento: amai-vos uns aos outros. Como eu vos amei, assim tamb\u00e9m v\u00f3s deveis amar-vos uns aos outros&#8221; Jo\u00e3o 13, 34-35<\/strong><\/div>\r\n<\/td>\r\n<\/tr>\r\n<\/tbody>\r\n<\/table>\r\n<\/div>\r\n<\/div>\r\n<\/div>\r\n<\/div>\r\n<\/div>\r\n<\/div>\r\n<\/div>\r\n<\/div>\r\n<\/div>\r\n<\/div>\r\n<div id=\"tsuid_kFlWZ4nQDrrY1sQP6sbU2Qo_51\" class=\"bsmXxe\">O caminho \u00e9 esse: conhec\u00ea-lo, meditar sobre ele, seus ensinamentos, am\u00e1-lo com todas nossas for\u00e7as, com todo o nosso entendimento e de todo o nosso cora\u00e7\u00e3o. <br \/><br \/>E tudo estava claro: o mundo o aborreceu, iria aborrecer tamb\u00e9m a n\u00f3s. <em>Jo\u00e3o 15,18<\/em> <br \/>Ningu\u00e9m \u00e9 profeta em sua pr\u00f3pria terra e entre os seus. <em>Lucas 4,24<br \/><\/em> \u00c9 um caminho muito estreito mesmo. <em>Mateus 7,13-14<\/em> <br \/>Poucos entram por ele.<br \/><br \/><\/div>\r\n<\/div>\r\n<\/div>\r\n<div><strong>N\u00f3s escolhemos o caminho quando nos dedicamos a amar Jesus dessa forma.<\/strong> <br \/>Em nosso cora\u00e7\u00e3o vive o Reino de Deus, que nos une a todos que est\u00e3o nele. <br \/>Estamos ligados por fios invis\u00edveis que nos alimentam, independente de tempo e de espa\u00e7o. <br \/>Somos Um em Deus Pai-M\u00e3e Criador. Pureza de inten\u00e7\u00e3o, humildade e amor a Deus acima de todas as coisas, nos mant\u00e9m em comunh\u00e3o. <br \/><br \/>Como Judas, alguns s\u00e3o convidados para entrar, por\u00e9m n\u00e3o conseguem alcan\u00e7ar a transcend\u00eancia e s\u00f3 veem o corpo: <em>o corpo que para nada serve se o espirito n\u00e3o vivific\u00e1-lo.\u00a0 Jo\u00e3o 6, 63<br \/><\/em>Hoje, muito poucos se empenham de fato a am\u00e1-lo e permanecer nele. <br \/>Nestes dias, &#8220;<em><em>Mas, quando o Filho do Homem voltar, encontrar\u00e1 alguma f\u00e9 sobre a Terra?&#8221; Lucas 18, 8<br \/><br \/><\/em><\/em>\r\n<blockquote>Amar \u00e9 estar em comunh\u00e3o. Comunh\u00e3o com o C\u00e9u que nos envolve, com a Terra que nos acolhe. <br \/>E com todos os que buscam manter-se na Luz e na profunda rever\u00eancia diante da verdade de que temos como origem o mesmo Criador. A paz do cora\u00e7\u00e3o repousa a\u00ed. <br \/><br \/>O Amor que permeia a vida em que nos inserimos \u00e9 uma teia fin\u00edssima, que nos envolve como uma membrana de prote\u00e7\u00e3o. <br \/><br \/>Manter-se nele \u00e9 ter o cora\u00e7\u00e3o sempre preenchido, alimentado pela teia invis\u00edvel da comunh\u00e3o de almas que permanece nele, independente de tempo e de espa\u00e7o.<br \/><br \/><\/blockquote>\r\n\r\n<p><div class=\"jeg_video_container jeg_video_content\"><iframe title=\"Era de Aqu\u00e1rio, a grande depura\u00e7\u00e3o do Amor em n\u00f3s   #jesus #espiritualidade\" width=\"500\" height=\"281\" src=\"https:\/\/www.youtube.com\/embed\/7aidAbwO-oM?feature=oembed\" frameborder=\"0\" allow=\"accelerometer; autoplay; clipboard-write; encrypted-media; gyroscope; picture-in-picture; web-share\" referrerpolicy=\"strict-origin-when-cross-origin\" allowfullscreen><\/iframe><\/div><\/p>\r\n<p><blockquote class=\"wp-embedded-content\" data-secret=\"KpPqFYXlwA\"><a href=\"https:\/\/fengshuilogico.com\/blog\/2012\/12\/13\/livro-o-caminho-da-sabedoria-de-stela-vecchi\/\">Livro O Caminho da Sabedoria, de Stela Vecchi<\/a><\/blockquote><iframe class=\"wp-embedded-content\" sandbox=\"allow-scripts\" security=\"restricted\" style=\"position: absolute; clip: rect(1px, 1px, 1px, 1px);\" title=\"&#8220;Livro O Caminho da Sabedoria,&lt;br&gt; de Stela Vecchi&#8221; &#8212; Feng Shui L\u00f3gico - M\u00e9todo Solar Stela Vecchi\" src=\"https:\/\/fengshuilogico.com\/blog\/2012\/12\/13\/livro-o-caminho-da-sabedoria-de-stela-vecchi\/embed\/#?secret=gOvD2oo4X1#?secret=KpPqFYXlwA\" data-secret=\"KpPqFYXlwA\" width=\"500\" height=\"282\" frameborder=\"0\" marginwidth=\"0\" marginheight=\"0\" scrolling=\"no\"><\/iframe><\/p>\r\n<\/div>\r\n<\/div>\r\n<div>\u00a0<\/div>\r\n<div>\u00a0<\/div>","protected":false},"excerpt":{"rendered":"<p>Medita\u00e7\u00e3o sobre a natureza da comunh\u00e3o. O resumo de Seus Ensinamentos. Os \u00faltimos 3 anos tinham sido intensos. Incans\u00e1vel e ao mesmo tempo cuidadoso em manter-se centrado, nas noites Jesus se entregava \u00e0 ora\u00e7\u00e3o, \u00e0 sua conversa com Seu Divino Pai, ouvindo e preparando-se para os inevit\u00e1veis combates que Sua miss\u00e3o lhe destinou. Os acontecimentos [&hellip;]<\/p>\n","protected":false},"author":6,"featured_media":12486,"comment_status":"open","ping_status":"open","sticky":false,"template":"","format":"standard","meta":{"footnotes":""},"categories":[42,2350,486,2601],"tags":[1808,3085,2918,2917],"_links":{"self":[{"href":"https:\/\/fengshuilogico.com\/blog\/wp-json\/wp\/v2\/posts\/28250"}],"collection":[{"href":"https:\/\/fengshuilogico.com\/blog\/wp-json\/wp\/v2\/posts"}],"about":[{"href":"https:\/\/fengshuilogico.com\/blog\/wp-json\/wp\/v2\/types\/post"}],"author":[{"embeddable":true,"href":"https:\/\/fengshuilogico.com\/blog\/wp-json\/wp\/v2\/users\/6"}],"replies":[{"embeddable":true,"href":"https:\/\/fengshuilogico.com\/blog\/wp-json\/wp\/v2\/comments?post=28250"}],"version-history":[{"count":11,"href":"https:\/\/fengshuilogico.com\/blog\/wp-json\/wp\/v2\/posts\/28250\/revisions"}],"predecessor-version":[{"id":29290,"href":"https:\/\/fengshuilogico.com\/blog\/wp-json\/wp\/v2\/posts\/28250\/revisions\/29290"}],"wp:featuredmedia":[{"embeddable":true,"href":"https:\/\/fengshuilogico.com\/blog\/wp-json\/wp\/v2\/media\/12486"}],"wp:attachment":[{"href":"https:\/\/fengshuilogico.com\/blog\/wp-json\/wp\/v2\/media?parent=28250"}],"wp:term":[{"taxonomy":"category","embeddable":true,"href":"https:\/\/fengshuilogico.com\/blog\/wp-json\/wp\/v2\/categories?post=28250"},{"taxonomy":"post_tag","embeddable":true,"href":"https:\/\/fengshuilogico.com\/blog\/wp-json\/wp\/v2\/tags?post=28250"}],"curies":[{"name":"wp","href":"https:\/\/api.w.org\/{rel}","templated":true}]}}