{"id":28,"date":"2008-05-16T04:14:18","date_gmt":"2008-05-16T06:14:18","guid":{"rendered":"https:\/\/stela.farnesidigital.com.br\/2008\/05\/16\/o-feng-shui-logico-na-visao-de-um-taoista\/"},"modified":"2023-10-20T16:06:19","modified_gmt":"2023-10-20T19:06:19","slug":"feng-shui-pela-uniao-entre-todos-os-que-amam-essa-necessaria-sabedoria","status":"publish","type":"post","link":"https:\/\/fengshuilogico.com\/blog\/2008\/05\/16\/feng-shui-pela-uniao-entre-todos-os-que-amam-essa-necessaria-sabedoria\/","title":{"rendered":"Feng Shui: pela uni\u00e3o entre todos os que amam essa importante t\u00e9cnica para trazer equil\u00edbrio e harmonia"},"content":{"rendered":"<p>Meu sonho: criar a Academia Brasileira de Feng Shui e assim trabalhar pela uni\u00e3o entre todos os que amam essa importante t\u00e9cnica para trazer equil\u00edbrio e harmonia para o nosso Planeta.<\/p>\n<p><a href=\"https:\/\/fengshuilogico.com\/blog\/wp-content\/uploads\/2008\/05\/fengshui-chines.jpg\"><img fetchpriority=\"high\" decoding=\"async\" src=\"https:\/\/fengshuilogico.com\/blog\/wp-content\/uploads\/2008\/05\/fengshui-chines-190x300.jpg\" alt=\"fengshui chines\" width=\"190\" height=\"300\" class=\"aligncenter size-medium wp-image-7457\" srcset=\"https:\/\/fengshuilogico.com\/blog\/wp-content\/uploads\/2008\/05\/fengshui-chines-190x300.jpg 190w, https:\/\/fengshuilogico.com\/blog\/wp-content\/uploads\/2008\/05\/fengshui-chines-650x1024.jpg 650w, https:\/\/fengshuilogico.com\/blog\/wp-content\/uploads\/2008\/05\/fengshui-chines.jpg 1143w\" sizes=\"(max-width: 190px) 100vw, 190px\" \/><\/a><\/p>\n<p>Este blog est\u00e1 dedicado \u00e0 uni\u00e3o entre todos os que amam e divulgam o Feng Shui de qualquer perspectiva  compreendendo que todos buscam o mesmo objetivo: criar a harmonia na Terra. <\/p>\n<p>No texto abaixo, uma an\u00e1lise na nova perspectiva <em>Feng Shui L\u00f3gico<\/em>, que adapta o Ba-gu\u00e1 da Sequ\u00eancia do C\u00e9u Posterior para o Hemisf\u00e9rio Sul sem alterar sua ess\u00eancia milenar.<\/p>\n<p><strong>Confira as imagens da adapta\u00e7\u00e3o para o Hemisf\u00e9rio Sul:Anima\u00e7\u00e3o: Ba-gu\u00e1 para o Hemisf\u00e9rio Sul<\/strong><\/p>\n<p>&#8220;J\u00e1 a pol\u00eamica maior se deve \u00e0 adequa\u00e7\u00e3o dos Bagu\u00e1s, em conformidade ao local estar no hemisf\u00e9rio Norte (como a China&#8230;) ou Sul (por exemplo, aqui no Brasil&#8230;), o que faz muito sentido. Sinceramente, a argumenta\u00e7\u00e3o contr\u00e1ria me parece, \u00e0 primeira vista, muito mais uma quest\u00e3o emocional do que fundamentada na teoria; <!--more--><!--more--> \u00e9 natural combater uma teoria que seja contr\u00e1ria ao que as escolas nos ensinaram e que j\u00e1 praticamos faz anos&#8230; \u00c9 preciso superar o passionalismo e analisar a quest\u00e3o do ponto de vista extritamente t\u00e9cnico. Sei disso por experi\u00eancia pr\u00f3pria: elaborei o Mapa dos Cinco Movimentos Chineses mediante incont\u00e1veis horas de dedica\u00e7\u00e3o em programas gr\u00e1ficos de computa\u00e7\u00e3o, em um per\u00edodo em que os equipamentos eram dezenas de vezes mais lentos do que os de agora&#8230; Utililizei-o por anos, at\u00e9 que na primeira turma da Comunidade de Estudos Avan\u00e7ados aqui do SINTE, uma discente chamada Simone Kobayashi questionou se n\u00e3o deveria adaptar o mapa, pelo fato de estarmos abaixo da linha do Equador. De in\u00edcio, rejeitei a id\u00e9ia, pois implicaria que eu e mais um grande n\u00famero de autores que eu admiro cometemos um belo equ\u00edvoco, fora o trabalho de ter que refazer o mapeamento. No final, felizmente, a raz\u00e3o e o respeito \u00e0 verdade falaram mais fundo e refiz o material, tendo como consolo o fato de ter aprendido mais sobre um tema que eu j\u00e1 considerava bem estudado.<\/p>\n<p>Os que defendem ferozmente que n\u00e3o seja feita uma revis\u00e3o nas teorias de Feng Shui aplicadas aqui no Brasil se apegam \u00e0 explica\u00e7\u00e3o de que a China antiga se autoconsiderava o centro do mundo e que, por esta raz\u00e3o, a disposi\u00e7\u00e3o dos Trigramas no Bagu\u00e1 estaria adequada a qualquer posi\u00e7\u00e3o geogr\u00e1fica. Por\u00e9m, uma an\u00e1lise t\u00e9cnica mais apurada discorda dessa linha de racioc\u00ednio. J\u00e1 existe uma vers\u00e3o &#8220;imut\u00e1vel&#8221; do Bagu\u00e1, que \u00e9 nominada de C\u00e9u Primordial, que corresponde ao ponto de vista de um observador &#8220;celestial&#8221;, ou seja, que estaria al\u00e9m de nosso planeta:<br \/>\n<a href=\"https:\/\/fengshuilogico.com\/blog\/wp-content\/uploads\/2013\/11\/ceu_primordial_maior_Henrique_Vieira_Filho_.jpg\"><img decoding=\"async\" src=\"https:\/\/fengshuilogico.com\/blog\/wp-content\/uploads\/2013\/11\/ceu_primordial_maior_Henrique_Vieira_Filho_-300x300.jpg\" alt=\"ceu_primordial_maior_Henrique_Vieira_Filho_\" width=\"300\" height=\"300\" class=\"aligncenter size-medium wp-image-6831\" srcset=\"https:\/\/fengshuilogico.com\/blog\/wp-content\/uploads\/2013\/11\/ceu_primordial_maior_Henrique_Vieira_Filho_-300x300.jpg 300w, https:\/\/fengshuilogico.com\/blog\/wp-content\/uploads\/2013\/11\/ceu_primordial_maior_Henrique_Vieira_Filho_-150x150.jpg 150w, https:\/\/fengshuilogico.com\/blog\/wp-content\/uploads\/2013\/11\/ceu_primordial_maior_Henrique_Vieira_Filho_.jpg 400w\" sizes=\"(max-width: 300px) 100vw, 300px\" \/><\/a><\/p>\n<p> Por sua vez, a representa\u00e7\u00e3o gr\u00e1fica utilizada como &#8220;b\u00fassola&#8221; para harmoniza\u00e7\u00e3o de ambientes \u00e9 a chamada C\u00e9u Posterior, que leva em considera\u00e7\u00e3o o ponto de vista do observador terreno e, como tal, sujeita-se a adapta\u00e7\u00e3o em conformidade com a localiza\u00e7\u00e3o estudada.<br \/>\nAs ilustra\u00e7\u00f5es a seguir baseiam-se no trabalho de Stela Vecchi, uma das pioneiras em utilizar Bagu\u00e1 diferenciados para cada hemisf\u00e9rio:  <\/p>\n<p><a href=\"https:\/\/fengshuilogico.com\/blog\/wp-content\/uploads\/2013\/11\/baguas_hemisferios_Henrique-Vieira-Filho-Terapeuta-Hol\u00edstico.jpg\"><img decoding=\"async\" src=\"https:\/\/fengshuilogico.com\/blog\/wp-content\/uploads\/2013\/11\/baguas_hemisferios_Henrique-Vieira-Filho-Terapeuta-Hol\u00edstico-300x300.jpg\" alt=\"baguas_hemisferios_Henrique Vieira Filho - Terapeuta Hol\u00edstico\" width=\"300\" height=\"300\" class=\"aligncenter size-medium wp-image-6832\" srcset=\"https:\/\/fengshuilogico.com\/blog\/wp-content\/uploads\/2013\/11\/baguas_hemisferios_Henrique-Vieira-Filho-Terapeuta-Hol\u00edstico-300x300.jpg 300w, https:\/\/fengshuilogico.com\/blog\/wp-content\/uploads\/2013\/11\/baguas_hemisferios_Henrique-Vieira-Filho-Terapeuta-Hol\u00edstico-150x150.jpg 150w, https:\/\/fengshuilogico.com\/blog\/wp-content\/uploads\/2013\/11\/baguas_hemisferios_Henrique-Vieira-Filho-Terapeuta-Hol\u00edstico.jpg 400w\" sizes=\"(max-width: 300px) 100vw, 300px\" \/><\/a><\/p>\n<p>O fundamental \u00e9 mantermos nossas mentes abertas para constantes revis\u00f5es em nossas teorias e formas de trabalhar. At\u00e9 poucos anos atr\u00e1s, as fontes de informa\u00e7\u00f5es eram poucas e fragmentadas e a abordagem especializada era a regra, de onde resultou que cada t\u00e9cnica dedicou-se a uma pequena parte da milenar sabedoria chinesa, perdendo-se a vis\u00e3o do conjunto, favorecendo a que equ\u00edvocos de interpreta\u00e7\u00e3o ocorressem. Em pleno S\u00e9culo 21, gra\u00e7as \u00e0s novas tecnologias e ao gerenciamento da intelig\u00eancia coletiva promovido pelo  SINTE &#8211; Sindicato dos Terapeutas, estamos numa privilegiada situa\u00e7\u00e3o de aplicarmos a abordagem Hol\u00edstica, integral, onde somando o conhecimento at\u00e9 ent\u00e3o &#8220;separado&#8221; da Acupuntura, do I Ching e do Feng Shui, atingiremos uma s\u00edntese unificada, resultando em novas NTSV &#8211; Normas T\u00e9cnicas Setoriais Volunt\u00e1rias da Terapia Hol\u00edstica que nos guiar\u00e3o para uma vida profissional cada vez mais plena e fundamentada.&#8221;<\/p>\n<p><em><strong>Henrique Vieira Filho<\/strong> &#8211; Terapeuta Hol\u00edstico &#8211; CRT 21001, autor de diversos livros da profiss\u00e3o, ministra aulas na CEATH &#8211; Comunidade de Estudos Avan\u00e7ados em Terapia Hol\u00edstica, publicou esse texto onde analisa os trigramas adaptados para o Hemisf\u00e9rio Sul:<br \/>\nTexto original: http:\/\/www.sinte.com.br\/revistaterapiaholistica\/tradicionais\/acupuntura\/258-acupuntura-iching-fengshui<br \/>\nDireitos Autorais: SINTE &#8211; SINDICATO DOS TERAPEUTAS<br \/>\n<\/em><\/p>\n<p><em>Espero ter trazido uma compreens\u00e3o maior sobre o tema<br \/>\nStela Vecchi<\/p>\n<p>         <strong>A maior lei do Universo \u00e9 a Evolu\u00e7\u00e3o.<\/strong>  <!--more--><!--more--><\/p>\n<blockquote><p> Vento, o transportador, o mensageiro, guerreiro fantasma, sopro divino, livre e transformador.<br \/>\n     \u00c1gua, adapt\u00e1vel, penetrante, condutora da vida, seu poder \u00e9 grandioso, embrenha-se nas profundezas, contorna, flui,transmuta.<br \/>\n     Dois elementos de energia, for\u00e7a e poder, poderes de transmuta\u00e7\u00e3o, suas for\u00e7as s\u00e3o m\u00e1gicas.<br \/>\n     Os chineses h\u00e1 mil\u00eanios observaram essas for\u00e7as e descobriram essas magias e suas l\u00f3gicas para o bem-estar como um todo e chamaram-na Feng Shui (Vento e \u00c1gua).<br \/>\n     Hoje no s\u00e9culo XXI, respeitando a natureza raiz que veio da China, vejo que agora n\u00e3o \u00e9 s\u00f3 a magia e a sua l\u00f3gica, e sim a l\u00f3gica da magia, a psiqu\u00ea, a energia da alma e a conex\u00e3o homem, natureza, e universo.<\/p>\n<p>     A harmonia ambiental, a harmonia pessoal se estabelece com o equil\u00edbrio do pensar, sentir e agir.<br \/>\n     Stela Vecchi faz a roda girar, respeita, ensina e aprende.<br \/>\n<em><br \/>\n    Daniel Correandri<br \/>\n                                         Mestre de Kung Fu, Tai Chi e Yoga<\/em><\/p>\n<p><strong> <a href=\"https:\/\/fengshuilogico.com\/blog\/2012\/10\/02\/como-nasceu-o-feng-shui-logico-e-a-adaptacao-do-ba-gua-para-o-hemisferio-sul\/\"target=\"a_blank\"> A hist\u00f3ria do Feng Shui L\u00f3gico: como nasceu a adapta\u00e7\u00e3o do Ba-gu\u00e1 para o Hemisf\u00e9rio Sul?<\/a><\/strong><\/p>\n<p><strong> <a href=\"http:\/\/loja.fengshuilogico.com\/index.php\/apostilas-dos-cursos-de-feng-shui-e-livros\/livro-feng-shui-logico.html\"target=\"a_blank\"> Leia o Livro Feng Shui L\u00f3gico, Stela Vecchi, \u00cdcone Editora, 2004<\/a><\/strong><\/p>\n<p><a href=\"https:\/\/fengshuilogico.com\/blog\/wp-content\/uploads\/2009\/05\/feng-shui-logico-stela-vecchi-icone-editora.png\"><img loading=\"lazy\" decoding=\"async\" src=\"https:\/\/fengshuilogico.com\/blog\/wp-content\/uploads\/2009\/05\/feng-shui-logico-stela-vecchi-icone-editora-205x300.png\" alt=\"feng-shui-logico-stela-vecchi-icone-editora\" width=\"205\" height=\"300\" class=\"aligncenter size-medium wp-image-7586\" srcset=\"https:\/\/fengshuilogico.com\/blog\/wp-content\/uploads\/2009\/05\/feng-shui-logico-stela-vecchi-icone-editora-205x300.png 205w, https:\/\/fengshuilogico.com\/blog\/wp-content\/uploads\/2009\/05\/feng-shui-logico-stela-vecchi-icone-editora.png 343w\" sizes=\"(max-width: 205px) 100vw, 205px\" \/><\/a><\/p>\n<p><strong> <a href=\"https:\/\/fengshuilogico.com\/blog\/2012\/11\/01\/curso-basico-em-sao-paulo-no-hotel-mercure-pinheiros\/\"target=\"a_blank\"> Curso B\u00e1sico com Stela Vecchi em S\u00e3o Paulo<\/a><\/strong><\/p>\n<p>Participe dos cursos ministrados por Stela Vecchi:<br \/>\n<strong>Feng Shui L\u00f3gico: Curso B\u00e1sico, Avan\u00e7ado e Profissionalizante<\/strong><br \/>\nNos cursos de Feng Shui L\u00f3gico voc\u00ea recebe informa\u00e7\u00f5es que ser\u00e3o \u00fateis para toda sua vida, complementando essa mat\u00e9ria:<br \/>\nVeja como trazer harmonia para sua resid\u00eancia:<br \/>\n<a href=\"https:\/\/fengshuilogico.com\/blog\/2011\/09\/13\/como-aplicar-o-bagua-feng-shui\/\"target=\"_blank\"> <strong>Feng Shui L\u00f3gico para Principiantes <\/strong><\/a><\/p>\n<p><strong>Visite tamb\u00e9m o site: <a href=\"http:\/\/www.fengshuilogico.com\" target=\"_blank\" rel=\"noopener\">www.fengshuilogico.com<\/a><\/strong><\/p>\n","protected":false},"excerpt":{"rendered":"<p>Meu sonho: criar a Academia Brasileira de Feng Shui e assim trabalhar pela uni\u00e3o entre todos os que amam essa importante t\u00e9cnica para trazer equil\u00edbrio e harmonia para o nosso Planeta. Este blog est\u00e1 dedicado \u00e0 uni\u00e3o entre todos os que amam e divulgam o Feng Shui de qualquer perspectiva compreendendo que todos buscam o [&hellip;]<\/p>\n","protected":false},"author":6,"featured_media":0,"comment_status":"open","ping_status":"open","sticky":false,"template":"","format":"standard","meta":{"footnotes":""},"categories":[7],"tags":[753,754],"_links":{"self":[{"href":"https:\/\/fengshuilogico.com\/blog\/wp-json\/wp\/v2\/posts\/28"}],"collection":[{"href":"https:\/\/fengshuilogico.com\/blog\/wp-json\/wp\/v2\/posts"}],"about":[{"href":"https:\/\/fengshuilogico.com\/blog\/wp-json\/wp\/v2\/types\/post"}],"author":[{"embeddable":true,"href":"https:\/\/fengshuilogico.com\/blog\/wp-json\/wp\/v2\/users\/6"}],"replies":[{"embeddable":true,"href":"https:\/\/fengshuilogico.com\/blog\/wp-json\/wp\/v2\/comments?post=28"}],"version-history":[{"count":1,"href":"https:\/\/fengshuilogico.com\/blog\/wp-json\/wp\/v2\/posts\/28\/revisions"}],"predecessor-version":[{"id":25477,"href":"https:\/\/fengshuilogico.com\/blog\/wp-json\/wp\/v2\/posts\/28\/revisions\/25477"}],"wp:attachment":[{"href":"https:\/\/fengshuilogico.com\/blog\/wp-json\/wp\/v2\/media?parent=28"}],"wp:term":[{"taxonomy":"category","embeddable":true,"href":"https:\/\/fengshuilogico.com\/blog\/wp-json\/wp\/v2\/categories?post=28"},{"taxonomy":"post_tag","embeddable":true,"href":"https:\/\/fengshuilogico.com\/blog\/wp-json\/wp\/v2\/tags?post=28"}],"curies":[{"name":"wp","href":"https:\/\/api.w.org\/{rel}","templated":true}]}}