{"id":27979,"date":"2024-11-15T11:42:05","date_gmt":"2024-11-15T14:42:05","guid":{"rendered":"https:\/\/fengshuilogico.com\/blog\/?p=27979"},"modified":"2026-03-02T18:16:57","modified_gmt":"2026-03-02T21:16:57","slug":"podemos-comer-as-laranjas-que-foram-utilizadas-para-limpeza-de-energias","status":"publish","type":"post","link":"https:\/\/fengshuilogico.com\/blog\/2024\/11\/15\/podemos-comer-as-laranjas-que-foram-utilizadas-para-limpeza-de-energias\/","title":{"rendered":"Como fazer limpeza de ambientes com cascas de laranja?"},"content":{"rendered":"<p><strong>S\u00f3 o m\u00e9todo Feng Shui L\u00f3gico coloca voc\u00ea em harmonia com a vida c\u00f3smica.<\/strong><br \/>\n<strong>Aprenda o M\u00e9todo Solar, com Stela Vecchi, e sinta os benef\u00edcios dessa conex\u00e3o!<\/strong><\/p>\n<div class=\"jeg_video_container jeg_video_content\"><iframe title=\"Como fazer uma limpeza espiritual da casa com casca de laranjas? #limpezaespiritual #prosperidade\" width=\"500\" height=\"281\" src=\"https:\/\/www.youtube.com\/embed\/2N5GAVhVnvY?feature=oembed\" frameborder=\"0\" allow=\"accelerometer; autoplay; clipboard-write; encrypted-media; gyroscope; picture-in-picture; web-share\" referrerpolicy=\"strict-origin-when-cross-origin\" allowfullscreen><\/iframe><\/div>\n<p>Stela Vecchi \u00e9 a criadora do Feng Shui L\u00f3gico que utiliza o M\u00e9todo Solar e est\u00e1 explicada no livro Feng Shui L\u00f3gico, Stela Vecchi, \u00cdcone Editora, SP, 2004.<br \/>\nAdapta o Bagu\u00e1 para o Hemisf\u00e9rio Sul.<\/p>\n<p>Livro Feng Shui L\u00f3gico &#8211; Compre aqui:<br \/>\n<strong><a href=\"https:\/\/loja.fengshuilogico.com\/\" target=\"_blank\" rel=\"noopener\">Leia Feng Shui L\u00f3gico, Stela Vecchi, \u00cdcone Editora<\/a><\/strong><\/p>\n<p><a href=\"https:\/\/fengshuilogico.com\/blog\/wp-content\/uploads\/2009\/12\/CapaFSL_Icone_Editora-2.jpg\"><img fetchpriority=\"high\" decoding=\"async\" class=\"aligncenter size-medium wp-image-25222\" src=\"https:\/\/fengshuilogico.com\/blog\/wp-content\/uploads\/2009\/12\/CapaFSL_Icone_Editora-2-214x300.jpg\" alt=\"\" width=\"214\" height=\"300\" srcset=\"https:\/\/fengshuilogico.com\/blog\/wp-content\/uploads\/2009\/12\/CapaFSL_Icone_Editora-2-214x300.jpg 214w, https:\/\/fengshuilogico.com\/blog\/wp-content\/uploads\/2009\/12\/CapaFSL_Icone_Editora-2.jpg 341w\" sizes=\"(max-width: 214px) 100vw, 214px\" \/><\/a><br \/>\nAprenda este M\u00e9todo que traz tantos benef\u00edcios e renova sua vida junto com os ciclos da natureza<br \/>\nNovos tempos exigem novas formas de nos relacionarmos com a Vida.<\/p>\n<p>O M\u00e9todo Solar nos introduz na vida c\u00f3smica e traz muitos benef\u00edcios para nossa vida.<\/p>\n<p>Inicie essa jornada para dentro e fora de voc\u00ea:<br \/>\nApostila did\u00e1tica + 9 passos com v\u00eddeos explicativos por R$ 39,00:<br \/>\n<strong><a href=\"https:\/\/loja.fengshuilogico.com\/\" target=\"_blank\" rel=\"noopener\">E-book did\u00e1tico + 9 passos com v\u00eddeos explicativos<\/a><\/strong><\/p>\n<p>CONHE\u00c7A NOSSOS CURSOS:<br \/>\nInstagram Linktree!<br \/>\n<strong><a href=\"https:\/\/linktr.ee\/fengshuilogico\" target=\"_blank\" rel=\"noopener\">linktr.ee\/fengshuilogico<\/a><\/strong><\/p>\n<p>Espiritualidade Cr\u00edstica | Autoconhecimento | Astrologia<br \/>\n<strong><a href=\"https:\/\/linktr.ee\/stela_vecchi\" target=\"_blank\" rel=\"noopener\">linktr.ee\/stela_vecchi<\/a><\/strong><\/p>\n<p>\u2605\u2605\u2605\u2605\u2605<\/p>\n<p>SITE \u25ba https:\/\/fengshuilogico.com<\/p>\n<p>BLOG \u25ba https:\/\/fengshuilogico.com\/blog\/<\/p>\n<p>LOJA \u25ba https:\/\/loja.fengshuilogico.com<\/p>\n<p>INSTAGRAM \u25ba https:\/\/instagram.com\/fengshuilogico<\/p>\n<p>FACEBOOK \u25ba https:\/\/facebook.com\/fengshuilogico<\/p>\n<p>***<br \/>\nStela Vecchi Cursos Feng Shui L\u00f3gico Personalizados e Consultorias<br \/>\nInforma\u00e7\u00f5es pelo whatsapp: +55 11 99908 4766<\/p>\n","protected":false},"excerpt":{"rendered":"<p>S\u00f3 o m\u00e9todo Feng Shui L\u00f3gico coloca voc\u00ea em harmonia com a vida c\u00f3smica. Aprenda o M\u00e9todo Solar, com Stela Vecchi, e sinta os benef\u00edcios dessa conex\u00e3o! Stela Vecchi \u00e9 a criadora do Feng Shui L\u00f3gico que utiliza o M\u00e9todo Solar e est\u00e1 explicada no livro Feng Shui L\u00f3gico, Stela Vecchi, \u00cdcone Editora, SP, 2004. [&hellip;]<\/p>\n","protected":false},"author":6,"featured_media":29046,"comment_status":"open","ping_status":"open","sticky":false,"template":"","format":"standard","meta":{"footnotes":""},"categories":[32,2350,1656],"tags":[1657,1725],"_links":{"self":[{"href":"https:\/\/fengshuilogico.com\/blog\/wp-json\/wp\/v2\/posts\/27979"}],"collection":[{"href":"https:\/\/fengshuilogico.com\/blog\/wp-json\/wp\/v2\/posts"}],"about":[{"href":"https:\/\/fengshuilogico.com\/blog\/wp-json\/wp\/v2\/types\/post"}],"author":[{"embeddable":true,"href":"https:\/\/fengshuilogico.com\/blog\/wp-json\/wp\/v2\/users\/6"}],"replies":[{"embeddable":true,"href":"https:\/\/fengshuilogico.com\/blog\/wp-json\/wp\/v2\/comments?post=27979"}],"version-history":[{"count":6,"href":"https:\/\/fengshuilogico.com\/blog\/wp-json\/wp\/v2\/posts\/27979\/revisions"}],"predecessor-version":[{"id":29126,"href":"https:\/\/fengshuilogico.com\/blog\/wp-json\/wp\/v2\/posts\/27979\/revisions\/29126"}],"wp:featuredmedia":[{"embeddable":true,"href":"https:\/\/fengshuilogico.com\/blog\/wp-json\/wp\/v2\/media\/29046"}],"wp:attachment":[{"href":"https:\/\/fengshuilogico.com\/blog\/wp-json\/wp\/v2\/media?parent=27979"}],"wp:term":[{"taxonomy":"category","embeddable":true,"href":"https:\/\/fengshuilogico.com\/blog\/wp-json\/wp\/v2\/categories?post=27979"},{"taxonomy":"post_tag","embeddable":true,"href":"https:\/\/fengshuilogico.com\/blog\/wp-json\/wp\/v2\/tags?post=27979"}],"curies":[{"name":"wp","href":"https:\/\/api.w.org\/{rel}","templated":true}]}}