{"id":27781,"date":"2024-09-29T22:40:05","date_gmt":"2024-09-30T01:40:05","guid":{"rendered":"https:\/\/fengshuilogico.com\/blog\/?p=27781"},"modified":"2024-09-29T22:42:50","modified_gmt":"2024-09-30T01:42:50","slug":"estamos-sem-lideranca-religiosa-pratica-o-sal-perdeu-seu-sabor","status":"publish","type":"post","link":"https:\/\/fengshuilogico.com\/blog\/2024\/09\/29\/estamos-sem-lideranca-religiosa-pratica-o-sal-perdeu-seu-sabor\/","title":{"rendered":"Estamos sem lideran\u00e7a religiosa pr\u00e1tica&#8230; o sal perdeu seu sabor?"},"content":{"rendered":"<ol>\r\n<li><strong>Qual o significado da palavra religi\u00e3o?<\/strong> Religi\u00e3o vem de religare: ligar novamente.<br \/>Essa religa\u00e7\u00e3o \u00e9 feita de forma individual a partir da vontade de conhecer e se dedicar de forma integral ao amor divino. Sem descuidar-se dos seus deveres afetivos da vida humana.<br \/><br \/><\/li>\r\n<\/ol>\r\n<!-- \/wp:paragraph -->\r\n\r\n<!-- wp:paragraph -->\r\n<p><strong>2. Quais as maiores causas do sofrimento humano?<\/strong> O problema do sofrimento humano persiste e \u00e9 de dif\u00edcil solu\u00e7\u00e3o.<\/p>\r\n<!-- \/wp:paragraph -->\r\n\r\n<!-- wp:paragraph -->\r\n<p>Podemos sofrer por v\u00e1rias raz\u00f5es:<\/p>\r\n<!-- \/wp:paragraph -->\r\n\r\n<!-- wp:paragraph -->\r\n<p>&#8211; problemas de ordem material (falta de recursos para viver com tranquilidade e\/ou formas inadequadas de gerar os recursos que temos);<\/p>\r\n<!-- \/wp:paragraph -->\r\n\r\n<!-- wp:paragraph -->\r\n<p>&#8211; problemas de ordem f\u00edsica (doen\u00e7as, dores e limita\u00e7\u00f5es);<\/p>\r\n<!-- \/wp:paragraph -->\r\n\r\n<!-- wp:paragraph -->\r\n<p>&#8211; problemas de ordem emocional (car\u00eancias, desajustes na \u00e1rea afetiva, doen\u00e7as mentais);<\/p>\r\n<!-- \/wp:paragraph -->\r\n\r\n<!-- wp:paragraph -->\r\n<p>&#8211; problemas de ordem espiritual (vazio existencial, t\u00e9dio, falta de luz interior para a compreens\u00e3o do sentido da vida).<br \/><br \/><\/p>\r\n<!-- \/wp:paragraph -->\r\n\r\n<!-- wp:paragraph -->\r\n<p><strong>3. E como podemos entender a vida humana sob o aspecto religioso?<\/strong> Somos ainda muito incipientes para compreender de forma puramente racional, nos faltam muitos elementos, ainda obscuros, para podermos comprovar a exist\u00eancia de Deus de forma cient\u00edfica.\u00a0 Essa quest\u00e3o exige que tenhamos desenvolvido a f\u00e9, a confian\u00e7a quando percebemos a grandeza da Cria\u00e7\u00e3o que pressup\u00f5e um Criador.<br \/><br \/><\/p>\r\n<!-- \/wp:paragraph -->\r\n\r\n<!-- wp:paragraph -->\r\n<p>Quando nascemos, \u00e9 como se nos encontr\u00e1ssemos dentro de um trem andando, sem muita no\u00e7\u00e3o de onde viemos nem para vamos exatamente. \u00c9 preciso aprender a conviver com o Mist\u00e9rio que nos envolve em nossa trajet\u00f3ria no planeta que vivemos.<br \/><br \/><\/p>\r\n<!-- \/wp:paragraph -->\r\n\r\n<!-- wp:paragraph -->\r\n<p>Essa \u00e9 uma causa de ang\u00fastia para aqueles que precisam de respostas para enfrentarem os desafios da vida. E para os que buscam de forma intensa, existe o recurso das religi\u00f5es, que tem respostas transcendentais e que buscam despertar nosso eu mais \u00edntimo, o ser espiritual que est\u00e1 em n\u00f3s.<br \/><br \/><\/p>\r\n<!-- \/wp:paragraph -->\r\n\r\n<!-- wp:paragraph -->\r\n<p>Para os que conseguem penetrar conscientemente nesse mundo t\u00e3o restrito, a espiritualidade nos d\u00e1 &#8220;raz\u00f5es que a pr\u00f3pria raz\u00e3o desconhece&#8221;. Brota dentro de n\u00f3s a confian\u00e7a em viver a vida contando com esse amigo invis\u00edvel que nos acompanha em todos os momentos, porque habita no mais rec\u00f4ndito de nosso ser.<br \/><br \/><\/p>\r\n<!-- \/wp:paragraph -->\r\n\r\n<!-- wp:paragraph -->\r\n<p>E essa a meu ver \u00e9 a maior resposta ao sofrimento humano que podemos ter: a espiritualidade nos sustenta nas varia\u00e7\u00f5es inevit\u00e1veis das fases da vida que atravessamos e nos d\u00e1 a paz necess\u00e1ria para mantermos a sa\u00fade mental.<br \/><br \/><\/p>\r\n<!-- \/wp:paragraph -->\r\n\r\n<!-- wp:paragraph -->\r\n<p>Porque nos sentimos em nosso caminho evolutivo, e sempre h\u00e1 muito mais do que vemos para conhecer. \u00c9 a pedagogia divina, como nos ensina <em>S\u00e3o Jo\u00e3o da Cruz:<\/em> <em>&#8220;S\u00f3 quem passa pelo frio da dor<\/em> <em>Pode conhecer o inc\u00eandio do Amor&#8221;.<br \/><br \/><\/em><\/p>\r\n<!-- \/wp:paragraph -->\r\n\r\n<!-- wp:paragraph -->\r\n<p>Foi esse o caminho que trilhei, que expande cada vez mais nossa percep\u00e7\u00e3o da vida que nos envolve no caminho infinito da alma em dire\u00e7\u00e3o \u00e0 felicidade perene.<br \/><br \/><\/p>\r\n<!-- \/wp:paragraph -->\r\n\r\n<!-- wp:paragraph -->\r\n<p><strong>4. Como a religi\u00e3o suaviza os aprendizados dolorosos de nossa vida?<\/strong><\/p>\r\n<!-- \/wp:paragraph -->\r\n\r\n<!-- wp:paragraph -->\r\n<p>Estamos entrando na Idade da Consci\u00eancia, o Tempo \u00d4mega da Era Crist\u00e3.<\/p>\r\n<!-- \/wp:paragraph -->\r\n\r\n<!-- wp:paragraph -->\r\n<p>&#8220;Eis que renovo todas as coisas&#8221;. (Apocalipse)<\/p>\r\n<!-- \/wp:paragraph -->\r\n\r\n<!-- wp:paragraph -->\r\n<p>Uma profunda necessidade de reconcilia\u00e7\u00e3o de opostos e de integra\u00e7\u00e3o para que o Novo venha.<\/p>\r\n<!-- \/wp:paragraph -->\r\n\r\n<!-- wp:image {\"align\":\"center\",\"id\":5182} -->\r\n<figure class=\"wp-block-image aligncenter\"><img fetchpriority=\"high\" decoding=\"async\" width=\"256\" height=\"197\" class=\"wp-image-5182\" src=\"https:\/\/blog.fengshuilogico.com\/wp-content\/uploads\/2012\/12\/arvore-da-vida1.jpg\" alt=\"\" \/><\/figure>\r\n<!-- \/wp:image -->\r\n\r\n<!-- wp:paragraph -->\r\n<p>Tudo est\u00e1 interligado.<\/p>\r\n<!-- \/wp:paragraph -->\r\n\r\n<!-- wp:paragraph -->\r\n<p><em>Comunh\u00e3o com o Criador e Sua Obra: essa \u00e9 a verdadeira religiosidade.<\/em> Se voc\u00ea aprender a respeitar e a amar a Vida que existe dentro de voc\u00ea e a Vida que existe em tudo que te cerca com todas as tuas for\u00e7as, com todo o teu entendimento e com todo o teu cora\u00e7\u00e3o, Aquele que criou a Vida estar\u00e1 sempre com voc\u00ea.<\/p>\r\n<!-- \/wp:paragraph -->\r\n\r\n<!-- wp:paragraph -->\r\n<p>Completaram-se os tempos e nestes dias, muita coisa precisa ser reinterpretada.<br \/><br \/><\/p>\r\n<!-- \/wp:paragraph -->\r\n\r\n<!-- wp:paragraph -->\r\n<p><strong>4.1 Qual a verdade \u00faltima sobre o Criador? <\/strong><\/p>\r\n<!-- \/wp:paragraph -->\r\n\r\n<!-- wp:paragraph -->\r\n<p>A maior verdade \u00e9 que ningu\u00e9m jamais O viu.<\/p>\r\n<!-- \/wp:paragraph -->\r\n\r\n<!-- wp:paragraph -->\r\n<p>Por mais que voc\u00ea se esforce para compreender a Vida, voc\u00ea conseguir\u00e1 apenas teorias que podem ser desfeitas assim que novos fatos venham \u00e0 tona.<br \/><br \/><\/p>\r\n<!-- \/wp:paragraph -->\r\n\r\n<!-- wp:paragraph -->\r\n<p><strong>4.2 E qual a miss\u00e3o de Jesus, o Cristo, para quem O encontrou?<\/strong><\/p>\r\n<!-- \/wp:paragraph -->\r\n\r\n<!-- wp:paragraph -->\r\n<p>O sil\u00eancio do Criador ecoa pelos s\u00e9culos. Para os que acreditam, sua \u00fanica palavra foi Cristo. Foi o Seu Amor.<\/p>\r\n<!-- \/wp:paragraph -->\r\n\r\n<!-- wp:paragraph -->\r\n<p>Conhecemos Suas obras em nosso planeta e \u00e9 atrav\u00e9s delas que podemos nos dedicar a conhec\u00ea-Lo melhor. Como crian\u00e7as que est\u00e3o engatinhando, vamos deduzindo que essa cria\u00e7\u00e3o maravilhosa tem um prop\u00f3sito de Amor, de uni\u00e3o amorosa. E diante do fato de que somos seres \u00fanicos, s\u00f3 \u00e9 poss\u00edvel a uni\u00e3o com respeito pelas diferen\u00e7as. Muitos erros foram se tornando comuns ao termos interpretado t\u00e3o erroneamente a mensagem de nosso amado Cristo, Jesus. Podemos deduzir que somos uma experi\u00eancia do pr\u00f3prio Deus, que est\u00e1 dentro de cada um de n\u00f3s. Porque Ele \u00e9 a pr\u00f3pria Vida. Mas at\u00e9 nos convencermos de que Ele est\u00e1 mesmo dentro de n\u00f3s, sofrendo com nossos sofrimentos e rindo com nossas alegrias\u2026<\/p>\r\n<!-- \/wp:paragraph -->\r\n\r\n<!-- wp:paragraph -->\r\n<p>\u00c9 um longo caminho.<br \/><br \/><\/p>\r\n<!-- \/wp:paragraph -->\r\n\r\n<!-- wp:paragraph -->\r\n<p><strong>4.3 Por que esse momento que vivemos \u00e9 de depura\u00e7\u00e3o?<\/strong> Para mim, a grande resposta foi dada pela Hist\u00f3ria de nossa Humanidade. Ao analisarmos o que funcionou, o que trouxe harmonia e prosperidade e o que n\u00e3o funcionou podemos forjar um futuro mais ameno. Vemos com tristeza que a cegueira \u00e9 ainda muito grande.<\/p>\r\n<!-- \/wp:paragraph -->\r\n\r\n<!-- wp:paragraph -->\r\n<p>E a grande peneira est\u00e1 agindo, trazendo \u00e0 tona a verdade dos resultados. O que \u00e9 bom, traz maior bem. E o que n\u00e3o \u00e9 bom, traz aprendizados, sabedoria e vis\u00e3o para evitar cuidadosamente o que n\u00e3o queremos mais: sofrer.<\/p>\r\n<!-- \/wp:paragraph -->\r\n\r\n<!-- wp:paragraph -->\r\n<p>Mas n\u00e3o \u00e9 t\u00e3o simples assim: muitos ainda n\u00e3o est\u00e3o neste primeiro est\u00e1gio. Vemos l\u00edderes das mais diversas \u00e1reas ainda ensinando ou dando exemplos de situa\u00e7\u00f5es resolvidas sem compaix\u00e3o e sem vis\u00e3o de futuro, perpetuando a situa\u00e7\u00e3o ca\u00f3tica que vivemos.<\/p>\r\n<!-- \/wp:paragraph -->\r\n\r\n<!-- wp:paragraph -->\r\n<p>Muitos podem estar sentindo a falta de beleza, de arte, de sabedoria desses tempos ca\u00f3ticos.<\/p>\r\n<!-- \/wp:paragraph -->\r\n\r\n<!-- wp:paragraph -->\r\n<p>Mas, como chegamos a esse ponto de irracionalidade? Onde a maioria j\u00e1 n\u00e3o usa a faculdade maior, o pensamento? \u00c9 o que tentaremos demonstrar. <strong>5. Ent\u00e3o, para que existem as religi\u00f5es?<\/strong> A porta estreita \u00e9 uma compara\u00e7\u00e3o para o funil que \u00e9 passar da vibra\u00e7\u00e3o reinante (mundo) para a vibra\u00e7\u00e3o celeste (paz). Para a Quinta Dimens\u00e3o em nossa vida terrena. Antes dessa passagem somos como cegos, ou mesmo mortos.<\/p>\r\n<!-- \/wp:paragraph -->\r\n\r\n<!-- wp:paragraph -->\r\n<p>Por isso, \u00e9 necess\u00e1rio renascer EM VIDA passando pela porta estreita para entrarmos na dimens\u00e3o da paz e da compreens\u00e3o, onde n\u00e3o precisaremos perguntar mais nada. N\u00e3o porque j\u00e1 sabemos tudo (ao contr\u00e1rio, percebemos o infinito desse novo caminho) mas porque sabemos o que \u00e9 preciso para termos a paz de cora\u00e7\u00e3o, em uni\u00e3o com o Criador, que ir\u00e1 nos ensinando tudo no tempo certo.<\/p>\r\n<!-- \/wp:paragraph -->\r\n\r\n<!-- wp:paragraph -->\r\n<p>N\u00e3o se iluda: querer contatar o Criador n\u00e3o \u00e9 tarefa simples. Ele s\u00f3 se d\u00e1 a conhecer a quem o busca com sinceridade e dedica\u00e7\u00e3o. E para isso faz uma exig\u00eancia: \u00e9 preciso buscar conhec\u00ea-lo com todas as suas for\u00e7as, com todo o seu entendimento e de todo o seu cora\u00e7\u00e3o. N\u00e3o adianta cumprir rituais, se eles n\u00e3o foram vividos por voc\u00ea nessa exig\u00eancia fundamental.<\/p>\r\n<!-- \/wp:paragraph -->\r\n\r\n<!-- wp:paragraph -->\r\n<p>Por isso que o mundo continua t\u00e3o cheio de desequil\u00edbrios apesar dos n\u00fameros astron\u00f4micos de \u201cfi\u00e9is\u201d. Fi\u00e9is a qu\u00ea? Na maioria das vezes, s\u00e3o pessoas que t\u00eam medo do desconhecido e sentem-se mais seguros cumprindo certas \u201cobriga\u00e7\u00f5es\u201d.<\/p>\r\n<!-- \/wp:paragraph -->\r\n\r\n<!-- wp:paragraph -->\r\n<p>Com o avan\u00e7ar dos anos, muitas coisas sabemos por experi\u00eancia pr\u00f3pria. Manter nossa mente flex\u00edvel para coisas que ainda n\u00e3o vivemos pode ser muito importante para nossa juventude de esp\u00edrito. Por isso, a verdadeira sabedoria consiste em n\u00e3o negar o que j\u00e1 conhecemos e ao mesmo tempo ter a humildade de querer aprender sempre com as novas situa\u00e7\u00f5es que ainda podemos viver. \u201cA experi\u00eancia \u00e9 a m\u00e3e da certeza\u201d (Leonardo da Vinci)<\/p>\r\n<!-- \/wp:paragraph -->\r\n\r\n<!-- wp:paragraph -->\r\n<p><strong>6. Como conhecer em 60, ou mesmo 80 anos a incr\u00edvel VIDA c\u00f3smica que nos cerca?<\/strong> A evolu\u00e7\u00e3o da alma \u00e9 b\u00e1sica para entendermos a pedagogia de Deus, que enche vales e aplaina montanhas\u2026 atrav\u00e9s de nossas vidas no planeta Terra. Qual a justi\u00e7a que pode explicar as dores e dramas de nossa vida humana se n\u00e3o houvesse novas chances de viver as belezas da vida em equil\u00edbrio?<\/p>\r\n<!-- \/wp:paragraph -->\r\n\r\n<!-- wp:paragraph -->\r\n<p>A finalidade s\u00e3o os aprendizados que temos em cada uma, at\u00e9 chegarmos \u00e0 verdade que permanece atr\u00e1s do tempo e do espa\u00e7o: a grandeza da Obra da Cria\u00e7\u00e3o, e o desapego que essa verdade nos proporciona.<\/p>\r\n<!-- \/wp:paragraph -->\r\n\r\n<!-- wp:paragraph -->\r\n<p><em>Nos tornamos imortais em vida, quando abrimos nossos olhos da alma e vemos al\u00e9m das apar\u00eancias: o corpo \u00e9 apenas um instrumento. \u00c9 a alma que d\u00e1 vida ao corpo.<\/em><\/p>\r\n<!-- \/wp:paragraph -->\r\n\r\n<!-- wp:paragraph -->\r\n<p><em>Nos tornamos conscientes da Consci\u00eancia, e isso nos torna \u00e9ticos.<\/em><\/p>\r\n<!-- \/wp:paragraph -->\r\n\r\n<!-- wp:paragraph -->\r\n<p><em>Amadurecidos em nossas emo\u00e7\u00f5es, podemos ascender a novos n\u00edveis de Vida e de Plenitude.<\/em><\/p>\r\n<!-- \/wp:paragraph -->\r\n\r\n<!-- wp:paragraph -->\r\n<p><em>A pureza de inten\u00e7\u00e3o \u00e9 a chave preciosa que abre o portal do reino em nosso cora\u00e7\u00e3o. E nos ensina a ver a realidade sob novos pontos de vista, al\u00e9m das apar\u00eancias.<\/em><\/p>\r\n<!-- \/wp:paragraph -->\r\n\r\n<!-- wp:paragraph -->\r\n<blockquote><strong><em>Para meditar:<\/em><\/strong> <!-- \/wp:paragraph -->\r\n\r\n<!-- wp:paragraph --> O olho continua sendo a luz de nossa alma. <!-- \/wp:paragraph -->\r\n\r\n<!-- wp:paragraph --> Encontrar o eixo da unidade na diversidade: essa \u00e9 a miss\u00e3o do AMOR. <!-- \/wp:paragraph -->\r\n\r\n<!-- wp:paragraph --> Na ess\u00eancia dessa verdade, a beleza indescrit\u00edvel da Vida que nos envolve. S\u00f3 assim podemos ter olhos capazes de ver\u2026 Comunh\u00e3o com o Criador e Sua Obra: essa \u00e9 a verdadeira religiosidade.<\/blockquote>\r\n<!-- \/wp:paragraph -->\r\n\r\n<!-- wp:paragraph -->\r\n<p><strong>7. E como podemos fazer isso de forma pr\u00e1tica?<\/strong><\/p>\r\n<!-- \/wp:paragraph -->\r\n\r\n<!-- wp:paragraph -->\r\n<p>Precisamos compreender a Vida de um outro ponto de vista: do C\u00e9u. Conscientizar-se de que vivemos em um planeta que gira em torno do Sol e viver de acordo com isso.<\/p>\r\n<!-- \/wp:paragraph -->\r\n\r\n<!-- wp:paragraph -->\r\n<p>Existem per\u00edodos de tempo para a humanidade onde s\u00e3o necess\u00e1rios ajustes e mesmo uma verdadeira r(evolu\u00e7\u00e3o) e renova\u00e7\u00e3o na forma de pensar. Este \u00e9 um deles.<\/p>\r\n<!-- \/wp:paragraph -->\r\n\r\n<!-- wp:paragraph -->\r\n<p>Muitos conceitos tornaram-se obsoletos, e a pr\u00f3pria forma de concebermos Deus e a Vida precisam ser atualizados e renovados. O Amor \u00e9 um conceito sempre pass\u00edvel de evolu\u00e7\u00e3o, porque o Amor \u00e9 o pr\u00f3prio Deus em a\u00e7\u00e3o atrav\u00e9s de n\u00f3s.<\/p>\r\n<!-- \/wp:paragraph -->\r\n\r\n<!-- wp:paragraph -->\r\n<p>Nem h\u00e1 necessidade de dizer que\u00a0<strong>Deus<\/strong>\u00a0\u00e9 um conceito alt\u00edssimo para nossa compreens\u00e3o. As defini\u00e7\u00f5es b\u00edblicas demonstram que \u201cAquele que \u00e9, que era e que h\u00e1 de vir\u201d transcende qualquer limita\u00e7\u00e3o de tempo e de espa\u00e7o, com todos os costumes temporais.<\/p>\r\n<!-- \/wp:paragraph -->\r\n\r\n<!-- wp:paragraph -->\r\n<p>Uma das marcas desse que chamamos de Deus mas que ningu\u00e9m jamais na Terra viu \u00e9 a simplicidade.<\/p>\r\n<!-- \/wp:paragraph -->\r\n\r\n<!-- wp:paragraph -->\r\n<p>A vida humana afastou-se do equil\u00edbrio com a vida da Natureza, que \u00e9 quem sustenta a vida humana. Voltar-se a guiar-se pelo Sol de uma forma como ainda n\u00e3o existiu sobre a face da Terra come\u00e7a a criar essa renova\u00e7\u00e3o t\u00e3o necess\u00e1ria e a criar os la\u00e7os energ\u00e9ticos com toda a Vida que acontece e que vibra como os sons de uma orquestra muito harm\u00f4nica: o Sol e seus ciclos comandando todo o ritmo biol\u00f3gico em nosso planeta.<\/p>\r\n<!-- \/wp:paragraph -->\r\n\r\n<!-- wp:paragraph -->\r\n<p><strong>8. Por que S\u00e3o Francisco \u00e9 o patrono da Ecologia? Porque em plena Idade M\u00e9dia j\u00e1 anteviu esse momento:<\/strong> \u00a0<\/p>\r\n<!-- \/wp:paragraph -->\r\n\r\n<!-- wp:paragraph -->\r\n<blockquote>\u201cLouvado sejas, meu Senhor, com todas as suas criaturas, <!-- \/wp:paragraph -->\r\n\r\n<!-- wp:paragraph --> Especialmente o Maestro da Vida, o Sol, nosso irm\u00e3o, <!-- \/wp:paragraph -->\r\n\r\n<!-- wp:paragraph --> Que nos traz o dia, com sua Luz! <!-- \/wp:paragraph -->\r\n\r\n<!-- wp:paragraph --> Ele \u00e9 belo e radiante e tem grande resplendor: <!-- \/wp:paragraph -->\r\n\r\n<!-- wp:paragraph --> \u00c9 o mais perfeito s\u00edmbolo de Ti, Sublime Senhor\u201d<\/blockquote>\r\n<!-- \/wp:paragraph -->\r\n\r\n<!-- wp:paragraph -->\r\n<p>Essa \u00e9 a fun\u00e7\u00e3o do Feng Shui L\u00f3gico.<\/p>\r\n<!-- \/wp:paragraph -->\r\n\r\n<!-- wp:paragraph -->\r\n<p>Ser um instrumento para nos conscientizar de nossa interdepend\u00eancia da Natureza, e nos dedicarmos a fazermos parte conscientemente dela.<\/p>\r\n<!-- \/wp:paragraph -->\r\n\r\n<!-- wp:paragraph -->\r\n<p>Suas t\u00e9cnicas proporcionam uma forma saud\u00e1vel de viver e reconectar-se com a Vida planet\u00e1ria dentro do incr\u00edvel Universo que habitamos, cria\u00e7\u00e3o divina.<\/p>\r\n<!-- \/wp:paragraph -->\r\n\r\n<!-- wp:paragraph -->\r\n<p>As t\u00e9cnicas do Feng Shui L\u00f3gico s\u00e3o um aux\u00edlio para aprendermos a amar em equil\u00edbrio e em conex\u00e3o com as for\u00e7as da Natureza.<\/p>\r\n<!-- \/wp:paragraph -->\r\n\r\n<!-- wp:paragraph -->\r\n<p>Por\u00e9m, a soberania do Amor sobre todas as coisas \u00e9 indiscut\u00edvel. Para quem cr\u00ea, nada pode ser maior que a for\u00e7a do Amor ensinado por Jesus, o Cristo.<\/p>\r\n<p><blockquote class=\"wp-embedded-content\" data-secret=\"j5501Rrpk2\"><a href=\"https:\/\/fengshuilogico.com\/blog\/2023\/11\/10\/um-pouco-da-minha-historia-1\/\">Um pouco da minha hist\u00f3ria com Jesus &#8211; Stela Vecchi<\/a><\/blockquote><iframe class=\"wp-embedded-content\" sandbox=\"allow-scripts\" security=\"restricted\" style=\"position: absolute; clip: rect(1px, 1px, 1px, 1px);\" title=\"&#8220;Um pouco da minha hist\u00f3ria com Jesus &#8211; Stela Vecchi&#8221; &#8212; Feng Shui L\u00f3gico - M\u00e9todo Solar Stela Vecchi\" src=\"https:\/\/fengshuilogico.com\/blog\/2023\/11\/10\/um-pouco-da-minha-historia-1\/embed\/#?secret=GD1HTnYAXB#?secret=j5501Rrpk2\" data-secret=\"j5501Rrpk2\" width=\"500\" height=\"282\" frameborder=\"0\" marginwidth=\"0\" marginheight=\"0\" scrolling=\"no\"><\/iframe><\/p>","protected":false},"excerpt":{"rendered":"<p>Qual o significado da palavra religi\u00e3o? Religi\u00e3o vem de religare: ligar novamente.Essa religa\u00e7\u00e3o \u00e9 feita de forma individual a partir da vontade de conhecer e se dedicar de forma integral ao amor divino. Sem descuidar-se dos seus deveres afetivos da vida humana. 2. Quais as maiores causas do sofrimento humano? O problema do sofrimento humano [&hellip;]<\/p>\n","protected":false},"author":6,"featured_media":27495,"comment_status":"open","ping_status":"open","sticky":false,"template":"","format":"standard","meta":{"footnotes":""},"categories":[2601],"tags":[],"_links":{"self":[{"href":"https:\/\/fengshuilogico.com\/blog\/wp-json\/wp\/v2\/posts\/27781"}],"collection":[{"href":"https:\/\/fengshuilogico.com\/blog\/wp-json\/wp\/v2\/posts"}],"about":[{"href":"https:\/\/fengshuilogico.com\/blog\/wp-json\/wp\/v2\/types\/post"}],"author":[{"embeddable":true,"href":"https:\/\/fengshuilogico.com\/blog\/wp-json\/wp\/v2\/users\/6"}],"replies":[{"embeddable":true,"href":"https:\/\/fengshuilogico.com\/blog\/wp-json\/wp\/v2\/comments?post=27781"}],"version-history":[{"count":3,"href":"https:\/\/fengshuilogico.com\/blog\/wp-json\/wp\/v2\/posts\/27781\/revisions"}],"predecessor-version":[{"id":27784,"href":"https:\/\/fengshuilogico.com\/blog\/wp-json\/wp\/v2\/posts\/27781\/revisions\/27784"}],"wp:featuredmedia":[{"embeddable":true,"href":"https:\/\/fengshuilogico.com\/blog\/wp-json\/wp\/v2\/media\/27495"}],"wp:attachment":[{"href":"https:\/\/fengshuilogico.com\/blog\/wp-json\/wp\/v2\/media?parent=27781"}],"wp:term":[{"taxonomy":"category","embeddable":true,"href":"https:\/\/fengshuilogico.com\/blog\/wp-json\/wp\/v2\/categories?post=27781"},{"taxonomy":"post_tag","embeddable":true,"href":"https:\/\/fengshuilogico.com\/blog\/wp-json\/wp\/v2\/tags?post=27781"}],"curies":[{"name":"wp","href":"https:\/\/api.w.org\/{rel}","templated":true}]}}