{"id":26,"date":"2008-05-10T20:11:58","date_gmt":"2008-05-10T22:11:58","guid":{"rendered":"https:\/\/stela.farnesidigital.com.br\/2008\/05\/10\/o-feng-shui-logico\/"},"modified":"2025-11-10T16:39:49","modified_gmt":"2025-11-10T19:39:49","slug":"decoracao-voce-em-harmonia-com-a-natureza","status":"publish","type":"post","link":"https:\/\/fengshuilogico.com\/blog\/2008\/05\/10\/decoracao-voce-em-harmonia-com-a-natureza\/","title":{"rendered":"Feng Shui L\u00f3gico coloca voc\u00ea em harmonia com o Sol e a Natureza"},"content":{"rendered":"<div class=\"jeg_video_container jeg_video_content\"><iframe title=\"O SOL NA SUA CASA: qual o ambiente que recebe a luz do Nascer do Sol? #fengshui #saude\" width=\"500\" height=\"281\" src=\"https:\/\/www.youtube.com\/embed\/wX_O-rYuybc?feature=oembed\" frameborder=\"0\" allow=\"accelerometer; autoplay; clipboard-write; encrypted-media; gyroscope; picture-in-picture; web-share\" referrerpolicy=\"strict-origin-when-cross-origin\" allowfullscreen><\/iframe><\/div>\n<p><strong>O novo mundo est\u00e1 entre n\u00f3s.<\/strong><br \/>\nVivemos uma \u00e9poca estranha que me faz lembrar da Rep\u00fablica de Plat\u00e3o. Ainda vivemos como em cavernas, inconscientes da import\u00e2ncia da Luz, o elemento mais sutil que conhecemos.<br \/>\nO Sol nos traz a Luz.<br \/>\nBelo o tempo onde o Rel\u00f3gio do Sol era adotado, onde viv\u00edamos sob sua influ\u00eancia!<br \/>\nOlhar para a Luz e nos harmonizarmos com ela pode significar traz\u00ea-la para viver no meio de n\u00f3s. Porque o novo mundo j\u00e1 est\u00e1 entre n\u00f3s&#8230;<\/p>\n<p><strong>Harmonia \u00e9 o melhor sin\u00f4nimo para Feng Shui,<\/strong> que literalmente significa em chin\u00eas Vento e \u00c1gua: dois elementos transformadores. O vento que n\u00e3o se v\u00ea, mas se se<span class=\"text_exposed_show\">nte. A \u00e1gua que \u00e9 flu\u00edda e n\u00e3o se deixa agarrar. Nos ambientes, representa a capacidade que temos de compreendermos os efeitos da decora\u00e7\u00e3o sobre n\u00f3s, atrav\u00e9s de uma linguagem pr\u00e1tica e rica em s\u00edmbolos. Criamos a m\u00fasica silenciosa da beleza aconchegante. Que se traduz em bem-estar e disposi\u00e7\u00e3o.<\/span><\/p>\n<p>Feng Shui L\u00f3gico &#8211; a Raz\u00e3o intuitiva, ou o Cora\u00e7\u00e3o manifestado na decora\u00e7\u00e3o.<\/p>\n<p>O s\u00edmbolo \u00e9 <em>a p\u00e9rola<\/em> da linguagem, escondida sob <em>a concha<\/em> das palavras. E o Feng Shui \u00e9 a <em>p\u00e9rola<\/em> da casa escondida sob a <em>concha<\/em> dos m\u00f3veis, das luzes, das cores, dos tecidos, da disposi\u00e7\u00e3o dos m\u00f3veis, enfim do conjunto criado pela decora\u00e7\u00e3o.<\/p>\n<p><strong>Como pronunciamos Feng Shui?<\/strong><br \/>\nEssa palavra \u00e9 onomatopaica, imita o som do vento soprando: Fung, e do barulho da \u00e1gua correndo: Shuei, que parece um pouco o nosso Chu\u00e1.<br \/>\n<em>Fuung Shueii<\/em>&#8230; <em>vento e \u00e1gua<\/em>&#8230;<\/p>\n<p>A casa \u00e9 a moradia do Amor, do aconchego, \u00e9 o nosso ref\u00fagio. E tamb\u00e9m reflete nossa personalidade, ao mesmo tempo que nos influenciamos por ela.<\/p>\n<p><em>Harmonia \u00e9 o melhor sin\u00f4nimo para Feng Shui, que literalmente significa em chin\u00eas Vento e \u00c1gua: dois elementos transformadores. <\/em><\/p>\n<p><em>O vento que n\u00e3o se v\u00ea, mas se se<span class=\"text_exposed_show\">nte. <\/span><\/em><\/p>\n<p><em><span class=\"text_exposed_show\">A \u00e1gua que \u00e9 flu\u00edda e n\u00e3o se deixa agarrar. <\/span><\/em><\/p>\n<p><em><span class=\"text_exposed_show\">Nos ambientes, representa a capacidade que temos de compreendermos os efeitos da decora\u00e7\u00e3o sobre n\u00f3s, atrav\u00e9s de uma linguagem pr\u00e1tica e rica em s\u00edmbolos. Criamos a m\u00fasica silenciosa da beleza aconchegante. Que se traduz em bem-estar e disposi\u00e7\u00e3o.<\/span><\/em><\/p>\n<p><img fetchpriority=\"high\" decoding=\"async\" class=\"aligncenter size-medium wp-image-17715\" src=\"https:\/\/fengshuilogico.com\/blog\/wp-content\/uploads\/2008\/05\/Ba-gu\u00e1_H_Sul_H_Norte-300x300.jpg\" alt=\"\" width=\"300\" height=\"300\" srcset=\"https:\/\/fengshuilogico.com\/blog\/wp-content\/uploads\/2008\/05\/Ba-gu\u00e1_H_Sul_H_Norte-300x300.jpg 300w, https:\/\/fengshuilogico.com\/blog\/wp-content\/uploads\/2008\/05\/Ba-gu\u00e1_H_Sul_H_Norte-150x150.jpg 150w, https:\/\/fengshuilogico.com\/blog\/wp-content\/uploads\/2008\/05\/Ba-gu\u00e1_H_Sul_H_Norte.jpg 600w\" sizes=\"(max-width: 300px) 100vw, 300px\" \/>Feng Shui L\u00f3gico, o Feng Shui adaptado para o Hemisf\u00e9rio Sul, \u00e9 um conjunto de t\u00e9cnicas que organiza as v\u00e1rias \u00e1reas de nossa vida atrav\u00e9s de nossas casas e de nossos ambientes de trabalho, em harmonia com o Sol, o maestro da orquestra da Natureza. O resultado \u00e9 a conex\u00e3o com o Todo que nos envolve e sustenta e o bem-estar que isso traz.<\/p>\n<blockquote><p>Stela Vecchi<\/p><\/blockquote>\n<blockquote><p>Stela Vecchi \u00e9 escritora e consultora de Feng Shui.<br \/>\nAutora do livro <strong>Feng Shui L\u00f3gico <\/strong>(\u00cdcone Editora, SP, 2004), ministra cursos de Feng Shui L\u00f3gico, t\u00e9cnica que favorece a felicidade porque deixa sua casa harmoniosa e plena de energia ben\u00e9fica.<br \/>\nAutora do livro <strong>No C\u00e9u do Hemisf\u00e9rio Sul &#8211; Brasil, um Novo Come\u00e7o<\/strong>, onde analisa a bandeira brasileira de um ponto de vista in\u00e9dito.<br \/>\nSeu \u00faltimo livro, <strong>O Caminho da Sabedoria<\/strong>, \u00e9 sobre o amor e sobre o verdadeiro significado dos relacionamentos amorosos em nossa vida.<\/p>\n<p><strong>Visite tamb\u00e9m o site: <a href=\"http:\/\/www.fengshuilogico.com\" target=\"_blank\" rel=\"noopener noreferrer\">www.fengshuilogico.com<\/a><\/strong><\/p><\/blockquote>\n","protected":false},"excerpt":{"rendered":"<p>O novo mundo est\u00e1 entre n\u00f3s. Vivemos uma \u00e9poca estranha que me faz lembrar da Rep\u00fablica de Plat\u00e3o. Ainda vivemos como em cavernas, inconscientes da import\u00e2ncia da Luz, o elemento mais sutil que conhecemos. O Sol nos traz a Luz. Belo o tempo onde o Rel\u00f3gio do Sol era adotado, onde viv\u00edamos sob sua influ\u00eancia! [&hellip;]<\/p>\n","protected":false},"author":6,"featured_media":10289,"comment_status":"open","ping_status":"open","sticky":false,"template":"","format":"standard","meta":{"footnotes":""},"categories":[12,2675,7,1992],"tags":[185,201],"_links":{"self":[{"href":"https:\/\/fengshuilogico.com\/blog\/wp-json\/wp\/v2\/posts\/26"}],"collection":[{"href":"https:\/\/fengshuilogico.com\/blog\/wp-json\/wp\/v2\/posts"}],"about":[{"href":"https:\/\/fengshuilogico.com\/blog\/wp-json\/wp\/v2\/types\/post"}],"author":[{"embeddable":true,"href":"https:\/\/fengshuilogico.com\/blog\/wp-json\/wp\/v2\/users\/6"}],"replies":[{"embeddable":true,"href":"https:\/\/fengshuilogico.com\/blog\/wp-json\/wp\/v2\/comments?post=26"}],"version-history":[{"count":3,"href":"https:\/\/fengshuilogico.com\/blog\/wp-json\/wp\/v2\/posts\/26\/revisions"}],"predecessor-version":[{"id":28936,"href":"https:\/\/fengshuilogico.com\/blog\/wp-json\/wp\/v2\/posts\/26\/revisions\/28936"}],"wp:featuredmedia":[{"embeddable":true,"href":"https:\/\/fengshuilogico.com\/blog\/wp-json\/wp\/v2\/media\/10289"}],"wp:attachment":[{"href":"https:\/\/fengshuilogico.com\/blog\/wp-json\/wp\/v2\/media?parent=26"}],"wp:term":[{"taxonomy":"category","embeddable":true,"href":"https:\/\/fengshuilogico.com\/blog\/wp-json\/wp\/v2\/categories?post=26"},{"taxonomy":"post_tag","embeddable":true,"href":"https:\/\/fengshuilogico.com\/blog\/wp-json\/wp\/v2\/tags?post=26"}],"curies":[{"name":"wp","href":"https:\/\/api.w.org\/{rel}","templated":true}]}}