{"id":25433,"date":"2023-10-16T23:35:18","date_gmt":"2023-10-17T02:35:18","guid":{"rendered":"https:\/\/fengshuilogico.com\/blog\/?p=25433"},"modified":"2023-10-28T23:40:34","modified_gmt":"2023-10-29T02:40:34","slug":"aplique-o-bagua-para-o-hemisferio-sul-e-aumente-as-energias-positivas-em-sua-vida","status":"publish","type":"post","link":"https:\/\/fengshuilogico.com\/blog\/2023\/10\/16\/aplique-o-bagua-para-o-hemisferio-sul-e-aumente-as-energias-positivas-em-sua-vida\/","title":{"rendered":"Como aplicar o Feng Shui para o Hemisf\u00e9rio Sul e aumentar as energias positivas em sua vida!"},"content":{"rendered":"<p>Se voc\u00ea mora no Hemisf\u00e9rio Sul, o Feng Shui deve ser adaptado para o Hemisf\u00e9rio Sul para criar a conex\u00e3o com a Natureza.<\/p>\n<p>Fazemos parte de um Todo Maior. A Vida \u00e9 um sistema interligado<br \/>\nVoc\u00ea, a casa que voc\u00ea mora, o hemisf\u00e9rio que voc\u00ea vive, nosso planeta, o sistema solar.<\/p>\n<p>Aplicar as leis do equil\u00edbrio legadas pela filosofia oriental (Feng Shui) associadas \u00e0 Ci\u00eancia e \u00e0 (sua) Espiritualidade atraem os benef\u00edcios dessa integra\u00e7\u00e3o.<\/p>\n<p>&nbsp;<\/p>\n<div class=\"jeg_video_container jeg_video_content\"><iframe title=\"O Sol em sua casa: Como aplicar o Bagu\u00e1 para o Hemisf\u00e9rio Sul e aumentar as energias positivas\" width=\"500\" height=\"281\" src=\"https:\/\/www.youtube.com\/embed\/aE3RcEXI5sc?feature=oembed\" frameborder=\"0\" allow=\"accelerometer; autoplay; clipboard-write; encrypted-media; gyroscope; picture-in-picture; web-share\" allowfullscreen><\/iframe><\/div>\n<p>Queridos amigos, grata por sua presen\u00e7a aqui!<br \/>\nSou Stela Vecchi, fundadora do Feng Shui L\u00f3gico, a Escola Solar de Feng Shui que ensina voc\u00ea a harmonizar sua casa (e sua vida!) com a luz solar colocando sua vida em sintonia com o fluxo vital da M\u00e3e Natureza.<br \/>\nQuando voc\u00ea alinha sua casa (e voc\u00ea!) com o Sol e os 8 ventos primordiais voc\u00ea cria a liga\u00e7\u00e3o com as for\u00e7as que regem a Vida. E sente o pertencimento que nos recarrega e refaz nossas for\u00e7as.<br \/>\nOs 8 ventos est\u00e3o associados \u00e0s dire\u00e7\u00f5es Norte, Sul, Leste e Oeste e \u00e0s 4 intermedi\u00e1rias: Nordeste, Noroeste, Sudeste e Sudoeste.<br \/>\nOs antigos s\u00e1bios chineses associaram essas dire\u00e7\u00f5es cardeais \u00e0s horas do dia, \u00e0s esta\u00e7\u00f5es do ano (inversas nos Hemisf\u00e9rios Norte e Sul) e \u00e0s \u00e1reas de nossas vidas: Fam\u00edlia e Sa\u00fade; Prosperidade; Sucesso; Relacionamentos; Criatividade e Filhos Pequenos; Amigos e Viagens; Trabalho e Autoconhecimento e Espiritualidade.<\/p>\n<p>Essa liga\u00e7\u00e3o se faz a partir do centro de sua casa e faz o alinhamento atrav\u00e9s da aplica\u00e7\u00e3o do Bagu\u00e1, o mapa da Harmonia com a Natureza.<\/p>\n<p>A Linha do Equador divide o planeta em duas \u201cmetades\u201d (hemisf\u00e9rio significa metade do globo terrestre ou da esfera celeste).<br \/>\nEsse Bagu\u00e1 est\u00e1 adaptado para o Hemisf\u00e9rio Sul.<br \/>\nStela Vecchi \u00e9 a criadora do M\u00e9todo Solar. Leia o livro Feng Shui L\u00f3gico, Stela Vecchi, \u00cdcone Editora, SP, 2004.<\/p>\n<p><a href=\"https:\/\/fengshuilogico.com\/blog\/wp-content\/uploads\/2018\/05\/IMG_0406.png\"><img fetchpriority=\"high\" decoding=\"async\" class=\"wp-image-24690 aligncenter\" src=\"https:\/\/fengshuilogico.com\/blog\/wp-content\/uploads\/2018\/05\/IMG_0406.png\" alt=\"\" width=\"332\" height=\"332\" srcset=\"https:\/\/fengshuilogico.com\/blog\/wp-content\/uploads\/2018\/05\/IMG_0406.png 1080w, https:\/\/fengshuilogico.com\/blog\/wp-content\/uploads\/2018\/05\/IMG_0406-300x300.png 300w, https:\/\/fengshuilogico.com\/blog\/wp-content\/uploads\/2018\/05\/IMG_0406-1024x1024.png 1024w, https:\/\/fengshuilogico.com\/blog\/wp-content\/uploads\/2018\/05\/IMG_0406-150x150.png 150w, https:\/\/fengshuilogico.com\/blog\/wp-content\/uploads\/2018\/05\/IMG_0406-768x768.png 768w, https:\/\/fengshuilogico.com\/blog\/wp-content\/uploads\/2018\/05\/IMG_0406-75x75.png 75w, https:\/\/fengshuilogico.com\/blog\/wp-content\/uploads\/2018\/05\/IMG_0406-350x350.png 350w, https:\/\/fengshuilogico.com\/blog\/wp-content\/uploads\/2018\/05\/IMG_0406-750x750.png 750w\" sizes=\"(max-width: 332px) 100vw, 332px\" \/><\/a>Neste link voc\u00ea encontra o livro no formato E-book (PDF) e impresso:<br \/>\n<strong><a href=\"https:\/\/loja.fengshuilogico.com\/livros\/e-books\/\" target=\"_blank\" rel=\"noopener\">Adquira aqui: Livro Feng Shui L\u00f3gico &#8211; Hemisf\u00e9rio Sul<\/a><\/strong><\/p>\n<p>&nbsp;<\/p>\n<p>Neste link, veja como preparar a \u00e1rea da Sa\u00fade (nascer do Sol) de sua casa ou apto:<\/p>\n<blockquote class=\"wp-embedded-content\" data-secret=\"x0mz5ADIMQ\"><p><a href=\"https:\/\/fengshuilogico.com\/blog\/2022\/08\/27\/o-poder-do-sol-em-sua-casa\/\">O PODER DO SOL EM SUA CASA<\/a><\/p><\/blockquote>\n<p><iframe class=\"wp-embedded-content\" sandbox=\"allow-scripts\" security=\"restricted\" style=\"position: absolute; clip: rect(1px, 1px, 1px, 1px);\" title=\"&#8220;O PODER DO SOL EM SUA CASA&#8221; &#8212; Feng Shui L\u00f3gico - M\u00e9todo Solar Stela Vecchi\" src=\"https:\/\/fengshuilogico.com\/blog\/2022\/08\/27\/o-poder-do-sol-em-sua-casa\/embed\/#?secret=2aK8PrImfb#?secret=x0mz5ADIMQ\" data-secret=\"x0mz5ADIMQ\" width=\"500\" height=\"282\" frameborder=\"0\" marginwidth=\"0\" marginheight=\"0\" scrolling=\"no\"><\/iframe><\/p>\n<p>&nbsp;<\/p>\n<p>&nbsp;<\/p>\n<p>&nbsp;<\/p>\n<p>&nbsp;<\/p>\n<p>&nbsp;<\/p>\n","protected":false},"excerpt":{"rendered":"<p>Se voc\u00ea mora no Hemisf\u00e9rio Sul, o Feng Shui deve ser adaptado para o Hemisf\u00e9rio Sul para criar a conex\u00e3o com a Natureza. Fazemos parte de um Todo Maior. A Vida \u00e9 um sistema interligado Voc\u00ea, a casa que voc\u00ea mora, o hemisf\u00e9rio que voc\u00ea vive, nosso planeta, o sistema solar. Aplicar as leis do [&hellip;]<\/p>\n","protected":false},"author":6,"featured_media":24249,"comment_status":"open","ping_status":"open","sticky":false,"template":"","format":"standard","meta":{"footnotes":""},"categories":[1679,12],"tags":[844],"_links":{"self":[{"href":"https:\/\/fengshuilogico.com\/blog\/wp-json\/wp\/v2\/posts\/25433"}],"collection":[{"href":"https:\/\/fengshuilogico.com\/blog\/wp-json\/wp\/v2\/posts"}],"about":[{"href":"https:\/\/fengshuilogico.com\/blog\/wp-json\/wp\/v2\/types\/post"}],"author":[{"embeddable":true,"href":"https:\/\/fengshuilogico.com\/blog\/wp-json\/wp\/v2\/users\/6"}],"replies":[{"embeddable":true,"href":"https:\/\/fengshuilogico.com\/blog\/wp-json\/wp\/v2\/comments?post=25433"}],"version-history":[{"count":5,"href":"https:\/\/fengshuilogico.com\/blog\/wp-json\/wp\/v2\/posts\/25433\/revisions"}],"predecessor-version":[{"id":25560,"href":"https:\/\/fengshuilogico.com\/blog\/wp-json\/wp\/v2\/posts\/25433\/revisions\/25560"}],"wp:featuredmedia":[{"embeddable":true,"href":"https:\/\/fengshuilogico.com\/blog\/wp-json\/wp\/v2\/media\/24249"}],"wp:attachment":[{"href":"https:\/\/fengshuilogico.com\/blog\/wp-json\/wp\/v2\/media?parent=25433"}],"wp:term":[{"taxonomy":"category","embeddable":true,"href":"https:\/\/fengshuilogico.com\/blog\/wp-json\/wp\/v2\/categories?post=25433"},{"taxonomy":"post_tag","embeddable":true,"href":"https:\/\/fengshuilogico.com\/blog\/wp-json\/wp\/v2\/tags?post=25433"}],"curies":[{"name":"wp","href":"https:\/\/api.w.org\/{rel}","templated":true}]}}