{"id":245,"date":"2009-03-01T21:01:03","date_gmt":"2009-03-01T23:01:03","guid":{"rendered":"https:\/\/fengshuilogico.com\/blog\/2009\/03\/01\/orientacao-conexao-e-iluminacao\/"},"modified":"2025-07-19T14:16:53","modified_gmt":"2025-07-19T17:16:53","slug":"orientacao-conexao-iluminacao","status":"publish","type":"post","link":"https:\/\/fengshuilogico.com\/blog\/2009\/03\/01\/orientacao-conexao-iluminacao\/","title":{"rendered":"Oriente-se pelo sol: ele ativa sua b\u00fassola interior"},"content":{"rendered":"\r\n<p>O Planeta Terra \u00e9 a casa de todos os povos que a habitam.<br \/>O novo tempo pede essa consci\u00eancia individual: fazemos parte de um sistema solar que est\u00e1 inserido em uma gal\u00e1xia que pertence ao Universo.<br \/><br \/>O sol \u00e9 uma estrela de quinta grandeza, a estrela mais pr\u00f3xima da Terra.<br \/>\u00c9 a &#8220;nossa estrela&#8221;.<br \/>Conhecer as dire\u00e7\u00f5es cardeais aumenta nosso horizonte.<br \/>Aumenta nossa b\u00fassola interior. E nossa seguran\u00e7a.<br \/><br \/><br \/><a href=\"https:\/\/fengshuilogico.com\/blog\/wp-content\/uploads\/2017\/04\/baguas-norte-sul-alta-2018_05_14-15_22_40-UTC-scaled.jpg\"><img fetchpriority=\"high\" decoding=\"async\" class=\"aligncenter size-medium wp-image-25109\" src=\"https:\/\/fengshuilogico.com\/blog\/wp-content\/uploads\/2017\/04\/baguas-norte-sul-alta-2018_05_14-15_22_40-UTC-300x256.jpg\" alt=\"\" width=\"300\" height=\"256\" srcset=\"https:\/\/fengshuilogico.com\/blog\/wp-content\/uploads\/2017\/04\/baguas-norte-sul-alta-2018_05_14-15_22_40-UTC-300x256.jpg 300w, https:\/\/fengshuilogico.com\/blog\/wp-content\/uploads\/2017\/04\/baguas-norte-sul-alta-2018_05_14-15_22_40-UTC-1024x873.jpg 1024w, https:\/\/fengshuilogico.com\/blog\/wp-content\/uploads\/2017\/04\/baguas-norte-sul-alta-2018_05_14-15_22_40-UTC-768x654.jpg 768w, https:\/\/fengshuilogico.com\/blog\/wp-content\/uploads\/2017\/04\/baguas-norte-sul-alta-2018_05_14-15_22_40-UTC-1536x1309.jpg 1536w, https:\/\/fengshuilogico.com\/blog\/wp-content\/uploads\/2017\/04\/baguas-norte-sul-alta-2018_05_14-15_22_40-UTC-2048x1745.jpg 2048w, https:\/\/fengshuilogico.com\/blog\/wp-content\/uploads\/2017\/04\/baguas-norte-sul-alta-2018_05_14-15_22_40-UTC-750x639.jpg 750w, https:\/\/fengshuilogico.com\/blog\/wp-content\/uploads\/2017\/04\/baguas-norte-sul-alta-2018_05_14-15_22_40-UTC-1140x971.jpg 1140w\" sizes=\"(max-width: 300px) 100vw, 300px\" \/><\/a><br \/><br \/>Fazemos parte de um Todo Maior. Tudo est\u00e1 interligado. E segundo a F\u00edsica Qu\u00e2ntica o olhar do observador modifica a realidade. Cada ser humano est\u00e1 conectado \u00e0 Vida que o sustenta para continuar vivo: \u00e0 vida da \u00e1gua, do ar, do Sol, da terra, das plantas, das florestas, enfim do planeta Terra, que \u00e9 nossa casa maior.<\/p>\r\n\r\n<p>Voc\u00ea \u00e9 o microcosmo e precisa estar em harmonia com o macrocosmo: essa consci\u00eancia traz a sensa\u00e7\u00e3o de pertencimento e \u00e9 o grande segredo de inserir-se no Todo Maior que nos envolve.<br \/><br \/><a href=\"https:\/\/fengshuilogico.com\/blog\/wp-content\/uploads\/2009\/03\/percepcao.png\"><img decoding=\"async\" class=\"alignleft size-full wp-image-4497\" title=\"percepcao\" src=\"https:\/\/fengshuilogico.com\/blog\/wp-content\/uploads\/2009\/03\/percepcao.png\" alt=\"\" width=\"280\" height=\"180\" \/><\/a><\/p>\r\n<p>&nbsp;<\/p>\r\n<p>&nbsp;<\/p>\r\n<p>&nbsp;<\/p>\r\n<figure id=\"attachment_13473\" aria-describedby=\"caption-attachment-13473\" style=\"width: 255px\" class=\"wp-caption alignright\"><img decoding=\"async\" class=\"size-full wp-image-13473\" src=\"https:\/\/fengshuilogico.com\/blog\/wp-content\/uploads\/2009\/03\/conex\u00e3o.jpg\" alt=\"\" width=\"255\" height=\"198\" \/><figcaption id=\"caption-attachment-13473\" class=\"wp-caption-text\"><strong>Interdepend\u00eancia e conex\u00e3o<\/strong><\/figcaption><\/figure>\r\n<p>&nbsp;<\/p>\r\n<p><br \/><br \/>Somos envolvidos por uma realidade m\u00edstica.<br \/>Nossa vida acontece no mist\u00e9rio do espa\u00e7o sideral.<br \/>Qual o destino da vida humana?<\/p>\r\n<p>Ainda sabemos muito pouco sobre as verdades da Vida e da Morte.<br \/>Precisamos simplificar essa complexidade.<br \/>Precisamos nos harmonizar, fazer parte de forma consciente e na aceita\u00e7\u00e3o das leis que regem a Vida que nos envolve.<br \/>Os eixos <strong>Norte\/Sul e Leste\/Oeste<\/strong>, as dire\u00e7\u00f5es que nos guiam no Planeta Terra, e a import\u00e2ncia dos pontos cardeais e suas caracter\u00edsticas clim\u00e1ticas e geogr\u00e1ficas s\u00e3o evidentes no desenvolvimento de nossa civiliza\u00e7\u00e3o.<br \/>Foi na descoberta da estrela-guia do Norte, a Polaris, e a agulha magn\u00e9tica, a b\u00fassola, que possibilitou aventurar-se por mares nunca dantes navegados.<\/p>\r\n<p><a href=\"https:\/\/fengshuilogico.com\/blog\/wp-content\/uploads\/2009\/03\/Baden_\u00c1ustria.jpg\"><img loading=\"lazy\" decoding=\"async\" class=\"aligncenter size-medium wp-image-7234\" src=\"https:\/\/fengshuilogico.com\/blog\/wp-content\/uploads\/2009\/03\/Baden_\u00c1ustria-300x230.jpg\" alt=\"Baden_\u00c1ustria\" width=\"300\" height=\"230\" srcset=\"https:\/\/fengshuilogico.com\/blog\/wp-content\/uploads\/2009\/03\/Baden_\u00c1ustria-300x230.jpg 300w, https:\/\/fengshuilogico.com\/blog\/wp-content\/uploads\/2009\/03\/Baden_\u00c1ustria-1024x786.jpg 1024w\" sizes=\"(max-width: 300px) 100vw, 300px\" \/><\/a><\/p>\r\n<p>O rel\u00f3gio do Sol auxiliava na organiza\u00e7\u00e3o da vida humana, e durante muito tempo foi atrav\u00e9s da observa\u00e7\u00e3o da natureza e seu ritmo que a humanidade se guiava.<\/p>\r\n<p>Encontrei refer\u00eancias que alguns povos, como o povo portugu\u00eas, costumavam marcar o lado Leste (de onde surge o Sol) de suas casas.<\/p>\r\n<p>Portanto, a vida humana estava em sintonia com a vida da natureza. O respeito se torna mais f\u00e1cil quando conhecemos as for\u00e7as que nos sustentam.<\/p>\r\n<p>A Revolu\u00e7\u00e3o Industrial alterou nosso ritmo. Ao lado de tantas facilidades que nos trouxe, junto com as luzes artificiais e as m\u00e1quinas, criamos um mundo \u00e0 parte, onde prescindimos da observa\u00e7\u00e3o da natureza.<br \/>Nos esquecemos que \u00e9 a Natureza que nos sustenta , que sem ela n\u00e3o subsistimos.<\/p>\r\n<p>Esquecemos de olhar para o C\u00e9u e suas dire\u00e7\u00f5es: de dia, temos o Sol a nos iluminar, e \u00e0 noite, as estrelas nos apontam a dire\u00e7\u00e3o.<br \/>Nosso esp\u00edrito se alimenta tamb\u00e9m de c\u00e9u. Apenas comida para o corpo n\u00e3o alimenta nossa necessidade de sentir a conex\u00e3o com toda a realidade c\u00f3smica que nos envolve.<\/p>\r\n<p>Precisamos de cada sinal, de cada respira\u00e7\u00e3o que sai do esp\u00edrito de Deus, nosso Pai Divino.<br \/>E s\u00f3 nessa conex\u00e3o podemos nos iluminar. Os maiores mestres do esp\u00edrito que influenciaram a humanidade viveram antes da Revolu\u00e7\u00e3o Industrial, portanto nos tempos em que a humanidade se guiava pelo c\u00e9u.<\/p>\r\n<p>Nosso desafio \u00e9 usar de todo o avan\u00e7o que o s\u00e9culo passado nos trouxe sem nos esquecermos de alimentar nosso esp\u00edrito e de usar todo esse conhecimento para co-criarmos dias de beleza, paz, justi\u00e7a = AMOR.<\/p>\r\n<p>O M\u00e9todo Solar das Quatro Esta\u00e7\u00f5es, o Feng Shui L\u00f3gico, tem como finalidade facilitar a conex\u00e3o da vida humana com a vida c\u00f3smica atrav\u00e9s da consci\u00eancia dentro de nossas casas da import\u00e2ncia que os luminares do C\u00e9u tem em nossa vida.<\/p>\r\n<p>O microcosmo que \u00e9 cada um de n\u00f3s inserido harmonicamente no macrocosmo da Vida M\u00edstica que nos envolve. Esse \u00e9 o ponto inicial de uma nova civiliza\u00e7\u00e3o humana, confederada atrav\u00e9s da obedi\u00eancia \u00e0s leis que regem o Universo.<\/p>\r\n<figure id=\"attachment_9972\" aria-describedby=\"caption-attachment-9972\" style=\"width: 640px\" class=\"wp-caption aligncenter\"><a href=\"https:\/\/fengshuilogico.com\/blog\/wp-content\/uploads\/2009\/03\/Escola_Solar_1.jpg\"><img loading=\"lazy\" decoding=\"async\" class=\"size-large wp-image-9972\" src=\"https:\/\/fengshuilogico.com\/blog\/wp-content\/uploads\/2009\/03\/Escola_Solar_1-1024x576.jpg\" alt=\"Feng Shui L\u00f3gico M\u00e9todo Solar das 4 Esta\u00e7\u00f5es\" width=\"640\" height=\"360\" srcset=\"https:\/\/fengshuilogico.com\/blog\/wp-content\/uploads\/2009\/03\/Escola_Solar_1-1024x576.jpg 1024w, https:\/\/fengshuilogico.com\/blog\/wp-content\/uploads\/2009\/03\/Escola_Solar_1-300x169.jpg 300w, https:\/\/fengshuilogico.com\/blog\/wp-content\/uploads\/2009\/03\/Escola_Solar_1.jpg 1280w\" sizes=\"(max-width: 640px) 100vw, 640px\" \/><\/a><figcaption id=\"caption-attachment-9972\" class=\"wp-caption-text\">Feng Shui L\u00f3gico<br \/>M\u00e9todo Solar das 4 Esta\u00e7\u00f5es<\/figcaption><\/figure>\r\n<p><br \/>Orienta\u00e7\u00e3o espacial<br \/>Conex\u00e3o com o Cosmos<br \/>Ilumina\u00e7\u00e3o interior<\/p>\r\n<p><div class=\"jeg_video_container jeg_video_content\"><iframe title=\"Voc\u00ea faz parte de um Todo Maior! Feng Shui L\u00f3gico coloca voc\u00ea em harmonia com a Natureza  #fengshui\" width=\"500\" height=\"281\" src=\"https:\/\/www.youtube.com\/embed\/tTjU3jkuxLU?feature=oembed\" frameborder=\"0\" allow=\"accelerometer; autoplay; clipboard-write; encrypted-media; gyroscope; picture-in-picture; web-share\" referrerpolicy=\"strict-origin-when-cross-origin\" allowfullscreen><\/iframe><\/div><\/p>\r\n<p><div class=\"jeg_video_container jeg_video_content\"><iframe title=\"Como aplicar o feng shui? Aprenda a aplicar o ba-gu\u00e1 para o hemisf\u00e9rio sul\" width=\"500\" height=\"281\" src=\"https:\/\/www.youtube.com\/embed\/I6LotZq_p9U?feature=oembed\" frameborder=\"0\" allow=\"accelerometer; autoplay; clipboard-write; encrypted-media; gyroscope; picture-in-picture; web-share\" referrerpolicy=\"strict-origin-when-cross-origin\" allowfullscreen><\/iframe><\/div><\/p>\r\n<blockquote>\r\n<p>Stela Vecchi<\/p>\r\n<\/blockquote>\r\n<p>INSCREVA-SE em nosso canal no YOUTUBE e receba v\u00eddeos atualizados com dicas e orienta\u00e7\u00f5es:<\/p>\r\n<p><strong> <a href=\"https:\/\/www.youtube.com\/watch?v=vpM0ZbpTA7s\" target=\"a_blank\" rel=\"noopener\"> Inscreva-se Canal Youtube\/Feng Shui L\u00f3gico<\/a><\/strong><\/p>\r\n<p><strong> <a href=\"https:\/\/www.youtube.com\/watch?v=zOvlhbCF45M\/\" target=\"a_blank\" rel=\"noopener\"> V\u00eddeo: Os Cinco Elementos para voc\u00ea decorar os ambientes, com Stela Vecchi<\/a> <\/strong><\/p>\r\n<blockquote>\r\n<p>As melhores energias v\u00eam do amor pela Vida, pelo nosso planeta, pelo nosso solo, pela nossa gente e por n\u00f3s mesmos. Tudo o mais \u00e9 consequ\u00eancia disso.<\/p>\r\n<\/blockquote>\r\n<p><strong> <a href=\"http:\/\/loja.fengshuilogico.com\/index.php\/livro-feng-shui-logico-comprar\/livro-feng-shui-logico.html\" target=\"a_blank\" rel=\"noopener\"> Livro Feng Shui L\u00f3gico, Stela Vecchi, \u00cdcone Editora, 2004 &#8211; Compre aqui:<\/a><\/strong><\/p>\r\n<p><a href=\"https:\/\/fengshuilogico.com\/blog\/wp-content\/uploads\/2025\/04\/IMG_0406.png\"><img loading=\"lazy\" decoding=\"async\" class=\"aligncenter size-medium wp-image-28497\" src=\"https:\/\/fengshuilogico.com\/blog\/wp-content\/uploads\/2025\/04\/IMG_0406-300x300.png\" alt=\"\" width=\"300\" height=\"300\" srcset=\"https:\/\/fengshuilogico.com\/blog\/wp-content\/uploads\/2025\/04\/IMG_0406-300x300.png 300w, https:\/\/fengshuilogico.com\/blog\/wp-content\/uploads\/2025\/04\/IMG_0406-1024x1024.png 1024w, https:\/\/fengshuilogico.com\/blog\/wp-content\/uploads\/2025\/04\/IMG_0406-150x150.png 150w, https:\/\/fengshuilogico.com\/blog\/wp-content\/uploads\/2025\/04\/IMG_0406-768x768.png 768w, https:\/\/fengshuilogico.com\/blog\/wp-content\/uploads\/2025\/04\/IMG_0406-75x75.png 75w, https:\/\/fengshuilogico.com\/blog\/wp-content\/uploads\/2025\/04\/IMG_0406-350x350.png 350w, https:\/\/fengshuilogico.com\/blog\/wp-content\/uploads\/2025\/04\/IMG_0406-750x750.png 750w, https:\/\/fengshuilogico.com\/blog\/wp-content\/uploads\/2025\/04\/IMG_0406.png 1080w\" sizes=\"(max-width: 300px) 100vw, 300px\" \/><\/a><\/p>\r\n<p><strong> A hist\u00f3ria do Feng Shui L\u00f3gico: como nasceu a adapta\u00e7\u00e3o do Ba-gu\u00e1 para o Hemisf\u00e9rio Sul?<\/strong><\/p>\r\n<p><strong> <a href=\"http:\/\/loja.fengshuilogico.com\/\" target=\"_blank\" rel=\"noopener\"> Loja Feng Shui L\u00f3gico <\/a><\/strong><br \/><strong>Confira o Programa do Curso B\u00e1sico em nosso Website:<\/strong><br \/><strong><a href=\"https:\/\/loja.fengshuilogico.com\/curso-basico-feng-shui-logico-online-completo-com-video-chamada-p154\" target=\"_blank\" rel=\"noopener\">Programa Curso B\u00e1sico de Feng Shui L\u00f3gico<\/a><\/strong><br \/>Participe dos cursos ministrados por Stela Vecchi:<br \/><strong>Feng Shui L\u00f3gico: Curso B\u00e1sico, Avan\u00e7ado e Profissionalizante<\/strong><br \/>Nos cursos de Feng Shui L\u00f3gico voc\u00ea recebe informa\u00e7\u00f5es que ser\u00e3o \u00fateis para toda sua vida!<\/p>\r\n<p><strong>Visite tamb\u00e9m o site: <a href=\"http:\/\/www.fengshuilogico.com\" target=\"_blank\" rel=\"noopener\">www.fengshuilogico.com<\/a><\/strong><\/p>","protected":false},"excerpt":{"rendered":"<p>O Planeta Terra \u00e9 a casa de todos os povos que a habitam.O novo tempo pede essa consci\u00eancia individual: fazemos parte de um sistema solar que est\u00e1 inserido em uma gal\u00e1xia que pertence ao Universo. O sol \u00e9 uma estrela de quinta grandeza, a estrela mais pr\u00f3xima da Terra.\u00c9 a &#8220;nossa estrela&#8221;.Conhecer as dire\u00e7\u00f5es cardeais [&hellip;]<\/p>\n","protected":false},"author":6,"featured_media":21178,"comment_status":"open","ping_status":"open","sticky":false,"template":"","format":"standard","meta":{"footnotes":""},"categories":[1679,2350],"tags":[913,1453,1211,129,912,911,238,847,258,2540,2982,2983,2763],"_links":{"self":[{"href":"https:\/\/fengshuilogico.com\/blog\/wp-json\/wp\/v2\/posts\/245"}],"collection":[{"href":"https:\/\/fengshuilogico.com\/blog\/wp-json\/wp\/v2\/posts"}],"about":[{"href":"https:\/\/fengshuilogico.com\/blog\/wp-json\/wp\/v2\/types\/post"}],"author":[{"embeddable":true,"href":"https:\/\/fengshuilogico.com\/blog\/wp-json\/wp\/v2\/users\/6"}],"replies":[{"embeddable":true,"href":"https:\/\/fengshuilogico.com\/blog\/wp-json\/wp\/v2\/comments?post=245"}],"version-history":[{"count":9,"href":"https:\/\/fengshuilogico.com\/blog\/wp-json\/wp\/v2\/posts\/245\/revisions"}],"predecessor-version":[{"id":28636,"href":"https:\/\/fengshuilogico.com\/blog\/wp-json\/wp\/v2\/posts\/245\/revisions\/28636"}],"wp:featuredmedia":[{"embeddable":true,"href":"https:\/\/fengshuilogico.com\/blog\/wp-json\/wp\/v2\/media\/21178"}],"wp:attachment":[{"href":"https:\/\/fengshuilogico.com\/blog\/wp-json\/wp\/v2\/media?parent=245"}],"wp:term":[{"taxonomy":"category","embeddable":true,"href":"https:\/\/fengshuilogico.com\/blog\/wp-json\/wp\/v2\/categories?post=245"},{"taxonomy":"post_tag","embeddable":true,"href":"https:\/\/fengshuilogico.com\/blog\/wp-json\/wp\/v2\/tags?post=245"}],"curies":[{"name":"wp","href":"https:\/\/api.w.org\/{rel}","templated":true}]}}