{"id":2416,"date":"2011-09-06T18:39:12","date_gmt":"2011-09-06T21:39:12","guid":{"rendered":"https:\/\/fengshuilogico.com\/blog\/?p=2416"},"modified":"2024-06-23T19:01:07","modified_gmt":"2024-06-23T22:01:07","slug":"misterio-de-machu-picchu","status":"publish","type":"post","link":"https:\/\/fengshuilogico.com\/blog\/2011\/09\/06\/misterio-de-machu-picchu\/","title":{"rendered":"30 dias em Machu Picchu: <br>uma experi\u00eancia \u00fanica"},"content":{"rendered":"<p>Sentindo de perto o mist\u00e9rio de Machu Picchu, a Velha Montanha (em qu\u00e9chua)<br \/>\n<a href=\"https:\/\/fengshuilogico.com\/blog\/wp-content\/uploads\/2011\/07\/Machupicchu-pueblo.jpg\"><img fetchpriority=\"high\" decoding=\"async\" class=\"aligncenter wp-image-7113\" src=\"https:\/\/fengshuilogico.com\/blog\/wp-content\/uploads\/2011\/07\/Machupicchu-pueblo-300x224.jpg\" alt=\"Machupicchu pueblo\" width=\"388\" height=\"290\" srcset=\"https:\/\/fengshuilogico.com\/blog\/wp-content\/uploads\/2011\/07\/Machupicchu-pueblo-300x224.jpg 300w, https:\/\/fengshuilogico.com\/blog\/wp-content\/uploads\/2011\/07\/Machupicchu-pueblo.jpg 778w\" sizes=\"(max-width: 388px) 100vw, 388px\" \/><\/a><\/p>\n<p><a href=\"https:\/\/fengshuilogico.com\/blog\/2011\/09\/06\/misterio-de-machu-picchu\/dsc04289\/\" rel=\"attachment wp-att-11028\"><img decoding=\"async\" class=\"aligncenter wp-image-11028\" src=\"https:\/\/fengshuilogico.com\/blog\/wp-content\/uploads\/2011\/09\/DSC04289-225x300.jpg\" alt=\"DSC04289\" width=\"249\" height=\"332\" srcset=\"https:\/\/fengshuilogico.com\/blog\/wp-content\/uploads\/2011\/09\/DSC04289-225x300.jpg 225w, https:\/\/fengshuilogico.com\/blog\/wp-content\/uploads\/2011\/09\/DSC04289-768x1024.jpg 768w, https:\/\/fengshuilogico.com\/blog\/wp-content\/uploads\/2011\/09\/DSC04289.jpg 1944w\" sizes=\"(max-width: 249px) 100vw, 249px\" \/><\/a><br \/>\nSenti o chamado de minha alma e fiquei 30 dias em \u00c1guas Calientes, <em>ou Machupicchu Pueblo<\/em>, povoado que acolhe normalmente por uma ou duas noites os muitos turistas \u00e1vidos por conhecerem as inacredit\u00e1veis ru\u00ednas de um povo mais inacredit\u00e1vel ainda, os incas. Ru\u00ednas que ficam nos penhascos a meia hora dali, de \u00f4nibus.<\/p>\n<p>\u00c1guas Calientes recebeu seu nome do rio de \u00e1guas transparentes que desce suas montanhas.\u00c9 um pequeno povoado que se chega por trem e que n\u00e3o tem carros, apenas os \u00f4nibus que transportam os turistas para a Velha Montanha (Machupicchu, em qu\u00e9chua).<a href=\"https:\/\/fengshuilogico.com\/blog\/wp-content\/uploads\/2011\/07\/\u00c1guas-Calientes-0.jpg\"><img decoding=\"async\" class=\"aligncenter wp-image-7107\" src=\"https:\/\/fengshuilogico.com\/blog\/wp-content\/uploads\/2011\/07\/\u00c1guas-Calientes-0-224x300.jpg\" alt=\"\u00c1guas Calientes 0\" width=\"328\" height=\"439\" srcset=\"https:\/\/fengshuilogico.com\/blog\/wp-content\/uploads\/2011\/07\/\u00c1guas-Calientes-0-224x300.jpg 224w, https:\/\/fengshuilogico.com\/blog\/wp-content\/uploads\/2011\/07\/\u00c1guas-Calientes-0.jpg 583w\" sizes=\"(max-width: 328px) 100vw, 328px\" \/><\/a><\/p>\n<p>Um povo sorridente, trabalhador, amoroso, que se acostumou a viver em fun\u00e7\u00e3o do turismo. Turistas de todas as partes do mundo chegam e v\u00e3o, e se encontram na Pra\u00e7a das Armas, onde se encontra a escultura de um inca olhando para o Sudoeste. Todos se cumprimentam, um sinal de que o mesmo destino os iguala. Todos buscam as energias renovadoras e \u00fanicas de Machupicchu.<br \/>\nMachupicchu se ergue majestosa em meio \u00e0s Cordilheiras dos Andes. Ru\u00ednas de um passado intrigante nos desafia.<br \/>\nUma cidade no alto de uma montanha t\u00e3o bem constru\u00edda que ainda hoje preserva suas fontes com \u00e1gua corrente e constru\u00e7\u00f5es de pedra em perfeito estado de conserva\u00e7\u00e3o.<\/p>\n<p>\u201cMachupicchu est\u00e1 localizado e ordenado em alinhamento com os cumes das montanhas circundantes, assim como as constela\u00e7\u00f5es c\u00f3smicas. Sua localiza\u00e7\u00e3o permite que seja uma cidade com grande recep\u00e7\u00e3o de luz solar durante todo o dia. As caracter\u00edsticas geogr\u00e1ficas da \u00e1rea: as montanhas, o rio, o acesso \u00e0 \u00e1gua e a disposi\u00e7\u00e3o do material de constru\u00e7\u00e3o foram determinantes para os incas escolherem esse lugar.\u201d <em>Museo de sitio Manuel Chavez Ballon, \u00c1guas Calientes.<\/em><\/p>\n<p><a href=\"https:\/\/fengshuilogico.com\/blog\/wp-content\/uploads\/2011\/09\/Montanhas_machupicchu.jpg\"><img loading=\"lazy\" decoding=\"async\" class=\"aligncenter size-medium wp-image-8452\" src=\"https:\/\/fengshuilogico.com\/blog\/wp-content\/uploads\/2011\/09\/Montanhas_machupicchu-300x259.jpg\" alt=\"Montanhas_machupicchu\" width=\"300\" height=\"259\" srcset=\"https:\/\/fengshuilogico.com\/blog\/wp-content\/uploads\/2011\/09\/Montanhas_machupicchu-300x259.jpg 300w, https:\/\/fengshuilogico.com\/blog\/wp-content\/uploads\/2011\/09\/Montanhas_machupicchu.jpg 729w\" sizes=\"(max-width: 300px) 100vw, 300px\" \/><\/a><\/p>\n<p>Por mais que se arquitetem teorias para explicar, tudo \u00e9 muito pouco diante dos mist\u00e9rios de uma vida essencialmente espiritual. Machupicchu \u00e9 um santu\u00e1rio, uma cidade sagrada ainda incompreens\u00edvel para nossos atuais padr\u00f5es de civiliza\u00e7\u00e3o.<br \/>\nApesar de seu descobrimento recente (100 anos), sua import\u00e2ncia m\u00edstica \u00e9 palp\u00e1vel, assim como sua capacidade em se manter pura diante da prote\u00e7\u00e3o que recebe das montanhas (Apus) e das \u00e1guas que a circundam.<br \/>\nComo n\u00e3o entender que os incas sabiam que depend\u00edamos da Natureza e, portanto, ao reverenciar ao Sol, maestro da orquestra da Natureza, estavam ao mesmo tempo reverenciando ao Criador?<\/p>\n<p>Revelamos nossa imaturidade ao decodificar antigas civiliza\u00e7\u00f5es com ineg\u00e1veis mist\u00e9rios e deduzir a partir de nosso ponto de vista, sem levar em conta a relatividade do tempo e do espa\u00e7o. O Sol traz luz e \u00e9 a luz quem nos permite ver. Os povos antigos sempre associaram o Sol \u00e0 criatura que mais se parece com Seu Criador.<\/p>\n<p>Nesses dias, reencontrei o meu ritmo. Em Machupicchu, pude ter esse contato profundo comigo mesma e tamb\u00e9m observar seu dia a dia, percebendo o que geralmente escapa em nossas viagens tur\u00edsticas.<br \/>\nH\u00e1 algum tempo que eu sentia necessidade de fazer uma revis\u00e3o de vida e de meu caminho at\u00e9 aqui, na busca de pontos de uni\u00e3o entre as diferentes filosofias de vida.<\/p>\n<p>Na verdade, essa foi a terceira vez que estive l\u00e1. S\u00f3 que desta vez fiquei quase um m\u00eas e sozinha, me colocando em uma posi\u00e7\u00e3o muito favor\u00e1vel para minhas pesquisas.<br \/>\nDa primeira vez, em 1999, sua forte energia me fez refletir na mec\u00e2nica celeste e seus efeitos sobre n\u00f3s e nossas casas. Entre outras coisas, na percep\u00e7\u00e3o clara que os hemisf\u00e9rios da Terra s\u00e3o complementares.<br \/>\nE assim nasceu o Feng Shui L\u00f3gico.<br \/>\nDesta vez, muito mais me esperava&#8230; Descobri que a cosmovis\u00e3o inca tem profundas conex\u00f5es com a filosofia oriental, o feng shui l\u00f3gico e o amor crist\u00e3o.<\/p>\n<p><em>Quais eram as suas expectativas em rela\u00e7\u00e3o ao lugar, \u00e0s pessoas&#8230; tudo?<\/em><br \/>\n<a href=\"https:\/\/fengshuilogico.com\/blog\/wp-content\/uploads\/2011\/06\/Serpente__Puma__Condor.jpg\"><img loading=\"lazy\" decoding=\"async\" class=\"aligncenter wp-image-7236\" src=\"https:\/\/fengshuilogico.com\/blog\/wp-content\/uploads\/2011\/06\/Serpente__Puma__Condor-169x300.jpg\" alt=\"Serpente__Puma__Condor\" width=\"228\" height=\"405\" srcset=\"https:\/\/fengshuilogico.com\/blog\/wp-content\/uploads\/2011\/06\/Serpente__Puma__Condor-169x300.jpg 169w, https:\/\/fengshuilogico.com\/blog\/wp-content\/uploads\/2011\/06\/Serpente__Puma__Condor.jpg 254w\" sizes=\"(max-width: 228px) 100vw, 228px\" \/><\/a><br \/>\nMinha maior curiosidade era entender a cosmovis\u00e3o inca com seus tr\u00eas mundos: serpente, puma e condor.<\/p>\n<p>A import\u00e2ncia da Constela\u00e7\u00e3o do Cruzeiro do Sul, que est\u00e1 esculpida no templo das tr\u00eas ventanas \u00e9 evidente para eles, junto com a luz solar, e os solst\u00edcios e equin\u00f3cios. Tudo isso encontra resson\u00e2ncia em minhas teorias e pr\u00e1ticas para atingir a harmonia pessoal e ambiental atrav\u00e9s do Feng Shui L\u00f3gico.<br \/>\n<a href=\"https:\/\/fengshuilogico.com\/blog\/wp-content\/uploads\/2011\/06\/Cruz-del-Sur.jpg\"><img loading=\"lazy\" decoding=\"async\" class=\"aligncenter size-medium wp-image-8349\" src=\"https:\/\/fengshuilogico.com\/blog\/wp-content\/uploads\/2011\/06\/Cruz-del-Sur-225x300.jpg\" alt=\"Cruz del Sur\" width=\"225\" height=\"300\" srcset=\"https:\/\/fengshuilogico.com\/blog\/wp-content\/uploads\/2011\/06\/Cruz-del-Sur-225x300.jpg 225w, https:\/\/fengshuilogico.com\/blog\/wp-content\/uploads\/2011\/06\/Cruz-del-Sur-768x1024.jpg 768w, https:\/\/fengshuilogico.com\/blog\/wp-content\/uploads\/2011\/06\/Cruz-del-Sur.jpg 1944w\" sizes=\"(max-width: 225px) 100vw, 225px\" \/><\/a><\/p>\n<p>Tamb\u00e9m queria compreender como uma civiliza\u00e7\u00e3o como essa perdeu seu poder e sua for\u00e7a. E qual o tipo de cultura que se encontra hoje.<br \/>\nComo foi a primeira vez que decidi viajar sozinha, a expectativa tamb\u00e9m era poder mergulhar em seu dia-a-dia, percebendo as influ\u00eancias incas no povo que hoje vive l\u00e1.<br \/>\n<a href=\"https:\/\/fengshuilogico.com\/blog\/wp-content\/uploads\/2010\/10\/Cruz-del-Sur-Cusco-Per\u00fa.jpg\"><img loading=\"lazy\" decoding=\"async\" class=\"aligncenter size-medium wp-image-7706\" src=\"https:\/\/fengshuilogico.com\/blog\/wp-content\/uploads\/2010\/10\/Cruz-del-Sur-Cusco-Per\u00fa-300x231.jpg\" alt=\"Cruz del Sur - Cusco - Per\u00fa\" width=\"300\" height=\"231\" srcset=\"https:\/\/fengshuilogico.com\/blog\/wp-content\/uploads\/2010\/10\/Cruz-del-Sur-Cusco-Per\u00fa-300x231.jpg 300w, https:\/\/fengshuilogico.com\/blog\/wp-content\/uploads\/2010\/10\/Cruz-del-Sur-Cusco-Per\u00fa.jpg 941w\" sizes=\"(max-width: 300px) 100vw, 300px\" \/><\/a><\/p>\n<p><em>Quais a li\u00e7\u00f5es, descobertas que voc\u00ea trouxe com voc\u00ea?<\/em><br \/>\nAus\u00eancia de preconceito \u00e9 fundamental para abstrairmos as vibra\u00e7\u00f5es desses tempos idos. Partindo dessa premissa, encontrei as associa\u00e7\u00f5es que eu buscava entre a filosofia oriental, o cristianismo e os incas.<br \/>\nOutra descoberta cultural \u00e9 a exist\u00eancia dos princ\u00edpios incas, que ainda s\u00e3o presentes nos povos que habitam as cordilheiras andinas, cujo s\u00edmbolo maior \u00e9 a cruz andina ou chakana. N\u00e3o mentir, n\u00e3o roubar,n\u00e3o ser ocioso, e, aprender, trabalhar e ter amor s\u00e3o os princ\u00edpios incas que est\u00e3o nos cora\u00e7\u00f5es desse povo amig\u00e1vel. Como o povo de hoje diz, a cultura inca ainda vive. Sente-se fortemente o orgulho que sentem de seu passado.<br \/>\nUm cristianismo que se mesclou com a cultura inca, onde Jesus est\u00e1 associado tamb\u00e9m ao sol, criatura t\u00e3o louvada pelos incas, fez surgir uma saud\u00e1vel e sincera manifesta\u00e7\u00e3o religiosa.<br \/>\n\u00c9 vis\u00edvel a amorosidade do povo que vive l\u00e1. Tamb\u00e9m, nesse povoado constatei a seguran\u00e7a, o cuidado com suas crian\u00e7as (suas escolas s\u00e3o os locais mais bem localizados e conservados) e com os animais.<br \/>\nEm \u00c1guas Calientes, se o propriet\u00e1rio de uma loja precisa sair, simplesmente atravessa um peda\u00e7o de madeira e pasme: ningu\u00e9m entra. Quer dizer, ningu\u00e9m rouba. Acredito que seja uma caracter\u00edstica apenas dos povoados que est\u00e3o localizados nas cordilheiras, mas fiz fotos dessa realidade, para comprovar.<\/p>\n<figure id=\"attachment_11031\" aria-describedby=\"caption-attachment-11031\" style=\"width: 225px\" class=\"wp-caption aligncenter\"><a href=\"https:\/\/fengshuilogico.com\/blog\/2011\/09\/06\/misterio-de-machu-picchu\/loja\/\" rel=\"attachment wp-att-11031\"><img loading=\"lazy\" decoding=\"async\" class=\"size-medium wp-image-11031\" src=\"https:\/\/fengshuilogico.com\/blog\/wp-content\/uploads\/2011\/09\/Loja-225x300.jpg\" alt=\"Loja em Machupicchu A porta &quot;bloqueada&quot; significa que o dono n\u00e3o est\u00e1. Com este sinal, ningu\u00e9m entra.\" width=\"225\" height=\"300\" srcset=\"https:\/\/fengshuilogico.com\/blog\/wp-content\/uploads\/2011\/09\/Loja-225x300.jpg 225w, https:\/\/fengshuilogico.com\/blog\/wp-content\/uploads\/2011\/09\/Loja-768x1024.jpg 768w, https:\/\/fengshuilogico.com\/blog\/wp-content\/uploads\/2011\/09\/Loja.jpg 1944w\" sizes=\"(max-width: 225px) 100vw, 225px\" \/><\/a><figcaption id=\"caption-attachment-11031\" class=\"wp-caption-text\">Loja em Machupicchu<br \/>A porta &#8220;bloqueada&#8221; significa que o dono n\u00e3o est\u00e1. Com este sinal, ningu\u00e9m entra.<\/figcaption><\/figure>\n<figure id=\"attachment_11032\" aria-describedby=\"caption-attachment-11032\" style=\"width: 225px\" class=\"wp-caption aligncenter\"><a href=\"https:\/\/fengshuilogico.com\/blog\/2011\/09\/06\/misterio-de-machu-picchu\/loja-2\/\" rel=\"attachment wp-att-11032\"><img loading=\"lazy\" decoding=\"async\" class=\"size-medium wp-image-11032\" src=\"https:\/\/fengshuilogico.com\/blog\/wp-content\/uploads\/2011\/09\/Loja-2-225x300.jpg\" alt=\"Mais um exemplo: Loja em Machupicchu A porta &quot;bloqueada&quot; significa que o dono n\u00e3o est\u00e1. Com este sinal, ningu\u00e9m entra.\" width=\"225\" height=\"300\" srcset=\"https:\/\/fengshuilogico.com\/blog\/wp-content\/uploads\/2011\/09\/Loja-2-225x300.jpg 225w, https:\/\/fengshuilogico.com\/blog\/wp-content\/uploads\/2011\/09\/Loja-2-768x1024.jpg 768w, https:\/\/fengshuilogico.com\/blog\/wp-content\/uploads\/2011\/09\/Loja-2.jpg 1944w\" sizes=\"(max-width: 225px) 100vw, 225px\" \/><\/a><figcaption id=\"caption-attachment-11032\" class=\"wp-caption-text\">Mais um exemplo: Loja em Machupicchu<br \/>A porta &#8220;bloqueada&#8221; significa que o dono n\u00e3o est\u00e1. Com este sinal, ningu\u00e9m entra.<\/figcaption><\/figure>\n<p>Fiz muitas amizades com as pessoas de l\u00e1, o que deu uma vis\u00e3o dos muitos problemas que enfrentam para evoluir como sociedade.<br \/>\n<em><br \/>\nHouve alguma surpresa, algo muito novo por l\u00e1 que voc\u00ea n\u00e3o imaginava encontrar?<\/em><br \/>\nTodas as manh\u00e3s, ao tomar meu caf\u00e9, um tangar\u00e1 lindo, de cabe\u00e7a azul, corpo negro e com asas com pontas de cor verde-clara cantava e batia suas asas no vidro da janela, como que querendo entrar. Parecia que vinha me dizer bom dia&#8230;<br \/>\n<a href=\"https:\/\/fengshuilogico.com\/blog\/wp-content\/uploads\/2011\/09\/tangar\u00e1_2.jpg\"><img loading=\"lazy\" decoding=\"async\" class=\"aligncenter size-medium wp-image-8445\" src=\"https:\/\/fengshuilogico.com\/blog\/wp-content\/uploads\/2011\/09\/tangar\u00e1_2-156x300.jpg\" alt=\"tangar\u00e1_2\" width=\"156\" height=\"300\" srcset=\"https:\/\/fengshuilogico.com\/blog\/wp-content\/uploads\/2011\/09\/tangar\u00e1_2-156x300.jpg 156w, https:\/\/fengshuilogico.com\/blog\/wp-content\/uploads\/2011\/09\/tangar\u00e1_2.jpg 256w\" sizes=\"(max-width: 156px) 100vw, 156px\" \/><\/a><\/p>\n<p>Tamb\u00e9m nunca pude imaginar que iria dar uma palestra sobre Feng Shui L\u00f3gico na Educa\u00e7\u00e3o no Centro Cultural de Machupicchu&#8230;<br \/>\nNos primeiros dias senti vontade de falar sobre o Feng Shui L\u00f3gico na Educa\u00e7\u00e3o, com o intuito de compartilhar essa sabedoria que absorvi em sua terra. E ao procurar o respons\u00e1vel pelo Centro Cultural fui muito bem recebida e pude falar sobre esse tema com os professores da regi\u00e3o.<br \/>\nFoi uma grande alegria perceber que para eles o manejo da b\u00fassola e as vibra\u00e7\u00f5es dos ventos das quatro dire\u00e7\u00f5es era algo familiar. Gostaram muito.<\/p>\n<p><a href=\"https:\/\/fengshuilogico.com\/blog\/wp-content\/uploads\/2011\/09\/Palestra.jpg\"><img loading=\"lazy\" decoding=\"async\" class=\"aligncenter size-medium wp-image-8446\" src=\"https:\/\/fengshuilogico.com\/blog\/wp-content\/uploads\/2011\/09\/Palestra-300x224.jpg\" alt=\"Palestra\" width=\"300\" height=\"224\" srcset=\"https:\/\/fengshuilogico.com\/blog\/wp-content\/uploads\/2011\/09\/Palestra-300x224.jpg 300w, https:\/\/fengshuilogico.com\/blog\/wp-content\/uploads\/2011\/09\/Palestra.jpg 778w\" sizes=\"(max-width: 300px) 100vw, 300px\" \/><\/a><br \/>\nFui convidada tamb\u00e9m para falar sobre o tema em Cusco, mas infelizmente minha agenda n\u00e3o permitiu.<\/p>\n<p>Mas houve muitos encontros inesperados com turistas de v\u00e1rias nacionalidades, conversas sobre temas profundos durante as caminhadas di\u00e1rias que fiz que precisar\u00edamos de muito espa\u00e7o e tempo para contar&#8230; A magia da vida \u00e9 pulsante nesse lugar t\u00e3o incr\u00edvel.<\/p>\n<p><a href=\"https:\/\/fengshuilogico.com\/blog\/wp-content\/uploads\/2011\/09\/Machupicchu.jpg\"><img loading=\"lazy\" decoding=\"async\" class=\"aligncenter size-medium wp-image-8447\" src=\"https:\/\/fengshuilogico.com\/blog\/wp-content\/uploads\/2011\/09\/Machupicchu-300x203.jpg\" alt=\"Machupicchu\" width=\"300\" height=\"203\" srcset=\"https:\/\/fengshuilogico.com\/blog\/wp-content\/uploads\/2011\/09\/Machupicchu-300x203.jpg 300w, https:\/\/fengshuilogico.com\/blog\/wp-content\/uploads\/2011\/09\/Machupicchu-1024x696.jpg 1024w\" sizes=\"(max-width: 300px) 100vw, 300px\" \/><\/a><br \/>\n<em><br \/>\nO que a viagem acrescentou na Stela como pessoa?<\/em><br \/>\nA paisagem \u00e9 no m\u00ednimo impressionante. E as montanhas emanam for\u00e7a, poder e prote\u00e7\u00e3o.<br \/>\nNossos chakras se realinham naturalmente ao contemplar um por-do-sol ou ao olharmos mais longamente para os cumes das montanhas.<br \/>\nAndar pelos caminhos incas nos transporta para \u00e9pocas onde viver era algo muito ritualizado, com sauda\u00e7\u00e3o ao sol, com as purifica\u00e7\u00f5es nas muitas fontes, com suas t\u00fanicas confort\u00e1veis em um lugar escolhido a dedo por suas caracter\u00edsticas de beleza, fartura e clima t\u00e3o apraz\u00edveis. As lhamas completam esse cen\u00e1rio e \u00e9 inevit\u00e1vel vibrar com toda essa configura\u00e7\u00e3o.<br \/>\nUltimamente, estava sentindo a falta de tempo em minha vida.<br \/>\nL\u00e1, todos os dias eu caminhava muito. Meu hotel ficava quase no topo do povoado , \u00e0s margens do vibrante rio \u00c1guas Calientes, cheio de pedras dos mais variados tamanhos e formas. O som de suas \u00e1guas l\u00edmpidas descendo a montanha enche o ar do povoado com seu murm\u00fario e assim nos faz meditar sem esfor\u00e7o. Passarinhos soltam seus trinados delicados e nossa mente naturalmente os escuta deliciada. L\u00e1, percebemos que temos todo o tempo\u2026 Como dizem os turistas, o tempo n\u00e3o passa\u2026 Na verdade, passa no seu tempo.<\/p>\n<p><a href=\"https:\/\/fengshuilogico.com\/blog\/wp-content\/uploads\/2011\/07\/\u00c1guas-Calientes-0.jpg\"><img loading=\"lazy\" decoding=\"async\" class=\"aligncenter size-medium wp-image-7107\" src=\"https:\/\/fengshuilogico.com\/blog\/wp-content\/uploads\/2011\/07\/\u00c1guas-Calientes-0-224x300.jpg\" alt=\"\u00c1guas Calientes 0\" width=\"224\" height=\"300\" srcset=\"https:\/\/fengshuilogico.com\/blog\/wp-content\/uploads\/2011\/07\/\u00c1guas-Calientes-0-224x300.jpg 224w, https:\/\/fengshuilogico.com\/blog\/wp-content\/uploads\/2011\/07\/\u00c1guas-Calientes-0.jpg 583w\" sizes=\"(max-width: 224px) 100vw, 224px\" \/><\/a><\/p>\n<p><em>O que existe de \u00fanico em Machu Picchu?<\/em><br \/>\nA beleza \u00fanica de Machu Picchu alimenta nossa sede de alturas espirituais, literalmente. E podemos entender a simbologia da liberdade do Condor e da \u00c1guia, aves que habitam essas altitudes.<br \/>\nAbsorver esse passado, patrim\u00f4nio de nossa humanidade, e correlacion\u00e1-lo com a evolu\u00e7\u00e3o sentida desde ent\u00e3o, corrigindo o que atrasou nossa emancipa\u00e7\u00e3o, pode ser o come\u00e7o de uma vida planejada, voltada para a real evolu\u00e7\u00e3o de nossa esp\u00e9cie.<br \/>\nE se estivermos serenos, podemos entrar em harmonia com toda essa beleza e entrar em novos patamares de compreens\u00e3o da vida, mais harm\u00f4nicos e felizes.<br \/>\n<a href=\"https:\/\/fengshuilogico.com\/blog\/wp-content\/uploads\/2011\/09\/MP4.jpg\"><img loading=\"lazy\" decoding=\"async\" class=\"aligncenter size-medium wp-image-8448\" src=\"https:\/\/fengshuilogico.com\/blog\/wp-content\/uploads\/2011\/09\/MP4-225x300.jpg\" alt=\"MP4\" width=\"225\" height=\"300\" srcset=\"https:\/\/fengshuilogico.com\/blog\/wp-content\/uploads\/2011\/09\/MP4-225x300.jpg 225w, https:\/\/fengshuilogico.com\/blog\/wp-content\/uploads\/2011\/09\/MP4-768x1024.jpg 768w, https:\/\/fengshuilogico.com\/blog\/wp-content\/uploads\/2011\/09\/MP4.jpg 1944w\" sizes=\"(max-width: 225px) 100vw, 225px\" \/><\/a><\/p>\n<p>&nbsp;<\/p>\n<p><em>Stela Vecchi<\/em><\/p>\n<div class=\"jeg_video_container jeg_video_content\"><iframe title=\"Feng Shui L\u00f3gico e a adapta\u00e7\u00e3o para o Hemisf\u00e9rio Sul,  conhe\u00e7a essa hist\u00f3ria - Stela Vecchi\" width=\"500\" height=\"281\" src=\"https:\/\/www.youtube.com\/embed\/ei2m3glKbUY?feature=oembed\" frameborder=\"0\" allow=\"accelerometer; autoplay; clipboard-write; encrypted-media; gyroscope; picture-in-picture; web-share\" referrerpolicy=\"strict-origin-when-cross-origin\" allowfullscreen><\/iframe><\/div>\n<p>&nbsp;<\/p>\n<p><strong> <a href=\"https:\/\/fengshuilogico.com\/blog\/2012\/10\/02\/como-nasceu-o-feng-shui-logico-e-a-adaptacao-do-ba-gua-para-o-hemisferio-sul\/\" target=\"a_blank\" rel=\"noopener\"> A hist\u00f3ria do Feng Shui L\u00f3gico: como nasceu a adapta\u00e7\u00e3o do Ba-gu\u00e1 para o Hemisf\u00e9rio Sul?<\/a><\/strong><\/p>\n<p><a href=\"https:\/\/fengshuilogico.com\/blog\/2012\/12\/13\/livro-o-caminho-da-sabedoria-de-stela-vecchi\/\" target=\"_blank\" rel=\"noopener\"><br \/>\n<strong>Download gr\u00e1tis \u2013 Leia O Caminho da Sabedoria, de Stela Vecchi<\/strong><\/a><br \/>\n<a href=\"https:\/\/fengshuilogico.com\/blog\/2012\/01\/26\/sem-equilibrio-entre-o-masculino-e-o-feminino-nao-ha-verdadeira-paz\/capa-caminho-2\/\" rel=\"attachment wp-att-5328\"><img loading=\"lazy\" decoding=\"async\" class=\"aligncenter size-full wp-image-5328\" src=\"https:\/\/fengshuilogico.com\/blog\/wp-content\/uploads\/2012\/01\/Capa-Caminho.jpg\" alt=\"Capa Caminho\" width=\"200\" height=\"274\" \/><\/a><\/p>\n<p>INSCREVA-SE em nosso canal no YOUTUBE e receba v\u00eddeos atualizados com dicas e orienta\u00e7\u00f5es:<\/p>\n<p><strong> <a href=\"https:\/\/www.youtube.com\/watch?v=vpM0ZbpTA7s\" target=\"a_blank\" rel=\"noopener\"> Inscreva-se Canal Youtube\/Feng Shui L\u00f3gico<\/a><\/strong><\/p>\n<blockquote><p>As melhores energias v\u00eam do amor pela Vida, pelo nosso planeta, pelo nosso solo, pela nossa gente e por n\u00f3s mesmos. Tudo o mais \u00e9 consequ\u00eancia disso.<\/p><\/blockquote>\n<p><strong> <a href=\"http:\/\/loja.fengshuilogico.com\/index.php\/livro-feng-shui-logico-comprar\/livro-feng-shui-logico.html\" target=\"a_blank\" rel=\"noopener\"> Livro Feng Shui L\u00f3gico, Stela Vecchi, \u00cdcone Editora, 2004 &#8211; Compre aqui:<\/a><\/strong><\/p>\n<p><a href=\"https:\/\/fengshuilogico.com\/blog\/wp-content\/uploads\/2009\/05\/feng-shui-logico-stela-vecchi-icone-editora.png\"><img loading=\"lazy\" decoding=\"async\" class=\"aligncenter size-medium wp-image-7586\" src=\"https:\/\/fengshuilogico.com\/blog\/wp-content\/uploads\/2009\/05\/feng-shui-logico-stela-vecchi-icone-editora-205x300.png\" alt=\"feng-shui-logico-stela-vecchi-icone-editora\" width=\"205\" height=\"300\" srcset=\"https:\/\/fengshuilogico.com\/blog\/wp-content\/uploads\/2009\/05\/feng-shui-logico-stela-vecchi-icone-editora-205x300.png 205w, https:\/\/fengshuilogico.com\/blog\/wp-content\/uploads\/2009\/05\/feng-shui-logico-stela-vecchi-icone-editora.png 343w\" sizes=\"(max-width: 205px) 100vw, 205px\" \/><\/a><\/p>\n<p><strong> <a href=\"https:\/\/fengshuilogico.com\/blog\/2012\/10\/02\/como-nasceu-o-feng-shui-logico-e-a-adaptacao-do-ba-gua-para-o-hemisferio-sul\/\" target=\"a_blank\" rel=\"noopener\"> A hist\u00f3ria do Feng Shui L\u00f3gico: como nasceu a adapta\u00e7\u00e3o do Ba-gu\u00e1 para o Hemisf\u00e9rio Sul?<\/a><\/strong><\/p>\n<p><strong> <a href=\"http:\/\/loja.fengshuilogico.com\/\" target=\"_blank\" rel=\"noopener\"> Loja Feng Shui L\u00f3gico <\/a><\/strong><br \/>\n<strong>Confira o Programa do Curso B\u00e1sico em nosso Website:<\/strong><br \/>\n<strong><a href=\"https:\/\/loja.fengshuilogico.com\/curso-basico-feng-shui-logico-online-completo-com-video-chamada-p154\" target=\"_blank\" rel=\"noopener\">Programa Curso B\u00e1sico de Feng Shui L\u00f3gico<\/a><\/strong><br \/>\nParticipe dos cursos ministrados por Stela Vecchi:<br \/>\n<strong>Feng Shui L\u00f3gico: Curso B\u00e1sico, Avan\u00e7ado e Profissionalizante<\/strong><br \/>\nNos cursos de Feng Shui L\u00f3gico voc\u00ea recebe informa\u00e7\u00f5es que ser\u00e3o \u00fateis para toda sua vida!<\/p>\n<p><strong>Visite tamb\u00e9m o site: <a href=\"http:\/\/www.fengshuilogico.com\" target=\"_blank\" rel=\"noopener\">www.fengshuilogico.com<\/a><\/strong><\/p>\n","protected":false},"excerpt":{"rendered":"<p>Sentindo de perto o mist\u00e9rio de Machu Picchu, a Velha Montanha (em qu\u00e9chua) Senti o chamado de minha alma e fiquei 30 dias em \u00c1guas Calientes, ou Machupicchu Pueblo, povoado que acolhe normalmente por uma ou duas noites os muitos turistas \u00e1vidos por conhecerem as inacredit\u00e1veis ru\u00ednas de um povo mais inacredit\u00e1vel ainda, os incas. [&hellip;]<\/p>\n","protected":false},"author":6,"featured_media":11255,"comment_status":"closed","ping_status":"open","sticky":false,"template":"","format":"standard","meta":{"footnotes":""},"categories":[29,43],"tags":[140,1483,214,233,1484,666],"_links":{"self":[{"href":"https:\/\/fengshuilogico.com\/blog\/wp-json\/wp\/v2\/posts\/2416"}],"collection":[{"href":"https:\/\/fengshuilogico.com\/blog\/wp-json\/wp\/v2\/posts"}],"about":[{"href":"https:\/\/fengshuilogico.com\/blog\/wp-json\/wp\/v2\/types\/post"}],"author":[{"embeddable":true,"href":"https:\/\/fengshuilogico.com\/blog\/wp-json\/wp\/v2\/users\/6"}],"replies":[{"embeddable":true,"href":"https:\/\/fengshuilogico.com\/blog\/wp-json\/wp\/v2\/comments?post=2416"}],"version-history":[{"count":4,"href":"https:\/\/fengshuilogico.com\/blog\/wp-json\/wp\/v2\/posts\/2416\/revisions"}],"predecessor-version":[{"id":25703,"href":"https:\/\/fengshuilogico.com\/blog\/wp-json\/wp\/v2\/posts\/2416\/revisions\/25703"}],"wp:featuredmedia":[{"embeddable":true,"href":"https:\/\/fengshuilogico.com\/blog\/wp-json\/wp\/v2\/media\/11255"}],"wp:attachment":[{"href":"https:\/\/fengshuilogico.com\/blog\/wp-json\/wp\/v2\/media?parent=2416"}],"wp:term":[{"taxonomy":"category","embeddable":true,"href":"https:\/\/fengshuilogico.com\/blog\/wp-json\/wp\/v2\/categories?post=2416"},{"taxonomy":"post_tag","embeddable":true,"href":"https:\/\/fengshuilogico.com\/blog\/wp-json\/wp\/v2\/tags?post=2416"}],"curies":[{"name":"wp","href":"https:\/\/api.w.org\/{rel}","templated":true}]}}