{"id":23461,"date":"2023-03-21T01:16:44","date_gmt":"2023-03-21T04:16:44","guid":{"rendered":"https:\/\/fengshuilogico.com\/blog\/?p=23461"},"modified":"2023-04-10T19:23:44","modified_gmt":"2023-04-10T22:23:44","slug":"bagua-feng-shui-o-metodo-solar-se-altera-com-as-mudancas-climaticas-que-estao-ocorrendo","status":"publish","type":"post","link":"https:\/\/fengshuilogico.com\/blog\/2023\/03\/21\/bagua-feng-shui-o-metodo-solar-se-altera-com-as-mudancas-climaticas-que-estao-ocorrendo\/","title":{"rendered":"Bagu\u00e1 Feng Shui: o M\u00e9todo Solar se altera com as mudan\u00e7as clim\u00e1ticas que est\u00e3o ocorrendo?"},"content":{"rendered":"\n<p>O M\u00e9todo Solar de Feng Shui promove a ponte entre o corpo (mat\u00e9ria) e a alma que nos habita.<\/p>\n\n\n\n<p>Porque a liga\u00e7\u00e3o com o Sol \u00e9 fonte de sa\u00fade f\u00edsica e espiritual: a luz solar \u00e9 uma ponte entre os dois mundos. \u00c9 evidente o quanto o sol em equil\u00edbrio traz a sa\u00fade para o corpo.<\/p>\n\n\n\n<p>E em rela\u00e7\u00e3o \u00e0 vida espiritual, estar na luz \u00e9 ter um guia seguro para despertar nossa alma e atingir a ascens\u00e3o, meta maior da espiritualidade.<\/p>\n\n\n\n<p class=\"has-medium-font-size\">Com ela, nos reencantamos pela Vida. E ela mesma, a Vida, se torna nossa grande aventura.<br><br><br>PERGUNTA:<br>Gostaria de saber como fica esse m\u00e9todo com todas essas altera\u00e7\u00f5es nos polos da Terra e na estrutura do planeta segundo os cientistas falam. H\u00e1 relatos que as navega\u00e7\u00f5es nos mares alterou as b\u00fassolas, os sinais de comunica\u00e7\u00e3o, o n\u00edvel do mar e a ambienta\u00e7\u00e3o dos animais. Como tudo isso interfere nesse m\u00e9todo?<br>maria_silverio_30<br><br>ASSISTA AO V\u00cdDEO<br>CLIQUE NO LINK:<br><\/p>\n\n\n\n<p><a href=\"https:\/\/www.youtube.com\/watch?v=CCZSsjJmGcY\"><strong>https:\/\/www.youtube.com\/watch?v=CCZSsjJmGcY<\/strong><\/a><br><\/p>\n\n\n\n<figure class=\"wp-block-image size-large\"><a href=\"https:\/\/fengshuilogico.com\/blog\/wp-content\/uploads\/2023\/03\/thumb-mudanca-climatica-feng-shui.jpg\"><img fetchpriority=\"high\" decoding=\"async\" width=\"1024\" height=\"576\" src=\"https:\/\/fengshuilogico.com\/blog\/wp-content\/uploads\/2023\/03\/thumb-mudanca-climatica-feng-shui-1024x576.jpg\" alt=\"\" class=\"wp-image-23492\" srcset=\"https:\/\/fengshuilogico.com\/blog\/wp-content\/uploads\/2023\/03\/thumb-mudanca-climatica-feng-shui-1024x576.jpg 1024w, https:\/\/fengshuilogico.com\/blog\/wp-content\/uploads\/2023\/03\/thumb-mudanca-climatica-feng-shui-300x169.jpg 300w, https:\/\/fengshuilogico.com\/blog\/wp-content\/uploads\/2023\/03\/thumb-mudanca-climatica-feng-shui-768x432.jpg 768w, https:\/\/fengshuilogico.com\/blog\/wp-content\/uploads\/2023\/03\/thumb-mudanca-climatica-feng-shui-1080x608.jpg 1080w, https:\/\/fengshuilogico.com\/blog\/wp-content\/uploads\/2023\/03\/thumb-mudanca-climatica-feng-shui-980x551.jpg 980w, https:\/\/fengshuilogico.com\/blog\/wp-content\/uploads\/2023\/03\/thumb-mudanca-climatica-feng-shui-480x270.jpg 480w, https:\/\/fengshuilogico.com\/blog\/wp-content\/uploads\/2023\/03\/thumb-mudanca-climatica-feng-shui.jpg 1280w\" sizes=\"(max-width: 1024px) 100vw, 1024px\" \/><\/a><\/figure>\n\n\n\n<p>RESPOSTA:<br>Excelente observa\u00e7\u00e3o.<\/p>\n\n\n\n<p>Em 1123 a.C, os trigramas (que definem os 8 gu\u00e1s do Bagu\u00e1) foram associados \u00e0s esta\u00e7\u00f5es do ano ( I Ching &#8211; o livro das muta\u00e7\u00f5es, Richard Wilhelm, Ed.Pensamento). As esta\u00e7\u00f5es do ano s\u00e3o inversas nos hemisf\u00e9rios Hemisf\u00e9rios Norte e Sul, portanto \u00e9 um ajuste t\u00e9cnico a adapta\u00e7\u00e3o do Bagu\u00e1 para o Hemisf\u00e9rio Sul.<\/p>\n\n\n\n<p>As esta\u00e7\u00f5es do ano s\u00e3o geradas pelo eixo de inclina\u00e7\u00e3o da Terra em rela\u00e7\u00e3o ao Sol.<\/p>\n\n\n\n<p>Sobre as mudan\u00e7as que est\u00e3o ocorrendo, enquanto as esta\u00e7\u00f5es do ano se mantiverem inversas nos hemisf\u00e9rios Norte e Sul, os trigramas estar\u00e3o associados \u00e0s dire\u00e7\u00f5es cardeais associadas \u00e0s esta\u00e7\u00f5es do ano.<\/p>\n\n\n\n<p>Quando houver (se houver) essa mudan\u00e7a no eixo de inclina\u00e7\u00e3o da Terra &#8211; uma poss\u00edvel retifica\u00e7\u00e3o? &#8211; o m\u00e9todo ter\u00e1 que ser adaptado \u00e0 nova posi\u00e7\u00e3o do planeta Terra em rela\u00e7\u00e3o ao Sol.<\/p>\n\n\n\n<p>Na verdade, isso poderia significar um retorno \u00e0 utiliza\u00e7\u00e3o do Bagu\u00e1 da Sequ\u00eancia do C\u00e9u Anterior, utilizado antes da modifica\u00e7\u00e3o em 1123 a.C, quando se presume que o eixo estaria retificado e portanto n\u00e3o haveria a invers\u00e3o das esta\u00e7\u00f5es do ano.<\/p>\n\n\n\n<p>Para maiores informa\u00e7\u00f5es sobre o M\u00e9todo Solar leia o livro Feng Shui L\u00f3gico, Stela Vecchi, \u00cdcone Editora, SP, 2004<\/p>\n\n\n\n<p><\/p>\n","protected":false},"excerpt":{"rendered":"<p>O M\u00e9todo Solar de Feng Shui promove a ponte entre o corpo (mat\u00e9ria) e a alma que nos habita. Porque a liga\u00e7\u00e3o com o Sol \u00e9 fonte de sa\u00fade f\u00edsica e espiritual: a luz solar \u00e9 uma ponte entre os dois mundos. \u00c9 evidente o quanto o sol em equil\u00edbrio traz a sa\u00fade para o [&hellip;]<\/p>\n","protected":false},"author":6,"featured_media":16965,"comment_status":"open","ping_status":"open","sticky":false,"template":"","format":"standard","meta":{"footnotes":""},"categories":[1679,7,43],"tags":[],"_links":{"self":[{"href":"https:\/\/fengshuilogico.com\/blog\/wp-json\/wp\/v2\/posts\/23461"}],"collection":[{"href":"https:\/\/fengshuilogico.com\/blog\/wp-json\/wp\/v2\/posts"}],"about":[{"href":"https:\/\/fengshuilogico.com\/blog\/wp-json\/wp\/v2\/types\/post"}],"author":[{"embeddable":true,"href":"https:\/\/fengshuilogico.com\/blog\/wp-json\/wp\/v2\/users\/6"}],"replies":[{"embeddable":true,"href":"https:\/\/fengshuilogico.com\/blog\/wp-json\/wp\/v2\/comments?post=23461"}],"version-history":[{"count":0,"href":"https:\/\/fengshuilogico.com\/blog\/wp-json\/wp\/v2\/posts\/23461\/revisions"}],"wp:featuredmedia":[{"embeddable":true,"href":"https:\/\/fengshuilogico.com\/blog\/wp-json\/wp\/v2\/media\/16965"}],"wp:attachment":[{"href":"https:\/\/fengshuilogico.com\/blog\/wp-json\/wp\/v2\/media?parent=23461"}],"wp:term":[{"taxonomy":"category","embeddable":true,"href":"https:\/\/fengshuilogico.com\/blog\/wp-json\/wp\/v2\/categories?post=23461"},{"taxonomy":"post_tag","embeddable":true,"href":"https:\/\/fengshuilogico.com\/blog\/wp-json\/wp\/v2\/tags?post=23461"}],"curies":[{"name":"wp","href":"https:\/\/api.w.org\/{rel}","templated":true}]}}