{"id":23166,"date":"2022-12-28T17:20:35","date_gmt":"2022-12-28T20:20:35","guid":{"rendered":"https:\/\/fengshuilogico.com\/blog\/?p=23166"},"modified":"2023-05-01T10:54:53","modified_gmt":"2023-05-01T13:54:53","slug":"qual-a-origem-do-presepio-no-natal","status":"publish","type":"post","link":"https:\/\/fengshuilogico.com\/blog\/2022\/12\/28\/qual-a-origem-do-presepio-no-natal\/","title":{"rendered":"Qual a origem do pres\u00e9pio no Natal?"},"content":{"rendered":"\r\n<p><strong>Como surgiu o primeiro pres\u00e9pio da Hist\u00f3ria?<\/strong><\/p>\r\n\r\n\r\n\r\n<p>A ideia partiu de S\u00e3o Francisco.<\/p>\r\n\r\n\r\n\r\n<p>No ano de 1223, S\u00e3o Francisco estava em Greccio, \u00a0uma pequena cidade italiana da regi\u00e3o do L\u00e1cio, prov\u00edncia de Rieti, centro da It\u00e1lia. \u00a0Nevava, e os sinos repicavam festivamente, anunciando a noite de Natal.<\/p>\r\n\r\n\r\n\r\n<p>Todos os habitantes, camponeses em sua maioria, encontravam-se reunidos em torno de S\u00e3o Francisco de Assis, que procurava explicar-lhes o mist\u00e9rio do nascimento do Menino-Deus.<\/p>\r\n\r\n\r\n\r\n<p>E ent\u00e3o ele teve uma ideia brilhante: montou um pres\u00e9pio vivo do nascimento de Jesus.<\/p>\r\n\r\n\r\n\r\n<p>E desse ano em diante, criou-se o costume de montar pres\u00e9pios no Natal.<\/p>\r\n\r\n\r\n\r\n<p>O papa Francisco, que adotou esse nome por causa de S\u00e3o Francisco, fez uma visita surpresa a Greccio em dezembro de 2019.<\/p>\r\n\r\n\r\n\r\n<p><strong>E a \u00e1rvore de natal?<\/strong><\/p>\r\n\r\n\r\n\r\n<p>O costume de enfeitar \u00e1rvores \u00e9 mais antigo que o pr\u00f3prio Natal. J\u00e1 antes de Cristo praticamente todas as culturas e religi\u00f5es pag\u00e3s usavam enfeites em \u00e1rvores para celebrarem a fertilidade da natureza.<\/p>\r\n\r\n\r\n\r\n<p>O Natal \u00e9 comemorado dias ap\u00f3s o solst\u00edcio de inverno \/ver\u00e3o e era costume no H. Norte diante do inverno rigoroso comemorar a data com a \u00e1rvore enfeitada, s\u00edmbolo da vida que ficaria escondida durante o inverno.<\/p>\r\n\r\n\r\n\r\n<p>O pinheiro como aponta para o c\u00e9u, \u00e9 uma con\u00edfera que nos lembra a buscar as coisas do alto. E simboliza o esp\u00edrito de Natal. Podemos associar ent\u00e3o que os crist\u00e3os o adotaram como \u00e1rvore-s\u00edmbolo do Natal.<\/p>\r\n\r\n\r\n\r\n<p>Mas ningu\u00e9m sabe realmente ao certo quando os pinheiros foram utilizados pela primeira vez como \u00e1rvore de Natal.<\/p>\r\n\r\n\r\n\r\n<p>Aos poucos foram se fundindo as duas comemora\u00e7\u00f5es.<\/p>\r\n\r\n\r\n","protected":false},"excerpt":{"rendered":"<p>Como surgiu o primeiro pres\u00e9pio da Hist\u00f3ria? A ideia partiu de S\u00e3o Francisco. No ano de 1223, S\u00e3o Francisco estava em Greccio, \u00a0uma pequena cidade italiana da regi\u00e3o do L\u00e1cio, prov\u00edncia de Rieti, centro da It\u00e1lia. \u00a0Nevava, e os sinos repicavam festivamente, anunciando a noite de Natal. Todos os habitantes, camponeses em sua maioria, encontravam-se [&hellip;]<\/p>\n","protected":false},"author":6,"featured_media":23167,"comment_status":"open","ping_status":"open","sticky":false,"template":"","format":"standard","meta":{"footnotes":""},"categories":[2350,2398],"tags":[],"_links":{"self":[{"href":"https:\/\/fengshuilogico.com\/blog\/wp-json\/wp\/v2\/posts\/23166"}],"collection":[{"href":"https:\/\/fengshuilogico.com\/blog\/wp-json\/wp\/v2\/posts"}],"about":[{"href":"https:\/\/fengshuilogico.com\/blog\/wp-json\/wp\/v2\/types\/post"}],"author":[{"embeddable":true,"href":"https:\/\/fengshuilogico.com\/blog\/wp-json\/wp\/v2\/users\/6"}],"replies":[{"embeddable":true,"href":"https:\/\/fengshuilogico.com\/blog\/wp-json\/wp\/v2\/comments?post=23166"}],"version-history":[{"count":0,"href":"https:\/\/fengshuilogico.com\/blog\/wp-json\/wp\/v2\/posts\/23166\/revisions"}],"wp:featuredmedia":[{"embeddable":true,"href":"https:\/\/fengshuilogico.com\/blog\/wp-json\/wp\/v2\/media\/23167"}],"wp:attachment":[{"href":"https:\/\/fengshuilogico.com\/blog\/wp-json\/wp\/v2\/media?parent=23166"}],"wp:term":[{"taxonomy":"category","embeddable":true,"href":"https:\/\/fengshuilogico.com\/blog\/wp-json\/wp\/v2\/categories?post=23166"},{"taxonomy":"post_tag","embeddable":true,"href":"https:\/\/fengshuilogico.com\/blog\/wp-json\/wp\/v2\/tags?post=23166"}],"curies":[{"name":"wp","href":"https:\/\/api.w.org\/{rel}","templated":true}]}}