{"id":22581,"date":"2022-09-28T00:07:52","date_gmt":"2022-09-28T03:07:52","guid":{"rendered":"https:\/\/fengshuilogico.com\/blog\/?p=22581"},"modified":"2025-05-20T16:27:52","modified_gmt":"2025-05-20T19:27:52","slug":"a-oracao-de-sao-francisco-erro-de-traducao","status":"publish","type":"post","link":"https:\/\/fengshuilogico.com\/blog\/2022\/09\/28\/a-oracao-de-sao-francisco-erro-de-traducao\/","title":{"rendered":"A ora\u00e7\u00e3o de S\u00e3o Francisco possui erros na tradu\u00e7\u00e3o para o portugu\u00eas. Quais?"},"content":{"rendered":"\r\n<p>Conhe\u00e7o e medito a ora\u00e7\u00e3o mais famosa de S\u00e3o Francisco desde minha juventude. Bel\u00edssima, profunda, essa ora\u00e7\u00e3o penetrou profundamente em minha alma e posso dizer que busquei praticar o melhor que pude seus ensinamentos. <br \/><br \/><br \/><br \/><a href=\"https:\/\/fengshuilogico.com\/blog\/wp-content\/uploads\/2020\/07\/Sao-Francisco.jpg\"><img fetchpriority=\"high\" decoding=\"async\" class=\"aligncenter  wp-image-18368\" src=\"https:\/\/fengshuilogico.com\/blog\/wp-content\/uploads\/2020\/07\/Sao-Francisco-300x169.jpg\" alt=\"\" width=\"417\" height=\"235\" srcset=\"https:\/\/fengshuilogico.com\/blog\/wp-content\/uploads\/2020\/07\/Sao-Francisco-300x169.jpg 300w, https:\/\/fengshuilogico.com\/blog\/wp-content\/uploads\/2020\/07\/Sao-Francisco-1024x578.jpg 1024w, https:\/\/fengshuilogico.com\/blog\/wp-content\/uploads\/2020\/07\/Sao-Francisco-768x433.jpg 768w, https:\/\/fengshuilogico.com\/blog\/wp-content\/uploads\/2020\/07\/Sao-Francisco-1536x867.jpg 1536w, https:\/\/fengshuilogico.com\/blog\/wp-content\/uploads\/2020\/07\/Sao-Francisco.jpg 1632w\" sizes=\"(max-width: 417px) 100vw, 417px\" \/><\/a><br \/>&#8220;Senhor, fazei de mim um instrumento de vossa paz.<br \/><br \/>Onde houver \u00f3dio, que eu leve o amor.<br \/>Onde houver ofensa, que eu leve o perd\u00e3o.<br \/>Onde houver disc\u00f3rdia, que eu leve a uni\u00e3o.<br \/>Onde houver d\u00favidas, que eu leve a f\u00e9.<br \/>Onde houver erro, que eu leve a verdade.<br \/>Onde houver desespero, que eu leve a esperan\u00e7a.<br \/>Onde houver tristeza, que eu leve a alegria.<br \/>Onde houver trevas, que eu leve a luz.<br \/><br \/>\u00d3 Mestre, <strong>fazei que eu procure mais:<br \/>consolar, que ser consolado;<br \/>compreender, que ser compreendido;<br \/>amar, que ser amado.<\/strong><br \/>Pois \u00e9 dando que se recebe.<br \/>\u00c9 perdoando que se \u00e9 perdoado.<br \/>E \u00e9 morrendo que se vive para a vida eterna.<br \/><br \/><strong>Por\u00e9m, os versos em negrito n\u00e3o est\u00e3o corretos. A tradu\u00e7\u00e3o alterou o sentido desses versos.<\/strong><br \/>E foi dessa forma que eu descobri:<br \/><br \/>No ano de 2020 passamos um ano na It\u00e1lia, mais precisamente em Rieti, centro do pa\u00eds e onde S\u00e3o Francisco passou boa parte de sua vida.<br \/>E visitei lugares incr\u00edveis onde S\u00e3o Francisco viveu. Lendo os escritos dele, originais em italiano, lembrei-me de um fato que ocorreu comigo durante uma viv\u00eancia espiritual no ano de 2013.<\/p>\r\n\r\n\r\n\r\n<p>Tive um insight sobre a ora\u00e7\u00e3o de S\u00e3o Francisco t\u00e3o conhecida e os seguintes versos:<br \/>\u00d3 Mestre, <strong>fazei que eu procure mais:<br \/>consolar, que ser consolado;<br \/>compreender, que ser compreendido;<br \/>amar, que ser amado.<br \/><\/strong><br \/><em>Como podemos amar mais ao outro do que a si mesmo<\/em>, indo contra o 2.\u00ba mandamento &#8220;amar ao pr\u00f3ximo como a si mesmo&#8221;?<br \/><br \/>A resposta eu tive quando li o livreto <em>Lettera di san Francesco a tutti gli abitanti della terra<\/em> (Edizioni Porziuncula) e descobri que a tradu\u00e7\u00e3o desses versos da ora\u00e7\u00e3o de S\u00e3o Francisco em portugu\u00eas tem um erro muito grave para o entendimento do amor. \u201cQue eu procure mais amar do que ser amado, na verdade o original \u00e9: <br \/>\u201cMaestro, fa\u00b4 chei io non cerchi tanto<br \/>Di essere consolato, quanto di consolare; <br \/>Di essere compreso, quanto di comprendere; \u00a0<br \/>Di essere amato, quanto di amare.\u201d <br \/><br \/>Literalmente: <br \/><strong>&#8220;Mestre, fazei com que eu n\u00e3o procure tanto<br \/>Ser consolado quanto consolar;<br \/>Ser compreendido quanto compreender;<br \/>Ser amado quanto amar.&#8221;<\/strong><br \/><br \/><strong>Encontrei a tradu\u00e7\u00e3o correta em ingl\u00eas:<br \/><\/strong><br \/><em>O divine Master, grant that I may not so much seek<br \/>to be consoled as to console,<br \/>to be understood as to understand,<br \/>to be loved as to love.<br \/>For it is in giving that we receive,<br \/>it is in pardoning that we are pardoned,<br \/>and it is in dying that we are born to eternal life.O divine Master, grant that I may not so much seek<br \/>to be consoled as to console,<br \/>to be understood as to understand,<br \/>to be loved as to love.<br \/>For it is in giving that we receive,<br \/>it is in pardoning that we are pardoned,<br \/>and it is in dying that we are born to eternal life.<br \/><br \/>https:\/\/www.cathedralstm.org\/about-our-catholic-faith\/expressing-our-faith\/treasury-catholic-prayers\/prayer-st-francis-assisi-prayer-peace\/<\/em><\/p>\r\n\r\n\r\n\r\n<p><strong>Em espanhol:<\/strong><br \/><em>Oh, Maestro, haced que yo no busque tanto ser consolado, sino consolar;<br \/>ser comprendido, sino comprender;<br \/>ser amado, como amar.<\/em><\/p>\r\n\r\n\r\n\r\n<p><em>Porque es:<br \/>Dando , que se recibe;<br \/>Perdonando, que se es perdonado;<br \/>Muriendo, que se resucita a la<br \/>Vida Eterna.<br \/>https:\/\/www.ewtn.com\/es\/catolicismo\/devociones\/oracion-de-san-francisco-de-asis-15183<\/em><br \/><br \/><strong>Em franc\u00eas:<\/strong><br \/><em>O Seigneur, que je ne cherche pas tant \u00e0<br \/>\u00eatre consol\u00e9 qu\u2019\u00e0 consoler,<br \/>\u00e0 \u00eatre compris qu\u2019\u00e0 comprendre,<br \/>\u00e0 \u00eatre aim\u00e9 qu\u2019\u00e0 aimer.<br \/>https:\/\/eglise.catholique.fr\/approfondir-sa-foi\/prier\/prieres\/372202-priere-de-saint-francois-dassise\/<\/em><\/p>\r\n\r\n\r\n\r\n<p>Portanto, a tradu\u00e7\u00e3o no portugu\u00eas d\u00e1 o sentido de amar mais ao outro que a si mesmo, e no original mant\u00e9m o equil\u00edbrio do segundo mandamento: ama a teu pr\u00f3ximo como a ti mesmo. Fiquei aliviada! Essa para mim, \u00e9 umas das falhas mais graves no sentido da espiritualidade crist\u00e3 e do caminho do amor. \u00c9 n\u00e3o dar a import\u00e2ncia devida \u00e0 necessidade do equil\u00edbrio no caminho da ascens\u00e3o da alma.<\/p>\r\n\r\n\r\n\r\n<p><em>Por esse exemplo, podemos imaginar como as escritas tamb\u00e9m n\u00e3o sofreram altera\u00e7\u00f5es nas tradu\u00e7\u00f5es e assim estamos sempre a merc\u00ea dessas fragilidades. Tem toda diferen\u00e7a ( desejar amar mais do que ser amado ) e ter o equil\u00edbrio de amar ao pr\u00f3ximo como a si mesmo.<br \/><\/em><br \/>Particularmente, o ensino de Jesus atrav\u00e9s de par\u00e1bolas, compara\u00e7\u00f5es, nos preservou de tantas interpreta\u00e7\u00f5es e nos colocou na responsabilidade de por n\u00f3s mesmos, buscarmos o entendimento de seus ensinos preciosos no caminho da ascens\u00e3o da alma e do equil\u00edbrio na terra.<br \/><br \/>Muitas vezes, em circunst\u00e2ncias extremas, no caminho do Amor podemos ter que agir por um Bem Maior por amor a Deus sermos capazes de sacrif\u00edcios altru\u00edstas.<br \/>Por\u00e9m jamais ser\u00e1 uma regra e sim uma exce\u00e7\u00e3o que o pr\u00f3prio Esp\u00edrito Santo nos esclarecer\u00e1 da necessidade de tal a\u00e7\u00e3o.<br \/>Ensinar o caminho do Amor em Equil\u00edbrio a nossos semelhantes e a Deus sobre todas as coisas \u00e9 o caminho da justi\u00e7a e da harmonia entre n\u00f3s.<br \/>Como est\u00e1 escrito.<\/p>\r\n\r\n<p><blockquote class=\"wp-embedded-content\" data-secret=\"1O2AtI8l4g\"><a href=\"https:\/\/fengshuilogico.com\/blog\/2020\/11\/04\/francisco-de-assis-sacro-speco\/\">S\u00e3o Francisco de Assis: conhe\u00e7a o lugar onde ele iniciou sua miss\u00e3o<\/a><\/blockquote><iframe class=\"wp-embedded-content\" sandbox=\"allow-scripts\" security=\"restricted\" style=\"position: absolute; clip: rect(1px, 1px, 1px, 1px);\" title=\"&#8220;S\u00e3o Francisco de Assis: conhe\u00e7a o lugar onde ele iniciou sua miss\u00e3o&#8221; &#8212; Feng Shui L\u00f3gico - M\u00e9todo Solar Stela Vecchi\" src=\"https:\/\/fengshuilogico.com\/blog\/2020\/11\/04\/francisco-de-assis-sacro-speco\/embed\/#?secret=ULOmJtPsrh#?secret=1O2AtI8l4g\" data-secret=\"1O2AtI8l4g\" width=\"500\" height=\"282\" frameborder=\"0\" marginwidth=\"0\" marginheight=\"0\" scrolling=\"no\"><\/iframe><\/p>","protected":false},"excerpt":{"rendered":"<p>Conhe\u00e7o e medito a ora\u00e7\u00e3o mais famosa de S\u00e3o Francisco desde minha juventude. Bel\u00edssima, profunda, essa ora\u00e7\u00e3o penetrou profundamente em minha alma e posso dizer que busquei praticar o melhor que pude seus ensinamentos. &#8220;Senhor, fazei de mim um instrumento de vossa paz. Onde houver \u00f3dio, que eu leve o amor.Onde houver ofensa, que eu [&hellip;]<\/p>\n","protected":false},"author":6,"featured_media":27271,"comment_status":"open","ping_status":"open","sticky":false,"template":"","format":"standard","meta":{"footnotes":""},"categories":[2350,2398,43],"tags":[2064,2579,2580],"_links":{"self":[{"href":"https:\/\/fengshuilogico.com\/blog\/wp-json\/wp\/v2\/posts\/22581"}],"collection":[{"href":"https:\/\/fengshuilogico.com\/blog\/wp-json\/wp\/v2\/posts"}],"about":[{"href":"https:\/\/fengshuilogico.com\/blog\/wp-json\/wp\/v2\/types\/post"}],"author":[{"embeddable":true,"href":"https:\/\/fengshuilogico.com\/blog\/wp-json\/wp\/v2\/users\/6"}],"replies":[{"embeddable":true,"href":"https:\/\/fengshuilogico.com\/blog\/wp-json\/wp\/v2\/comments?post=22581"}],"version-history":[{"count":4,"href":"https:\/\/fengshuilogico.com\/blog\/wp-json\/wp\/v2\/posts\/22581\/revisions"}],"predecessor-version":[{"id":28548,"href":"https:\/\/fengshuilogico.com\/blog\/wp-json\/wp\/v2\/posts\/22581\/revisions\/28548"}],"wp:featuredmedia":[{"embeddable":true,"href":"https:\/\/fengshuilogico.com\/blog\/wp-json\/wp\/v2\/media\/27271"}],"wp:attachment":[{"href":"https:\/\/fengshuilogico.com\/blog\/wp-json\/wp\/v2\/media?parent=22581"}],"wp:term":[{"taxonomy":"category","embeddable":true,"href":"https:\/\/fengshuilogico.com\/blog\/wp-json\/wp\/v2\/categories?post=22581"},{"taxonomy":"post_tag","embeddable":true,"href":"https:\/\/fengshuilogico.com\/blog\/wp-json\/wp\/v2\/tags?post=22581"}],"curies":[{"name":"wp","href":"https:\/\/api.w.org\/{rel}","templated":true}]}}