{"id":22382,"date":"2022-06-27T22:51:39","date_gmt":"2022-06-28T01:51:39","guid":{"rendered":"https:\/\/fengshuilogico.com\/blog\/?p=22382"},"modified":"2023-04-21T16:40:06","modified_gmt":"2023-04-21T19:40:06","slug":"a-grande-invocacao-alice-bailey","status":"publish","type":"post","link":"https:\/\/fengshuilogico.com\/blog\/2022\/06\/27\/a-grande-invocacao-alice-bailey\/","title":{"rendered":"Pelo fim de todas as guerras <br>A Grande Invoca\u00e7\u00e3o <br> Alice Bailey"},"content":{"rendered":"\n<p>Em 1948 surge em nosso horizonte humano a luz da uni\u00e3o entre tudo e todos. Marca o in\u00edcio da Fam\u00edlia C\u00f3smica. E neste mesmo ano, \u00e9 publicado o livro O Reaparecimento de Cristo, de autoria de Alice Bailey.<\/p>\n\n\n\n<figure class=\"wp-block-embed is-type-video is-provider-youtube wp-block-embed-youtube wp-embed-aspect-16-9 wp-has-aspect-ratio\"><div class=\"wp-block-embed__wrapper\">\nhttps:\/\/www.youtube.com\/watch?v=_mCdikNglqc\n<\/div><\/figure>\n\n\n\n<p><strong>Transcrevo aqui essa ora\u00e7\u00e3o chamada de A Grande Invoca\u00e7\u00e3o<br>(Alice Bailey, O Reaparecimento de Cristo, 1948)<\/strong><\/p>\n\n\n\n<p>Do ponto de Luz na Mente de Deus,<\/p>\n\n\n\n<p>Flua luz \u00e0 mente dos homens;<\/p>\n\n\n\n<p>Que a Luz des\u00e7a \u00e0 Terra<\/p>\n\n\n\n<p>Do ponto de Amor no Cora\u00e7\u00e3o de Deus,<\/p>\n\n\n\n<p>Flua amor aos cora\u00e7\u00f5es dos homens;<\/p>\n\n\n\n<p>Que o Cristo volte \u00e0 Terra,<\/p>\n\n\n\n<p>Do centro onde a Vontade de Deus \u00e9 conhecida,<\/p>\n\n\n\n<p>Guie o prop\u00f3sito as pequenas vontades dos homens,<\/p>\n\n\n\n<p>O prop\u00f3sito que os Mestres conhecem e a que servem.<\/p>\n\n\n\n<p>Do centro a que chamamos a ra\u00e7a dos homens,<\/p>\n\n\n\n<p>Cumpra-se o Plano de Amor e de Luz<\/p>\n\n\n\n<p>E cerre-se a porta onde mora o mal.<\/p>\n\n\n\n<p>Que a Luz, o Amor e o Poder restabele\u00e7am o Plano na Terra.<\/p>\n\n\n\n<p><strong>Fruto do aprendizado gerado pelos sofrimentos causados pelas I e II Guerras Mundiais, nasce a Declara\u00e7\u00e3o Universal dos Direitos do Homem. A fam\u00edlia c\u00f3smica j\u00e1 \u00e9 o presente da Humanidade.<\/strong><\/p>\n\n\n\n<blockquote class=\"wp-block-quote\">\n<p>Esse \u00e9 o grande in\u00edcio da Nova Era entre o n\u00f3s.<br>No plano mental,&nbsp;<em>no plano das id\u00e9ias<\/em>, est\u00e1 forjada a Nova Humanidade.<br>Nossa a\u00e7\u00e3o coletiva \u00e9 fruto de nossa concep\u00e7\u00e3o e a\u00e7\u00e3o individual, retardando ou apressando a materializa\u00e7\u00e3o efetiva dessa realidade.<\/p>\n<\/blockquote>\n\n\n\n<p>* As palavras de Jesus Cristo, ditas quase 2000 anos antes desta Declara\u00e7\u00e3o,<br><em>Amai-vos uns aos outros como Eu vos amei,<\/em>&nbsp;s\u00e3o muito semelhantes a essas:<br><br>Trechos do documento:<br>A ASSEMBL\u00c9IA GERAL proclama A PRESENTE DECLARA\u00c7\u00c3O UNIVERSAL DOS DIREITOS DO HOMEM&nbsp;<strong>como o ideal comum&nbsp;<\/strong>a ser atingido por todos os povos e todas as na\u00e7\u00f5es, com o objetivo de cada indiv\u00edduo e cada \u00f3rg\u00e3o da sociedade, tendo sempre em mente esta Declara\u00e7\u00e3o,<strong>&nbsp;se esforce, atrav\u00e9s do ensino e da educa\u00e7\u00e3o<\/strong>, por promover o respeito a esses direitos e liberdades, e, pela ado\u00e7\u00e3o de medidas progressivas de car\u00e1ter nacional e internacional, por assegurar o seu reconhecimento e a sua observ\u00e2ncia universais e efetivos tanto ente os povos dos pr\u00f3prios Estados-Membros quanto entre os povos dos territ\u00f3rios sob sua jurisdi\u00e7\u00e3o.<\/p>\n\n\n\n<p>Artigo I \u2013 Todos os homens nascem livres e iguais em dignidade e direitos.&nbsp;<strong>S\u00e3o dotados de raz\u00e3o e consci\u00eancia e devem agir em rela\u00e7\u00e3o uns aos outros com esp\u00edrito de fraternidade.*<\/strong>&nbsp;Artigo II \u2013 1. Todo homem tem capacidade para gozar os direitos e as liberdades estabelecidos nesta Declara\u00e7\u00e3o, sem distin\u00e7\u00e3o de qualquer esp\u00e9cie, seja de ra\u00e7a, cor, sexo, l\u00edngua, religi\u00e3o, opini\u00e3o pol\u00edtica ou de outra natureza, origem nacional ou social, riqueza ou qualquer outra condi\u00e7\u00e3o.<br>2. N\u00e3o ser\u00e1 tamb\u00e9m feita nenhuma distin\u00e7\u00e3o fundada na condi\u00e7\u00e3o pol\u00edtica, jur\u00eddica ou internacional do pa\u00eds ou territ\u00f3rio a que perten\u00e7a uma pessoa, quer se trate de um territ\u00f3rio independente sob tutela, sem governo pr\u00f3prio, quer sujeito a qualquer outra limita\u00e7\u00e3o de soberania.<br>Artigo III \u2013 Todo homem tem direito \u00e0 vida, \u00e0 liberdade e \u00e0 seguran\u00e7a pessoal.<\/p>\n\n\n\n<p><em><strong>Nota:<\/strong>&nbsp;A palavra homem poderia ser substitu\u00edda por pessoa, abrangendo melhor a ideia de homem ou mulher.<\/em><\/p>\n\n\n\n<p><\/p>\n","protected":false},"excerpt":{"rendered":"<p>Em 1948 surge em nosso horizonte humano a luz da uni\u00e3o entre tudo e todos. Marca o in\u00edcio da Fam\u00edlia C\u00f3smica. E neste mesmo ano, \u00e9 publicado o livro O Reaparecimento de Cristo, de autoria de Alice Bailey. Transcrevo aqui essa ora\u00e7\u00e3o chamada de A Grande Invoca\u00e7\u00e3o(Alice Bailey, O Reaparecimento de Cristo, 1948) Do ponto [&hellip;]<\/p>\n","protected":false},"author":6,"featured_media":22383,"comment_status":"open","ping_status":"open","sticky":false,"template":"","format":"standard","meta":{"footnotes":""},"categories":[2350,2435,2274],"tags":[2562,2561,154,2560],"_links":{"self":[{"href":"https:\/\/fengshuilogico.com\/blog\/wp-json\/wp\/v2\/posts\/22382"}],"collection":[{"href":"https:\/\/fengshuilogico.com\/blog\/wp-json\/wp\/v2\/posts"}],"about":[{"href":"https:\/\/fengshuilogico.com\/blog\/wp-json\/wp\/v2\/types\/post"}],"author":[{"embeddable":true,"href":"https:\/\/fengshuilogico.com\/blog\/wp-json\/wp\/v2\/users\/6"}],"replies":[{"embeddable":true,"href":"https:\/\/fengshuilogico.com\/blog\/wp-json\/wp\/v2\/comments?post=22382"}],"version-history":[{"count":0,"href":"https:\/\/fengshuilogico.com\/blog\/wp-json\/wp\/v2\/posts\/22382\/revisions"}],"wp:featuredmedia":[{"embeddable":true,"href":"https:\/\/fengshuilogico.com\/blog\/wp-json\/wp\/v2\/media\/22383"}],"wp:attachment":[{"href":"https:\/\/fengshuilogico.com\/blog\/wp-json\/wp\/v2\/media?parent=22382"}],"wp:term":[{"taxonomy":"category","embeddable":true,"href":"https:\/\/fengshuilogico.com\/blog\/wp-json\/wp\/v2\/categories?post=22382"},{"taxonomy":"post_tag","embeddable":true,"href":"https:\/\/fengshuilogico.com\/blog\/wp-json\/wp\/v2\/tags?post=22382"}],"curies":[{"name":"wp","href":"https:\/\/api.w.org\/{rel}","templated":true}]}}