{"id":221,"date":"2009-01-24T16:09:43","date_gmt":"2009-01-24T18:09:43","guid":{"rendered":"https:\/\/fengshuilogico.com\/blog\/2009\/01\/24\/livro-feng-shui-logico\/"},"modified":"2024-12-28T00:14:00","modified_gmt":"2024-12-28T03:14:00","slug":"feng-shui-logico-livro","status":"publish","type":"post","link":"https:\/\/fengshuilogico.com\/blog\/2009\/01\/24\/feng-shui-logico-livro\/","title":{"rendered":"Livro Feng Shui L\u00f3gico, Stela Vecchi"},"content":{"rendered":"<p><strong><em>Leia Feng Shui L\u00f3gico, Stela Vecchi, \u00cdcone Editora, S.P, 2004<br \/>\n<a href=\"https:\/\/loja.fengshuilogico.com\/livros\/\" target=\"_blank\" rel=\"noopener\">Adquira aqui: Neste link voc\u00ea encontra o E-book e na vers\u00e3o impressa<\/a><\/em><\/strong><\/p>\n<p><a href=\"https:\/\/fengshuilogico.com\/blog\/wp-content\/uploads\/2009\/12\/CapaFSL_Icone_Editora-2.jpg\"><img fetchpriority=\"high\" decoding=\"async\" class=\"aligncenter size-medium wp-image-25222\" src=\"https:\/\/fengshuilogico.com\/blog\/wp-content\/uploads\/2009\/12\/CapaFSL_Icone_Editora-2-214x300.jpg\" alt=\"\" width=\"214\" height=\"300\" srcset=\"https:\/\/fengshuilogico.com\/blog\/wp-content\/uploads\/2009\/12\/CapaFSL_Icone_Editora-2-214x300.jpg 214w, https:\/\/fengshuilogico.com\/blog\/wp-content\/uploads\/2009\/12\/CapaFSL_Icone_Editora-2.jpg 341w\" sizes=\"(max-width: 214px) 100vw, 214px\" \/><\/a><\/p>\n<p>&nbsp;<\/p>\n<p><strong>Voc\u00ea se interessa por Feng Shui?<\/strong><br \/>\nEnt\u00e3o voc\u00ea precisa ler o livro Feng Shui L\u00f3gico, que traz a filosofia e a t\u00e9cnica proporcionando maior clareza sobre esse fascinante tema.<\/p>\n<p>A Vida \u00e9 mais do que vemos.<br \/>\nVoc\u00ea faz parte de um quadro maior. Tudo est\u00e1 interligado.<br \/>\nE segundo a F\u00edsica Qu\u00e2ntica o olhar do observador modifica a realidade.<\/p>\n<p>Cada ser humano est\u00e1 conectado \u00e0 Vida que o sustenta para continuar vivo: \u00e0 vida da \u00e1gua, do ar, do Sol, da terra, das plantas, das florestas, enfim do planeta Terra, que \u00e9 nossa casa maior.<br \/>\n<em><br \/>\nVoc\u00ea que procura informa\u00e7\u00f5es claras sobre este assunto n\u00e3o pode deixar de ler este livro.<\/em><\/p>\n<p>Evitando cuidadosamente o fanatismo, demonstra com propriedade como o equil\u00edbrio em sua casa atrai o equil\u00edbrio pessoal.<\/p>\n<p>\u00c9 leitura indispens\u00e1vel para arquitetos, engenheiros, decoradores de ambientes, paisagistas, estudiosos de psicologia e pedagogia. E para todos interessados em usufruir de maior bem-estar e harmonia pessoal\u00a0e\u00a0ambiental.<\/p>\n<p>Mais Sa\u00fade, Luz, Harmonia, Prosperidade para sua vida!<\/p>\n<p><strong>Quem \u00e9 Stela Vecchi?<\/strong><br \/>\n<em>Stela Vecchi \u00e9 a criadora do M\u00e9todo Solar, que aplicado em sua casa ir\u00e1 atrair e potencializar as boas energias em todas as \u00e1reas de sua vida. O M\u00e9todo \u00e9 baseado na conex\u00e3o com a Natureza e na energia do Sol e das caracter\u00edsticas das esta\u00e7\u00f5es do ano.<\/em><\/p>\n<p>Stela Vecchi o criou o M\u00e9todo Solar baseado no estudo dos trigramas no <em>I Ching<\/em> &#8211; <em>O Livro das Muta\u00e7\u00f5es (Richard Wilhelm, Ed. Pensamento)<\/em>\u00a0base milenar do estudo do Feng Shui Chin\u00eas. Sua inovadora t\u00e9cnica \u00e9 v\u00e1lida para os Hemisf\u00e9rios Norte e Sul. Traz informa\u00e7\u00f5es pr\u00e1ticas sobre a aplica\u00e7\u00e3o do Ba-gu\u00e1 e de como conquistar e manter o Equil\u00edbrio Pessoal.<\/p>\n<p>\u00c9 um novo m\u00e9todo, pr\u00e1tico e consagrado, que simplifica o Feng Shui sem alterar sua ess\u00eancia milenar. Tamb\u00e9m faz associa\u00e7\u00f5es com as comprova\u00e7\u00f5es da Ci\u00eancia e as t\u00e9cnicas de decora\u00e7\u00e3o sob a \u00f3tica do Feng Shui. Evita cuidadosamente o fanatismo e a supersti\u00e7\u00e3o.<\/p>\n<p>\u00c9 leitura indispens\u00e1vel para arquitetos, engenheiros, decoradores de ambientes, paisagistas, estudiosos de psicologia e pedagogia. E para todos interessados em usufruir de maior bem-estar e harmonia pessoal\u00a0e\u00a0ambiental.<\/p>\n<blockquote class=\"wp-embedded-content\" data-secret=\"rWGnCNhlKE\"><p><a href=\"https:\/\/fengshuilogico.com\/blog\/2023\/05\/02\/stela-vecchi-quem-sou\/\">Stela Vecchi &#8211; Quem sou<\/a><\/p><\/blockquote>\n<p><iframe class=\"wp-embedded-content\" sandbox=\"allow-scripts\" security=\"restricted\" style=\"position: absolute; clip: rect(1px, 1px, 1px, 1px);\" title=\"&#8220;Stela Vecchi &#8211; Quem sou&#8221; &#8212; Feng Shui L\u00f3gico - M\u00e9todo Solar Stela Vecchi\" src=\"https:\/\/fengshuilogico.com\/blog\/2023\/05\/02\/stela-vecchi-quem-sou\/embed\/#?secret=scZmxr9FOK#?secret=rWGnCNhlKE\" data-secret=\"rWGnCNhlKE\" width=\"500\" height=\"282\" frameborder=\"0\" marginwidth=\"0\" marginheight=\"0\" scrolling=\"no\"><\/iframe><\/p>\n<p>O Feng Shui L\u00f3gico busca criar o equil\u00edbrio nos ambientes, para facilitar a conquista de seu equil\u00edbrio pessoal. O efeito \u00e9 compensador: aumenta nosso bem-estar e nossa orienta\u00e7\u00e3o, alimenta o nosso Norte, nossa b\u00fassola interior. Nos sentimos parte da Vida.<br \/>\nO resultado \u00e9 uma resid\u00eancia mais aconchegante e que favorece a sa\u00fade, a harmonia e a evolu\u00e7\u00e3o pessoal e familiar.<\/p>\n<p><strong>Coment\u00e1rio do Mestre em Arquitetura e Urbanismo Prof. Jun Okamoto, que muito nos honra:\u00a0 \u00a0 \u00a0 \u00a0 \u00a0 \u00a0 \u00a0 \u00a0 \u00a0 \u00a0 \u00a0 \u00a0 \u00a0 \u00a0 \u00a0 \u00a0 \u00a0 \u00a0 \u00a0 \u00a0 \u00a0 \u00a0 \u00a0 \u00a0 \u00a0 \u00a0 \u00a0 \u00a0 \u00a0 \u00a0 \u00a0 \u00a0 \u00a0 \u00a0 \u00a0 \u00a0 \u00a0 \u00a0 \u00a0 \u00a0 \u00a0 \u00a0 \u00a0 \u00a0 \u00a0 \u00a0 \u00a0 \u00a0 \u00a0 \u00a0 \u00a0 \u00a0 \u00a0 \u00a0 \u00a0 \u00a0 \u00a0 \u00a0 \u00a0 \u00a0 \u00a0 \u00a0 \u00a0 \u00a0 \u00a0 \u00a0 \u00a0 \u00a0 \u00a0 \u00a0 \u00a0 \u00a0 \u00a0 \u00a0 \u00a0 \u00a0 \u00a0 \u00a0 \u00a0 \u00a0 \u00a0 \u00a0 \u00a0 \u00a0 \u00a0 \u00a0 \u00a0 \u00a0 \u00a0 \u00a0 \u00a0 \u00a0 \u00a0 \u00a0<\/strong><strong>\u00a0 \u00a0 \u00a0 \u00a0 \u00a0 \u00a0 \u00a0 \u00a0 \u00a0<\/strong>\u00a0 \u00a0 \u00a0\u201cStela, sua obra \u00e9 um belo trabalho de pesquisa com contribui\u00e7\u00e3o merit\u00f3ria na aplica\u00e7\u00e3o e ajuste do ba-gu\u00e1 para o hemisf\u00e9rio sul.<br \/>\nQuanto ao seu texto, ele est\u00e1 bem claro e merece todo apoio dos ve\u00edculos de divulga\u00e7\u00e3o.<br \/>\nNos meus pr\u00f3ximos cursos vou apresentar aos alunos o seu livro, com adequa\u00e7\u00e3o solar e trigramas adaptados ao nosso hemisf\u00e9rio.\u201d<br \/>\n<em>Prof. Jun Okamoto, Mestre em Arquitetura e Urbanismo pela Universidade Presbiteriana Mackenzie.<br \/>\nAutor do livro Percep\u00e7\u00e3o Ambiental e Comportamento, Editora Mackenzie, S\u00e3o Paulo, 2002<br \/>\n<\/em><\/p>\n<p>&nbsp;<\/p>\n<p><strong>Feng Shui e sua rela\u00e7\u00e3o com as esta\u00e7\u00f5es do ano:<br \/>\nPor que o Bagu\u00e1 deve ser adaptado para o Hemisf\u00e9rio Sul?\u00a0 \u00a0 \u00a0 \u00a0 \u00a0 \u00a0 \u00a0 \u00a0 \u00a0 \u00a0 \u00a0 \u00a0 \u00a0<\/strong>\u00a0\u00a0 \u00a0 \u00a0 \u00a0 \u00a0 \u00a0 \u00a0 \u00a0 \u00a0 \u00a0 \u00a0 \u00a0 \u00a0 \u00a0 \u00a0 \u00a0 \u00a0 \u00a0 \u00a0 \u00a0 \u00a0 \u00a0 \u00a0 \u00a0 \u00a0 \u00a0 Neste livro, conhe\u00e7a a vis\u00e3o da autora, fundamentada de forma hist\u00f3rica, geogr\u00e1fica, astron\u00f4mica e filos\u00f3fica.<\/p>\n<p><a href=\"https:\/\/fengshuilogico.com\/blog\/wp-content\/uploads\/2017\/04\/baguas-norte-sul-alta-2018_05_14-15_22_40-UTC-scaled.jpg\"><img decoding=\"async\" class=\"aligncenter size-medium wp-image-25109\" src=\"https:\/\/fengshuilogico.com\/blog\/wp-content\/uploads\/2017\/04\/baguas-norte-sul-alta-2018_05_14-15_22_40-UTC-300x256.jpg\" alt=\"\" width=\"300\" height=\"256\" srcset=\"https:\/\/fengshuilogico.com\/blog\/wp-content\/uploads\/2017\/04\/baguas-norte-sul-alta-2018_05_14-15_22_40-UTC-300x256.jpg 300w, https:\/\/fengshuilogico.com\/blog\/wp-content\/uploads\/2017\/04\/baguas-norte-sul-alta-2018_05_14-15_22_40-UTC-1024x873.jpg 1024w, https:\/\/fengshuilogico.com\/blog\/wp-content\/uploads\/2017\/04\/baguas-norte-sul-alta-2018_05_14-15_22_40-UTC-768x654.jpg 768w, https:\/\/fengshuilogico.com\/blog\/wp-content\/uploads\/2017\/04\/baguas-norte-sul-alta-2018_05_14-15_22_40-UTC-1536x1309.jpg 1536w, https:\/\/fengshuilogico.com\/blog\/wp-content\/uploads\/2017\/04\/baguas-norte-sul-alta-2018_05_14-15_22_40-UTC-2048x1745.jpg 2048w, https:\/\/fengshuilogico.com\/blog\/wp-content\/uploads\/2017\/04\/baguas-norte-sul-alta-2018_05_14-15_22_40-UTC-750x639.jpg 750w, https:\/\/fengshuilogico.com\/blog\/wp-content\/uploads\/2017\/04\/baguas-norte-sul-alta-2018_05_14-15_22_40-UTC-1140x971.jpg 1140w\" sizes=\"(max-width: 300px) 100vw, 300px\" \/><\/a><\/p>\n<p>&nbsp;<\/p>\n<p><em>As melhores energias v\u00eam do amor pela Vida, pelo nosso planeta, pelo nosso solo, pela nossa gente e por n\u00f3s mesmos.<br \/>\nTudo o mais \u00e9 consequ\u00eancia disso.<\/em><\/p>\n<p>&nbsp;<\/p>\n<p><strong><em>Leia Feng Shui L\u00f3gico, Stela Vecchi, \u00cdcone Editora, S.P, 2004<br \/>\n<a href=\"https:\/\/loja.fengshuilogico.com\/livros\/\" target=\"_blank\" rel=\"noopener\">Adquira aqui: Neste link voc\u00ea encontra o E-book e na vers\u00e3o impressa<\/a><\/em><\/strong><\/p>\n<p><a href=\"https:\/\/fengshuilogico.com\/blog\/wp-content\/uploads\/2009\/12\/CapaFSL_Icone_Editora-2.jpg\"><img fetchpriority=\"high\" decoding=\"async\" class=\"aligncenter size-medium wp-image-25222\" src=\"https:\/\/fengshuilogico.com\/blog\/wp-content\/uploads\/2009\/12\/CapaFSL_Icone_Editora-2-214x300.jpg\" alt=\"\" width=\"214\" height=\"300\" srcset=\"https:\/\/fengshuilogico.com\/blog\/wp-content\/uploads\/2009\/12\/CapaFSL_Icone_Editora-2-214x300.jpg 214w, https:\/\/fengshuilogico.com\/blog\/wp-content\/uploads\/2009\/12\/CapaFSL_Icone_Editora-2.jpg 341w\" sizes=\"(max-width: 214px) 100vw, 214px\" \/><\/a><\/p>\n<p><em>\u00a0<\/em><\/p>\n<p>&nbsp;<\/p>\n<blockquote class=\"wp-embedded-content\" data-secret=\"GJaotuaRRL\"><p><a href=\"https:\/\/fengshuilogico.com\/blog\/2015\/01\/29\/como-achar-o-norte-e-aplicar-o-ba-gua-para-o-hemisferio-sul\/\">Como achar o Norte em sua casa? V\u00eddeo explicativo<\/a><\/p><\/blockquote>\n<p><iframe class=\"wp-embedded-content\" sandbox=\"allow-scripts\" security=\"restricted\" style=\"position: absolute; clip: rect(1px, 1px, 1px, 1px);\" title=\"&#8220;Como achar o Norte em sua casa? V\u00eddeo explicativo&#8221; &#8212; Feng Shui L\u00f3gico - M\u00e9todo Solar Stela Vecchi\" src=\"https:\/\/fengshuilogico.com\/blog\/2015\/01\/29\/como-achar-o-norte-e-aplicar-o-ba-gua-para-o-hemisferio-sul\/embed\/#?secret=6qQyk5lCsC#?secret=GJaotuaRRL\" data-secret=\"GJaotuaRRL\" width=\"500\" height=\"282\" frameborder=\"0\" marginwidth=\"0\" marginheight=\"0\" scrolling=\"no\"><\/iframe><\/p>\n<blockquote class=\"wp-embedded-content\" data-secret=\"2JSpVkL586\"><p><a href=\"https:\/\/fengshuilogico.com\/blog\/2012\/10\/02\/conheca-a-historia-do-feng-shui-logico\/\">Conhe\u00e7a a hist\u00f3ria da adapta\u00e7\u00e3o do Bagu\u00e1 para o Hemisf\u00e9rio Sul &#8211; Feng Shui L\u00f3gico, por Stela Vecchi<\/a><\/p><\/blockquote>\n<p><iframe class=\"wp-embedded-content\" sandbox=\"allow-scripts\" security=\"restricted\" style=\"position: absolute; clip: rect(1px, 1px, 1px, 1px);\" title=\"&#8220;Conhe\u00e7a a hist\u00f3ria da adapta\u00e7\u00e3o do Bagu\u00e1 para o Hemisf\u00e9rio Sul &#8211; Feng Shui L\u00f3gico, por Stela Vecchi&#8221; &#8212; Feng Shui L\u00f3gico - M\u00e9todo Solar Stela Vecchi\" src=\"https:\/\/fengshuilogico.com\/blog\/2012\/10\/02\/conheca-a-historia-do-feng-shui-logico\/embed\/#?secret=efnou4gmH7#?secret=2JSpVkL586\" data-secret=\"2JSpVkL586\" width=\"500\" height=\"282\" frameborder=\"0\" marginwidth=\"0\" marginheight=\"0\" scrolling=\"no\"><\/iframe><\/p>\n<p>&nbsp;<\/p>\n<p><strong><a href=\"http:\/\/loja.fengshuilogico.com\/\">Loja Feng Shui L\u00f3gico<\/a><\/strong><br \/>\n<strong>Confira o Programa do Curso B\u00e1sico em nosso Website:<\/strong><br \/>\n<strong><a href=\"https:\/\/loja.fengshuilogico.com\/curso-basico-feng-shui-logico-online-completo-com-video-chamada-p154\">Programa Curso B\u00e1sico de Feng Shui L\u00f3gico<\/a><\/strong><br \/>\nParticipe dos cursos ministrados por Stela Vecchi:<br \/>\n<strong>Feng Shui L\u00f3gico: Curso B\u00e1sico, Avan\u00e7ado e Profissionalizante<\/strong><br \/>\nNos cursos de Feng Shui L\u00f3gico voc\u00ea recebe informa\u00e7\u00f5es que ser\u00e3o \u00fateis para toda sua vida!<\/p>\n<p><strong>Visite tamb\u00e9m o site:\u00a0<a href=\"http:\/\/www.fengshuilogico.com\/\">www.fengshuilogico.com<\/a><\/strong><\/p>\n<p>&nbsp;<\/p>\n","protected":false},"excerpt":{"rendered":"<p>Leia Feng Shui L\u00f3gico, Stela Vecchi, \u00cdcone Editora, S.P, 2004 Adquira aqui: Neste link voc\u00ea encontra o E-book e na vers\u00e3o impressa &nbsp; Voc\u00ea se interessa por Feng Shui? Ent\u00e3o voc\u00ea precisa ler o livro Feng Shui L\u00f3gico, que traz a filosofia e a t\u00e9cnica proporcionando maior clareza sobre esse fascinante tema. A Vida \u00e9 [&hellip;]<\/p>\n","protected":false},"author":6,"featured_media":27467,"comment_status":"open","ping_status":"open","sticky":false,"template":"","format":"standard","meta":{"footnotes":""},"categories":[2442,6,2675,39,26,1366,2447,3],"tags":[99,190,1295,597,349,1294],"_links":{"self":[{"href":"https:\/\/fengshuilogico.com\/blog\/wp-json\/wp\/v2\/posts\/221"}],"collection":[{"href":"https:\/\/fengshuilogico.com\/blog\/wp-json\/wp\/v2\/posts"}],"about":[{"href":"https:\/\/fengshuilogico.com\/blog\/wp-json\/wp\/v2\/types\/post"}],"author":[{"embeddable":true,"href":"https:\/\/fengshuilogico.com\/blog\/wp-json\/wp\/v2\/users\/6"}],"replies":[{"embeddable":true,"href":"https:\/\/fengshuilogico.com\/blog\/wp-json\/wp\/v2\/comments?post=221"}],"version-history":[{"count":11,"href":"https:\/\/fengshuilogico.com\/blog\/wp-json\/wp\/v2\/posts\/221\/revisions"}],"predecessor-version":[{"id":28302,"href":"https:\/\/fengshuilogico.com\/blog\/wp-json\/wp\/v2\/posts\/221\/revisions\/28302"}],"wp:featuredmedia":[{"embeddable":true,"href":"https:\/\/fengshuilogico.com\/blog\/wp-json\/wp\/v2\/media\/27467"}],"wp:attachment":[{"href":"https:\/\/fengshuilogico.com\/blog\/wp-json\/wp\/v2\/media?parent=221"}],"wp:term":[{"taxonomy":"category","embeddable":true,"href":"https:\/\/fengshuilogico.com\/blog\/wp-json\/wp\/v2\/categories?post=221"},{"taxonomy":"post_tag","embeddable":true,"href":"https:\/\/fengshuilogico.com\/blog\/wp-json\/wp\/v2\/tags?post=221"}],"curies":[{"name":"wp","href":"https:\/\/api.w.org\/{rel}","templated":true}]}}