{"id":21473,"date":"2021-12-30T19:41:00","date_gmt":"2021-12-30T22:41:00","guid":{"rendered":"https:\/\/fengshuilogico.com\/blog\/?p=21473"},"modified":"2024-09-27T16:44:35","modified_gmt":"2024-09-27T19:44:35","slug":"a-importancia-do-sagrado-em-nossas-vidas","status":"publish","type":"post","link":"https:\/\/fengshuilogico.com\/blog\/2021\/12\/30\/a-importancia-do-sagrado-em-nossas-vidas\/","title":{"rendered":"A import\u00e2ncia do Sagrado em nossas vidas"},"content":{"rendered":"\r\n<p>A caracter\u00edstica da religi\u00e3o \u00e9 justamente despertar o sagrado nas pessoas e desvendar-lhes um sentimento que s\u00f3 se acessa atrav\u00e9s da espiritualidade. De outra forma, as religi\u00f5es n\u00e3o teriam subsistido atrav\u00e9s dos s\u00e9culos. Assim, religi\u00e3o \u00e9 a forma como cada um vive sua espiritualidade.<br \/>As religi\u00f5es t\u00eam a verdade como fim \u00faltimo, s\u00e3o como v\u00e1rios rios que desembocam no mesmo mar. O Pai \u00e9 um s\u00f3. (<em>Stela Vecchi<\/em>)<\/p>\r\n\r\n\r\n\r\n<p>&nbsp;<\/p>\r\n\r\n\r\n\r\n<p><em>&#8221; As almas padecem por essa falta do Sagrado\u201d.<br \/>A humanidade tamb\u00e9m&#8230; A alma satisfeita em seu anseio mais profundo de religar-se \u00e0 Fonte torna-se um ponto luminoso de luz cristalina no mundo.<br \/>(Stela Vecchi<\/em>)<br \/><br \/><strong><em>Neste texto, Paulo Urban, m\u00e9dico psiquiatra, nos explica a import\u00e2ncia do Sagrado na conquista da plenitude humana:<br \/><\/em><\/strong><br \/>&#8220;O que posso atestar nesses 32 anos de exerc\u00edcio cl\u00ednico \u00e9 que toda e qualquer psicoterapia que de fato inclua a realidade da alma em sua pr\u00e1xis, jamais deveria deixar de observar essa not\u00e1vel inclina\u00e7\u00e3o que de ber\u00e7o as almas trazem para o Sagrado, essa sua natural propens\u00e3o a ascese, a aspirar por \u2018coisas de Deus\u2019. <br \/><br \/>Assombro-me, estarre\u00e7o-me quando algumas pessoas me contam fazer psicoterapia por anos a fio sem que sequer tenham tocado neste tema com seus psicoterapeutas, ou ainda, sem que estes mesmos jamais tenham se preocupado em perguntar-lhes algo a respeito, por exemplo, qual seria o papel do divino ou do Mist\u00e9rio em suas vidas.<br \/><br \/>Afinal, n\u00e3o \u00e9 outra sen\u00e3o esta a maior causa pela qual adoecemos, as almas mais padecem por essa falta do Sagrado. Qualquer psicoterapia, portanto, que desvalorize a natureza espiritual da alma, esse car\u00e1ter religioso de que a psique est\u00e1 imbu\u00edda intimamente, e que a faz buscar por experi\u00eancias transcendentes, s\u00f3 ser\u00e1 favas e anos perdidos de trabalho esp\u00fario, algo como tratar dos sintomas para que ao longo dos anos possamos ver como eles mudam de lugar. <br \/><br \/>Isto porque a alma, em sua natural predile\u00e7\u00e3o pela luz e pelo calor da divina amorosidade, busca alimentar-se sobretudo de ritos e experi\u00eancias de transforma\u00e7\u00e3o que a fa\u00e7am relembrar cada vez mais e com maior clareza da soberana fonte de onde prov\u00e9m toda semente da pretendida cura com que sonhamos. S\u00f3 quando nos esquecemos de beber dessa \u00e1gua \u00e9 que de fato adoecemos. <br \/><br \/>E n\u00e3o vejo haja nenhum outro caminho de cura verdadeira sen\u00e3o aquele que nos p\u00f5e a pisar na estrada de volta, em dire\u00e7\u00e3o a esta divina fonte, do mesmo modo que os rios seguem espontaneamente seu curso em busca do mar da Grande Consci\u00eancia&#8221;. (<a href=\"https:\/\/www.facebook.com\/paulo.urban.1?__cft__[0]=AZUkKo6q0kXB7_GYvK43KOBxgLv90ksNnqhtr52EkpQvwTwGj03UvHi0kfwBgRSRFeVqwrgSYCMpBAYPzt46Qze1XAxitlWlsm0X97GZPOEdT65mz5dV-sqMTbzXJfdx0LpulA6EchxGrFc7JAD2LR5I-OxSweexv-lf7j38j3bJoQ&amp;__tn__=-]K-y-R\">Paulo Urban<\/a>)<\/p>\r\n<p><br \/><strong>O que \u00e9 Sa\u00fade Mental?<\/strong><br \/><strong>Com o psiquiatra Paulo Urban e Stela Vecchi<\/strong><\/p>\r\n<p><strong>\u00a0<\/strong><\/p>\r\n<p><div class=\"jeg_video_container jeg_video_content\"><iframe title=\"O que \u00e9 Sa\u00fade Mental? Stela Vecchi entrevista Paulo Urban, M\u00e9dico Psiquiatra\" width=\"500\" height=\"281\" src=\"https:\/\/www.youtube.com\/embed\/tqsDDuv6cmY?feature=oembed\" frameborder=\"0\" allow=\"accelerometer; autoplay; clipboard-write; encrypted-media; gyroscope; picture-in-picture; web-share\" referrerpolicy=\"strict-origin-when-cross-origin\" allowfullscreen><\/iframe><\/div><\/p>\r\n<p><strong>\u00a0<\/strong><\/p>\r\n\r\n\r\n\r\n<p><em>\u201cAs almas mais padecem por essa falta do Sagrado\u201d.<\/em><br \/><br \/>Ainda sobre este tema, um trecho do meu livro &#8220;<em>No C\u00e9u do Hemisf\u00e9rio Sul &#8211; Brasil, um Novo Come\u00e7o&#8221;:<\/em><br \/><br \/>P\u00e1gina 57<\/p>\r\n\r\n\r\n\r\n<p><strong>VI &#8211; 1. O significado da palavra Religi\u00e3o e a supra-religiosidade, a paz entre todas as religi\u00f5es.<\/strong><br \/>A palavra Religi\u00e3o vem do latim religare e significa ligar novamente \u00e0 fonte, \u00e0 Vida.<br \/>Portanto, \u00e9 unir. E uni\u00e3o n\u00e3o \u00e9 discrimina\u00e7\u00e3o.<br \/>O verdadeiro religioso sabe que a \u00fanica forma de n\u00e3o ir contra si mesmo e ser fator de uni\u00e3o \u00e9 n\u00e3o julgar e respeitar as diferen\u00e7as de cren\u00e7as, sen\u00e3o ele estaria contra si mesmo, contra o esp\u00edrito de uni\u00e3o que permeia os que amam.<br \/>O esp\u00edrito religioso nasce, cresce e se alimenta de um sentimento muito elevado: o sagrado. E \u00e9 s\u00f3 neste esp\u00edrito sagrado que a religi\u00e3o pode ser compreendida e vivida.<br \/><br \/>A caracter\u00edstica da religi\u00e3o \u00e9 justamente despertar o sagrado nas pessoas e desvendar-lhes um sentimento que s\u00f3 se acessa atrav\u00e9s da espiritualidade. De outra forma, as religi\u00f5es n\u00e3o teriam subsistido atrav\u00e9s dos s\u00e9culos. Assim, religi\u00e3o \u00e9 a forma como cada um vive sua espiritualidade.<br \/>As religi\u00f5es t\u00eam a verdade como fim \u00faltimo, s\u00e3o como v\u00e1rios rios que desembocam no mesmo mar. O Pai \u00e9 um s\u00f3.<br \/><br \/><strong>Leia o livro na \u00edntegra:<br \/>Download gr\u00e1tis neste link <\/strong><br \/><strong><a href=\"https:\/\/fengshuilogico.com\/blog\/wp-content\/uploads\/2023\/05\/No-Ceu-do-Hemisferio-Sul-21_11.pdf\">No C\u00e9u do Hemisf\u00e9rio Sul &#8211; Brasil, um Novo Come\u00e7o<\/a><\/strong><\/p>\r\n\r\n\r\n\r\n<p>&nbsp;<\/p>\r\n\r\n\r\n\r\n<div class=\"wp-block-image\">\r\n<figure class=\"aligncenter size-large\"><a href=\"https:\/\/fengshuilogico.com\/blog\/wp-content\/uploads\/2013\/01\/livro_ceuhemisferiosul_stela_vecchi.jpg\"><img fetchpriority=\"high\" decoding=\"async\" width=\"200\" height=\"274\" class=\"wp-image-5629\" src=\"https:\/\/fengshuilogico.com\/blog\/wp-content\/uploads\/2013\/01\/livro_ceuhemisferiosul_stela_vecchi.jpg\" alt=\"\" \/><\/a>\r\n<figcaption>No C\u00e9u do Hemisf\u00e9rio Sul Brasil, um Novo Come\u00e7o Stela Vecchi<\/figcaption>\r\n<\/figure>\r\n<\/div>\r\n\r\n\r\n\r\n<p><br \/><br \/><em><br \/><\/em><\/p>\r\n","protected":false},"excerpt":{"rendered":"<p>A caracter\u00edstica da religi\u00e3o \u00e9 justamente despertar o sagrado nas pessoas e desvendar-lhes um sentimento que s\u00f3 se acessa atrav\u00e9s da espiritualidade. De outra forma, as religi\u00f5es n\u00e3o teriam subsistido atrav\u00e9s dos s\u00e9culos. Assim, religi\u00e3o \u00e9 a forma como cada um vive sua espiritualidade.As religi\u00f5es t\u00eam a verdade como fim \u00faltimo, s\u00e3o como v\u00e1rios rios [&hellip;]<\/p>\n","protected":false},"author":6,"featured_media":20505,"comment_status":"open","ping_status":"open","sticky":false,"template":"","format":"standard","meta":{"footnotes":""},"categories":[2350,20],"tags":[],"_links":{"self":[{"href":"https:\/\/fengshuilogico.com\/blog\/wp-json\/wp\/v2\/posts\/21473"}],"collection":[{"href":"https:\/\/fengshuilogico.com\/blog\/wp-json\/wp\/v2\/posts"}],"about":[{"href":"https:\/\/fengshuilogico.com\/blog\/wp-json\/wp\/v2\/types\/post"}],"author":[{"embeddable":true,"href":"https:\/\/fengshuilogico.com\/blog\/wp-json\/wp\/v2\/users\/6"}],"replies":[{"embeddable":true,"href":"https:\/\/fengshuilogico.com\/blog\/wp-json\/wp\/v2\/comments?post=21473"}],"version-history":[{"count":7,"href":"https:\/\/fengshuilogico.com\/blog\/wp-json\/wp\/v2\/posts\/21473\/revisions"}],"predecessor-version":[{"id":27773,"href":"https:\/\/fengshuilogico.com\/blog\/wp-json\/wp\/v2\/posts\/21473\/revisions\/27773"}],"wp:featuredmedia":[{"embeddable":true,"href":"https:\/\/fengshuilogico.com\/blog\/wp-json\/wp\/v2\/media\/20505"}],"wp:attachment":[{"href":"https:\/\/fengshuilogico.com\/blog\/wp-json\/wp\/v2\/media?parent=21473"}],"wp:term":[{"taxonomy":"category","embeddable":true,"href":"https:\/\/fengshuilogico.com\/blog\/wp-json\/wp\/v2\/categories?post=21473"},{"taxonomy":"post_tag","embeddable":true,"href":"https:\/\/fengshuilogico.com\/blog\/wp-json\/wp\/v2\/tags?post=21473"}],"curies":[{"name":"wp","href":"https:\/\/api.w.org\/{rel}","templated":true}]}}