{"id":21364,"date":"2021-12-13T13:29:15","date_gmt":"2021-12-13T16:29:15","guid":{"rendered":"https:\/\/fengshuilogico.com\/blog\/?p=21364"},"modified":"2021-12-13T19:00:26","modified_gmt":"2021-12-13T22:00:26","slug":"plutao-ingressara-em-aquario-em-23-de-marco-de-2023-porem-ja-estamos-sentindo-seus-efeitos","status":"publish","type":"post","link":"https:\/\/fengshuilogico.com\/blog\/2021\/12\/13\/plutao-ingressara-em-aquario-em-23-de-marco-de-2023-porem-ja-estamos-sentindo-seus-efeitos\/","title":{"rendered":"Plut\u00e3o ingressar\u00e1 em Aqu\u00e1rio em 23 de Mar\u00e7o de 2023, por\u00e9m j\u00e1 estamos sentindo seus efeitos"},"content":{"rendered":"\n<p><strong>Plut\u00e3o<\/strong>\u00a0\u00e9 o planeta ligado a profundas transforma\u00e7\u00f5es. Entretanto, para fazer isto, precisa renovar desgastadas estruturas.<br><br>O tr\u00e2nsito de Plut\u00e3o \u00e9 lento em rela\u00e7\u00e3o \u00e0 Terra. E j\u00e1 estamos sentindo seus efeitos diante da proximidade de sua entrada no signo de Aqu\u00e1rio.<br><br>N\u00e3o nos esque\u00e7amos que Plut\u00e3o integrou a Grande Conjun\u00e7\u00e3o de Mar\u00e7o de 2020, que marcou o in\u00edcio da Pandemia pelo Covid.<br>O que n\u00e3o \u00e9 uma simples coincid\u00eancia.<br><br><strong>Plut\u00e3o<\/strong>\u00a0ingressar\u00e1 em\u00a0<strong>Aqu\u00e1rio<\/strong>\u00a0em 23 de Mar\u00e7o de 2023, posteriormente fica retr\u00f3grado, retornando a Capric\u00f3rnio e seguir em\u00a0<strong>Aqu\u00e1rio<\/strong>\u00a0definitivamente ap\u00f3s novembro de 2024.<\/p>\n\n\n\n<p><strong>Plut\u00e3o<\/strong>\u00a0leva cerca de 248 anos para dar uma volta completa em torno do Sol, permanecendo em um\u00a0<strong>signo<\/strong>\u00a0de 14 a 20 anos, aproximadamente. Dessa forma, ele \u00e9 conhecido como um planeta geracional, simbolizando assim, a qualidade de toda uma gera\u00e7\u00e3o e n\u00e3o as singularidades de cada pessoa.<br><br><strong>Por\u00e9m, as pessoas em seu mapa natal poder\u00e3o entender como ser\u00e3o afetadas verificando em qual casa e signo est\u00e1 Urano e quais os aspectos que ele faz em rela\u00e7\u00e3o ao mapa pessoal.<\/strong><\/p>\n\n\n\n<p><br><em>Enquanto a Terra leva 365 dias para dar uma volta em torno do Sol, <strong>Plut\u00e3o<\/strong>&nbsp;leva 248 anos terrestres para completar uma&nbsp;<strong>volta<\/strong>&nbsp;ao redor do Sol. Isso significa que um ano em&nbsp;<strong>Plut\u00e3o<\/strong>&nbsp;equivale a 248 anos na Terra. Ele gira em torno de si mesmo bem devagar, demorando aproximadamente 6,5 dias terrestres para completar uma&nbsp;<strong>volta<\/strong>.<\/em><br><br><\/p>\n\n\n\n<figure class=\"wp-block-image size-large\"><a href=\"https:\/\/fengshuilogico.com\/blog\/wp-content\/uploads\/2021\/12\/Plutao-.jpg\"><img fetchpriority=\"high\" decoding=\"async\" width=\"960\" height=\"720\" src=\"https:\/\/fengshuilogico.com\/blog\/wp-content\/uploads\/2021\/12\/Plutao-.jpg\" alt=\"\" class=\"wp-image-21374\" srcset=\"https:\/\/fengshuilogico.com\/blog\/wp-content\/uploads\/2021\/12\/Plutao-.jpg 960w, https:\/\/fengshuilogico.com\/blog\/wp-content\/uploads\/2021\/12\/Plutao--300x225.jpg 300w, https:\/\/fengshuilogico.com\/blog\/wp-content\/uploads\/2021\/12\/Plutao--768x576.jpg 768w\" sizes=\"(max-width: 960px) 100vw, 960px\" \/><\/a><\/figure>\n\n\n\n<p><strong>Durante esse tr\u00e2nsito n\u00f3s entenderemos que a felicidade de cada um est\u00e1 alicer\u00e7ada tamb\u00e9m na sa\u00fade da M\u00e3e Natureza que nos sustenta e mant\u00e9m.<br><br>Assim esse tr\u00e2nsito nos far\u00e1 compreender essa verdade: o Planeta Terra \u00e9 como uma grande nave que viaja pelo Espa\u00e7o e onde seguimos todos juntos.<\/strong><br><br><em>O maior objetivo ser\u00e1 preparar a <strong>Era da Fraternidade<\/strong>, frutos da Era Crist\u00e3 que nos trouxe o ensinamento do Amor entendido como uma frequ\u00eancia  onde o Amor a Deus, o perd\u00e3o, a compreens\u00e3o, o respeito \u00e0s diferen\u00e7as s\u00e3o <br>b\u00e1sicos para entrar e permanecer nessa vibra\u00e7\u00e3o t\u00e3o ben\u00e9fica.<br>A individualidade ceder\u00e1 \u00e0 compreens\u00e3o de que n\u00f3s fazemos parte da Natureza, obra das m\u00e3os do Criador.<\/em><br><br>A humanidade parece caminhar a passos lentos para a paz e a harmonia, bases do Amor essencial ensinado por Cristo e pelos grandes espirituais.<br>Por\u00e9m, um dia para n\u00f3s pode ser como mil anos e mil anos podem ser como um dia para Deus<strong>:<br>&#8220;Mas, amados, n\u00e3o ignoreis uma coisa: Que um\u00a0<strong>dia<\/strong>\u00a0para o SENHOR \u00e9 como\u00a0<strong>mil anos, e mil anos<\/strong>, como um\u00a0<strong>dia<\/strong>.&#8221; 2 Pedro 3.8<\/strong><br>Porque o tempo \u00e9 relativo, j\u00e1 demonstrou Einstein em sua Teoria da Relatividade.<br><br><strong><br>Compreender isso \u00e9 viver em paz e trabalhar para construir a paz entre n\u00f3s, no respeito \u00e0s diferen\u00e7as.<\/strong><br><br><\/p>\n\n\n\n<figure class=\"wp-block-image size-large\"><a href=\"https:\/\/fengshuilogico.com\/blog\/wp-content\/uploads\/2012\/12\/Face_educa\u00e7ao.jpg\"><img decoding=\"async\" width=\"1024\" height=\"576\" src=\"https:\/\/fengshuilogico.com\/blog\/wp-content\/uploads\/2012\/12\/Face_educa\u00e7ao-1024x576.jpg\" alt=\"\" class=\"wp-image-9562\" srcset=\"https:\/\/fengshuilogico.com\/blog\/wp-content\/uploads\/2012\/12\/Face_educa\u00e7ao-1024x576.jpg 1024w, https:\/\/fengshuilogico.com\/blog\/wp-content\/uploads\/2012\/12\/Face_educa\u00e7ao-300x169.jpg 300w, https:\/\/fengshuilogico.com\/blog\/wp-content\/uploads\/2012\/12\/Face_educa\u00e7ao.jpg 1280w\" sizes=\"(max-width: 1024px) 100vw, 1024px\" \/><\/a><\/figure>\n\n\n\n<p><br><br><strong>Sua casa est\u00e1 inserida neste Todo Maior<\/strong>.<br><strong><em>Pratique Feng Shui L\u00f3gico e atraia as excelentes energias da M\u00e3e Natureza!<br><\/em><\/strong><br>Trate das coisas antes que aconte\u00e7am de forma confiante e consciente de que estamos aqui para usufruir da vida mas tamb\u00e9m para evoluirmos como alma. A luz que conquistarmos com nossos pensamentos, sentimentos, emo\u00e7\u00f5es e a\u00e7\u00f5es ser\u00e1 a luz que nossa alma agregar\u00e1 em si mesma.<\/p>\n\n\n\n<figure class=\"wp-block-embed is-type-video is-provider-youtube wp-block-embed-youtube wp-embed-aspect-16-9 wp-has-aspect-ratio\"><div class=\"wp-block-embed__wrapper\">\nhttps:\/\/www.youtube.com\/watch?v=tTjU3jkuxLU\n<\/div><\/figure>\n","protected":false},"excerpt":{"rendered":"<p>Plut\u00e3o\u00a0\u00e9 o planeta ligado a profundas transforma\u00e7\u00f5es. Entretanto, para fazer isto, precisa renovar desgastadas estruturas. O tr\u00e2nsito de Plut\u00e3o \u00e9 lento em rela\u00e7\u00e3o \u00e0 Terra. E j\u00e1 estamos sentindo seus efeitos diante da proximidade de sua entrada no signo de Aqu\u00e1rio. N\u00e3o nos esque\u00e7amos que Plut\u00e3o integrou a Grande Conjun\u00e7\u00e3o de Mar\u00e7o de 2020, que [&hellip;]<\/p>\n","protected":false},"author":6,"featured_media":21374,"comment_status":"open","ping_status":"open","sticky":false,"template":"","format":"standard","meta":{"footnotes":""},"categories":[28],"tags":[2498],"_links":{"self":[{"href":"https:\/\/fengshuilogico.com\/blog\/wp-json\/wp\/v2\/posts\/21364"}],"collection":[{"href":"https:\/\/fengshuilogico.com\/blog\/wp-json\/wp\/v2\/posts"}],"about":[{"href":"https:\/\/fengshuilogico.com\/blog\/wp-json\/wp\/v2\/types\/post"}],"author":[{"embeddable":true,"href":"https:\/\/fengshuilogico.com\/blog\/wp-json\/wp\/v2\/users\/6"}],"replies":[{"embeddable":true,"href":"https:\/\/fengshuilogico.com\/blog\/wp-json\/wp\/v2\/comments?post=21364"}],"version-history":[{"count":0,"href":"https:\/\/fengshuilogico.com\/blog\/wp-json\/wp\/v2\/posts\/21364\/revisions"}],"wp:featuredmedia":[{"embeddable":true,"href":"https:\/\/fengshuilogico.com\/blog\/wp-json\/wp\/v2\/media\/21374"}],"wp:attachment":[{"href":"https:\/\/fengshuilogico.com\/blog\/wp-json\/wp\/v2\/media?parent=21364"}],"wp:term":[{"taxonomy":"category","embeddable":true,"href":"https:\/\/fengshuilogico.com\/blog\/wp-json\/wp\/v2\/categories?post=21364"},{"taxonomy":"post_tag","embeddable":true,"href":"https:\/\/fengshuilogico.com\/blog\/wp-json\/wp\/v2\/tags?post=21364"}],"curies":[{"name":"wp","href":"https:\/\/api.w.org\/{rel}","templated":true}]}}