{"id":21174,"date":"2021-11-07T00:09:42","date_gmt":"2021-11-07T03:09:42","guid":{"rendered":"https:\/\/fengshuilogico.com\/blog\/?p=21174"},"modified":"2024-11-28T11:17:58","modified_gmt":"2024-11-28T14:17:58","slug":"quais-as-caracteristicas-da-5-a-dimensao","status":"publish","type":"post","link":"https:\/\/fengshuilogico.com\/blog\/2021\/11\/07\/quais-as-caracteristicas-da-5-a-dimensao\/","title":{"rendered":"O que significa viver na quinta dimens\u00e3o?"},"content":{"rendered":"\r\n<p>Todos que atrav\u00e9s de muitas vidas aprenderam a amar como Cristo nos amou j\u00e1 est\u00e3o quinta dimens\u00e3o.<br \/>\u00c9 a dimens\u00e3o dos que reconhecem o poder do Criador e se aplicam a conhec\u00ea-lo cada vez mais.<br \/>Os que amam em Esp\u00edrito e Verdade e recebem esse amor continuamente.<br \/><br \/><strong>Essa li\u00e7\u00e3o \u00e9 fundamental para o verdadeiro in\u00edcio da Era de Aqu\u00e1rio.<br \/><br \/>Por\u00e9m, temos que sempre considerar a evolu\u00e7\u00e3o pessoal e a coletiva.<br \/><br \/><\/strong>Estamos em uma grande depura\u00e7\u00e3o da sociedade humana que pode levar ainda um bom tempo.<br \/>Plut\u00e3o entra em Aqu\u00e1rio em 2023 (definitivamente a partir de 2024) e\u00a0ficar\u00e1 20 anos neste signo\u00a0e deve trazer grandes inven\u00e7\u00f5es e transforma\u00e7\u00f5es profundas nas liberdades individuais e coletivas.<br \/>Ainda que a evolu\u00e7\u00e3o coletiva esteja longe de adentrar na Quinta Dimens\u00e3o, individualmente muitos j\u00e1 est\u00e3o vibrando nessa frequ\u00eancia.<br \/>Por n\u00e3o ser coletiva, existem situa\u00e7\u00f5es que s\u00f3 ser\u00e3o vivenciadas de forma plena quando acontecer a mudan\u00e7a tamb\u00e9m de forma coletiva.<br \/>Essa pode demorar&#8230;<br \/><br \/>As eras astrol\u00f3gicas duram em torno de 2000 anos. E s\u00e3o percebidas mais pelos eventos do que propriamente pela data em si. Digamos que ocorre por volta de 2000 anos.<br \/><br \/>A era de Peixes nos trouxe a vinda de Jesus. E demorou aproximadamente 300 anos at\u00e9 o Cristianismo ser aceito&#8230; Isso nos leva a pensar como acontecer\u00e1 de fato a mudan\u00e7a vibracional coletiva para a era de Aqu\u00e1rio, que est\u00e1 se iniciando por esses tempos.<\/p>\r\n\r\n\r\n\r\n<p><b>A transi\u00e7\u00e3o planet\u00e1ria e a Declara\u00e7\u00e3o dos Direitos Humanos<\/b><\/p>\r\n\r\n\r\n\r\n\r\n\r\n<p>Podemos dizer que a Declara\u00e7\u00e3o dos Direitos Humanos em 1948 ap\u00f3s o fim da 2.\u00aa Guerra Mundial marcou um novo in\u00edcio: por\u00e9m sua implanta\u00e7\u00e3o na sociedade de fato \u00e9 um processo ainda n\u00e3o terminado.<br \/><br \/><\/p>\r\n<p><blockquote class=\"wp-embedded-content\" data-secret=\"8cuJffAm7j\"><a href=\"https:\/\/fengshuilogico.com\/blog\/2010\/08\/01\/jesus-cristo-precursor-dos-direitos-humanos\/\">Jesus Cristo, precursor da Declara\u00e7\u00e3o dos Direitos Humanos (1948)<\/a><\/blockquote><iframe class=\"wp-embedded-content\" sandbox=\"allow-scripts\" security=\"restricted\" style=\"position: absolute; clip: rect(1px, 1px, 1px, 1px);\" title=\"&#8220;Jesus Cristo, precursor da Declara\u00e7\u00e3o dos Direitos Humanos (1948)&#8221; &#8212; Feng Shui L\u00f3gico - M\u00e9todo Solar Stela Vecchi\" src=\"https:\/\/fengshuilogico.com\/blog\/2010\/08\/01\/jesus-cristo-precursor-dos-direitos-humanos\/embed\/#?secret=gt2Ybb4IYB#?secret=8cuJffAm7j\" data-secret=\"8cuJffAm7j\" width=\"500\" height=\"282\" frameborder=\"0\" marginwidth=\"0\" marginheight=\"0\" scrolling=\"no\"><\/iframe><\/p>\r\n<p>&nbsp;<\/p>\r\n\r\n\r\n\r\n<p>A globaliza\u00e7\u00e3o nos trouxe a democracia do conhecimento, outro sinal caracter\u00edstico do planeta Urano, regente de Aqu\u00e1rio.<br \/><br \/><strong>Mas ent\u00e3o, como podemos entender a quinta dimens\u00e3o?<br \/>Faremos aqui uma breve considera\u00e7\u00e3o:<\/strong><br \/><br \/><em>A experi\u00eancia \u00e9 fundamental para voc\u00ea entender essa nova dimens\u00e3o. Muitos mesmos j\u00e1 vivenciaram pelo menos uma vez o Amor C\u00f3smico. Mesmo que n\u00e3o seja f\u00e1cil ainda nos mantermos nele, conhec\u00ea-lo \u00e9 essencial.<br \/><br \/><\/em>A 5D vibra como uma frequ\u00eancia: a frequ\u00eancia do Amor C\u00f3smico, purificado do ego\u00edsmo e do medo.<br \/>A experi\u00eancia de sentir-se profundamente amado pela Vida com tudo que ela nos proporciona \u00e9 fundamental para acessar. O acesso n\u00e3o \u00e9 pela mente, \u00e9 pelo cora\u00e7\u00e3o purificado pela raz\u00e3o humanizada. Pela integra\u00e7\u00e3o entre a mente e o cora\u00e7\u00e3o. Pela unifica\u00e7\u00e3o de nossas pot\u00eancias interiores.<br \/><br \/>\u00c9 a frequ\u00eancia do ser humano liberto, que fez a passagem do medo para a confian\u00e7a na Vida.<br \/><br \/><em>Vive no tempo sempre presente<\/em>, porque \u00e9 consciente de que a vida \u00e9 eterna (anula o tempo como o conhecemos).<br \/>Vive ent\u00e3o cada segundo conhecendo a verdade do valor da respira\u00e7\u00e3o e da vibra\u00e7\u00e3o que emana de seu centro card\u00edaco.<br \/>\u00a0<br \/>\u00c9 prudente e espont\u00e2neo.<\/p>\r\n\r\n\r\n\r\n<p>Reconhece sua identidade \u00fanica e sua interliga\u00e7\u00e3o com a Realidade que o mant\u00e9m, o que lhe d\u00e1 a humildade diante do Todo Maior e ao mesmo tempo a certeza de que nunca se encontra s\u00f3.<br \/><br \/>\u201c<em>Enxugarei de seus olhos todas as l\u00e1grimas<\/em>.\u201d (B\u00edblia Sagrada). Portanto, anuncia o fim do sofrimento.<br \/><br \/>\u201c<em>Os que ser\u00e3o julgados dignos do s\u00e9culo futuro e da ressurrei\u00e7\u00e3o dos mortos n\u00e3o ter\u00e3o mulher nem marido\u201d (Lucas,20 \u2013 34,36)<\/em>.<br \/><br \/>Portanto cessa a depend\u00eancia, a car\u00eancia e seremos autossuficientes conscientes da interdepend\u00eancia: a vida \u00e9 um tecido interligado.<br \/><br \/>Nesse est\u00e1gio, <em>somos conhecedores da \u00c1rvore do Bem e do Mal<\/em>.<br \/>E reconhecendo humildemente que \u201c<em>Eu e o Pai somos Um, mas o Pai \u00e9 maior do que eu\u201d<\/em>, \u00e9 um co-criador em conson\u00e2ncia com o Criador, que vive dentro de cada um de n\u00f3s.<br \/><br \/>Na minha vis\u00e3o, o Criador ao multiplicar-se infinitamente e ao dar-nos o livre arb\u00edtrio, quis conhecer-se a si mesmo atrav\u00e9s de suas criaturas.<br \/>Fez o homem \u00e0 sua imagem e semelhan\u00e7a.<br \/><br \/>E por estar dentro de cada um de n\u00f3s, sofre conosco tudo que sofremos. E se alegra com tudo que nos alegra.<\/p>\r\n\r\n\r\n\r\n<p>Por\u00e9m, o grande trabalho nosso \u00e9 conhecer o que nos faz bem e o que nos faz mal, conhecendo assim o discernimento entre frutos doces e amargos.<br \/>Essa luz viver\u00e1 em n\u00f3s, portanto ser\u00e1 nosso farol em rela\u00e7\u00e3o ao infinito caminho de consci\u00eancia da Vida que nos sustenta: Deus.<br \/><br \/>Claro, s\u00e3o insights, porque estamos lidando ainda com mist\u00e9rios. E entrar na 5D significa tamb\u00e9m que recebemos mais luz &#8211; <em>todos ser\u00e3o ensinados pelo Esp\u00edrito Santo \u2013 <\/em>o que nos dar\u00e1 a condi\u00e7\u00e3o de sermos mestres de si mesmos.<br \/><br \/><\/p>\r\n<p><div class=\"jeg_video_container jeg_video_content\"><iframe title=\"REENCARNA\u00c7\u00c3O E RESSURREI\u00c7\u00c3O: quais as diferen\u00e7as? #jesus #alma #espiritualidade\" width=\"500\" height=\"281\" src=\"https:\/\/www.youtube.com\/embed\/I1Xm9eZcM2U?feature=oembed\" frameborder=\"0\" allow=\"accelerometer; autoplay; clipboard-write; encrypted-media; gyroscope; picture-in-picture; web-share\" referrerpolicy=\"strict-origin-when-cross-origin\" allowfullscreen><\/iframe><\/div><\/p>\r\n<p>&nbsp;<\/p>\r\n\r\n\r\n\r\n<p>&nbsp;<\/p>\r\n\r\n\r\n\r\n<p>&nbsp;<\/p>\r\n\r\n\r\n\r\n<p>&nbsp;<\/p>\r\n\r\n\r\n\r\n<p>&nbsp;<\/p>\r\n","protected":false},"excerpt":{"rendered":"<p>Todos que atrav\u00e9s de muitas vidas aprenderam a amar como Cristo nos amou j\u00e1 est\u00e3o quinta dimens\u00e3o.\u00c9 a dimens\u00e3o dos que reconhecem o poder do Criador e se aplicam a conhec\u00ea-lo cada vez mais.Os que amam em Esp\u00edrito e Verdade e recebem esse amor continuamente. Essa li\u00e7\u00e3o \u00e9 fundamental para o verdadeiro in\u00edcio da Era [&hellip;]<\/p>\n","protected":false},"author":6,"featured_media":21178,"comment_status":"open","ping_status":"open","sticky":false,"template":"","format":"standard","meta":{"footnotes":""},"categories":[817,2350,2601,529],"tags":[],"_links":{"self":[{"href":"https:\/\/fengshuilogico.com\/blog\/wp-json\/wp\/v2\/posts\/21174"}],"collection":[{"href":"https:\/\/fengshuilogico.com\/blog\/wp-json\/wp\/v2\/posts"}],"about":[{"href":"https:\/\/fengshuilogico.com\/blog\/wp-json\/wp\/v2\/types\/post"}],"author":[{"embeddable":true,"href":"https:\/\/fengshuilogico.com\/blog\/wp-json\/wp\/v2\/users\/6"}],"replies":[{"embeddable":true,"href":"https:\/\/fengshuilogico.com\/blog\/wp-json\/wp\/v2\/comments?post=21174"}],"version-history":[{"count":7,"href":"https:\/\/fengshuilogico.com\/blog\/wp-json\/wp\/v2\/posts\/21174\/revisions"}],"predecessor-version":[{"id":28056,"href":"https:\/\/fengshuilogico.com\/blog\/wp-json\/wp\/v2\/posts\/21174\/revisions\/28056"}],"wp:featuredmedia":[{"embeddable":true,"href":"https:\/\/fengshuilogico.com\/blog\/wp-json\/wp\/v2\/media\/21178"}],"wp:attachment":[{"href":"https:\/\/fengshuilogico.com\/blog\/wp-json\/wp\/v2\/media?parent=21174"}],"wp:term":[{"taxonomy":"category","embeddable":true,"href":"https:\/\/fengshuilogico.com\/blog\/wp-json\/wp\/v2\/categories?post=21174"},{"taxonomy":"post_tag","embeddable":true,"href":"https:\/\/fengshuilogico.com\/blog\/wp-json\/wp\/v2\/tags?post=21174"}],"curies":[{"name":"wp","href":"https:\/\/api.w.org\/{rel}","templated":true}]}}