{"id":20659,"date":"2021-07-12T16:01:18","date_gmt":"2021-07-12T19:01:18","guid":{"rendered":"https:\/\/fengshuilogico.com\/blog\/?p=20659"},"modified":"2025-01-02T15:06:49","modified_gmt":"2025-01-02T18:06:49","slug":"paulo-urban-criador-da-psicoterapia-do-encantamento","status":"publish","type":"post","link":"https:\/\/fengshuilogico.com\/blog\/2021\/07\/12\/paulo-urban-criador-da-psicoterapia-do-encantamento\/","title":{"rendered":"Paulo Urban, criador da Psicoterapia do Encantamento"},"content":{"rendered":"\r\n<p>Paulo Urban\u00a0\u00e9 M\u00e9dico Psiquiatra e criador da Psicoterapeuta do Encantamento.<br \/>Escritor, poeta e sonetista.<br \/><br \/>Nascido em S\u00e3o Paulo em 10 de fevereiro de 1965, sua vasta e variada obra liter\u00e1ria demonstra sua capacidade de ver a realidade sob v\u00e1rios \u00e2ngulos como um verdadeiro representante do signo de Aqu\u00e1rio, que j\u00e1 vislumbra no hoje a realidade futura: a vida \u00e9 um tecido interligado.<br \/><br \/>Desde o ano de 1990, dedica-se a exercer a psiquiatria e a psicoterapia em\u00a0consult\u00f3rio cl\u00ednico, sendo criador de sua pr\u00f3pria\u00a0abordagem psico-cl\u00ednica, a\u00a0Psicoterapia do Encantamento.<br \/><br \/>Ministra o Curso Online \u201cCi\u00eancias do Sagrado\u201d pelo Instituto Arcano.<br \/><br \/><em><strong>Informa\u00e7\u00f5es,\u00a0agendamento de consultas ou entrevistas com\u00a0Dr. Paulo Urban: fale diretamente com ele pelo fone:\u00a0\u00a0(11) 9.9706 -7704<\/strong><\/em><br \/><br \/><strong>Conhe\u00e7a um pouco de sua brilhante trajet\u00f3ria<\/strong><br \/>Articulista da Revista Planeta (2001-2006) e editor-chefe da Revista Nova Consci\u00eancia (2007-2008).<\/p>\r\n\r\n\r\n\r\n\r\n\r\n<p>\u00c9 membro da Academia Po\u00e9tica de Letras e publicou dois livros sobre Tarot.<\/p>\r\n\r\n\r\n\r\n\r\n\r\n<p>Paulo Urban \u00e9 tamb\u00e9m escritor, poeta e sonetista. <br \/><em><strong>Parte de seu curr\u00edculo editorial e liter\u00e1rio compreende:<\/strong><\/em><\/p>\r\n\r\n\r\n\r\n<p>Redator-chefe da\u00a0Revista Medicina Atual\u00a0em 2004.<\/p>\r\n\r\n\r\n\r\n<p>Coordenador editorial respons\u00e1vel pela cria\u00e7\u00e3o da\u00a0Revista Nova Consci\u00eancia, 2007-2008.<\/p>\r\n\r\n\r\n\r\n<p>Articulista da\u00a0Revista Planeta,\u00a02000-2006.<\/p>\r\n\r\n\r\n\r\n<p>Com livros publicados nas \u00e1reas de medicina, esoterismo e hist\u00f3ria, \u00e9 autor de centenas de textos e mat\u00e9rias nas \u00e1reas de psiquiatria, psicologia, alquimia, magia, hermetismo, mitologia, filosofia, parapsicologia, antropologia, xamanismo, comportamento, arte, literatura, astronomia, astrologia, resenhas biogr\u00e1ficas e outros assuntos.<\/p>\r\n\r\n\r\n\r\n<p>Duas de suas obras premiadas foram escritas em parceria com seu pai Homero Pimentel (1939-2008), professor de hist\u00f3ria (e historiador):<\/p>\r\n\r\n\r\n\r\n<p><em>Fractais da Hist\u00f3ria, a humanidade no caleidosc\u00f3pio<\/em>,\u00a0ed. Madras;\u00a0Pr\u00eamio Clio de Hist\u00f3ria, 2004\u00a0<br \/><em>Santos Dumont, Bandeirante dos Ares e das Eras,<\/em> ed Madras,\u00a0Pr\u00eamio Clio de Hist\u00f3ria, 2006\u00a0\u2013\u00a0pela Academia Paulistana de Hist\u00f3ria e Pr\u00eamio Centen\u00e1rio da Avia\u00e7\u00e3o, pela Academia Brasileira de Aeron\u00e1utica.\u00a0<br \/><br \/><em><strong>Neste poema, um pouco dessa alma s\u00e1bia e generosa:<\/strong><\/em><\/p>\r\n\r\n\r\n\r\n<p>\u201cSim, somos todos her\u00f3is da pr\u00f3pria jornada, mas isso nada tem a ver com revolucionar o mundo, salvar o planeta de amea\u00e7as alien\u00edgenas ou sair voando por a\u00ed com uma capa azul amarrada \u00e0s costas; menos ainda devemos crer que a salva\u00e7\u00e3o de nossas almas dependa da a\u00e7\u00e3o de deuses ou her\u00f3is que venham de fora. A grande a\u00e7\u00e3o a que devemos, como her\u00f3is, nos entregar, n\u00e3o \u00e9 outra sen\u00e3o aquela que se opera no anonimato de nossos cora\u00e7\u00f5es, cujo maior \u2018poder\u2019 consiste em nos tornar prontos para que, \u2018tocados de alegria\u2019, possamos lidar com as adversidades do caminho.<\/p>\r\n\r\n\r\n\r\n<p>Pois ser\u00e1 assim, conquanto sigamos por esta estrada mission\u00e1ria, palmilhando-a de suor e l\u00e1grimas, que nos abriremos \u00e0s situa\u00e7\u00f5es pelas quais devemos obrigatoriamente passar, indo ao encontro dos arqu\u00e9tipos que guardam respeito \u00e0 nossa pessoal mitologia, os \u00fanicos, a prop\u00f3sito, que poder\u00e3o nos transformar de modo intr\u00ednseco e profundo.<\/p>\r\n\r\n\r\n\r\n<p>Porque, segundo roga a Psicoterapia do Encantamento, \u201cos mitos s\u00f3 t\u00eam sentido quando s\u00e3o sentidos\u201d. Sem experimentarmos nossa mitologia pessoal, nada seremos al\u00e9m de aut\u00f4matos a cruzar estradas sem destino, meros barcos fantasmas \u00e0 deriva nos mares oce\u00e2nicos, falidos rob\u00f4s computando a esterilidade dos dias e noites sem sentido nem beleza, sem m\u00e9rito ou poesia. Cada um busque, pois, por sua pessoal mitologia, \u00e9 ela a chave da mais profunda transforma\u00e7\u00e3o an\u00edmica\u201d. Paulo Urban<br \/><br \/><\/p>\r\n\r\n\r\n\r\n<h2 class=\"wp-block-heading\"><strong>A VOZ DO ENCANTAMENTO<\/strong><\/h2>\r\n\r\n\r\n\r\n<p>Eu sou aquele<br \/>que sublime ressoa na quietude do ser,<br \/>que faz brilhar os olhos d\u2019alma,<br \/>que repercute a harmonia das estrelas.<\/p>\r\n\r\n\r\n\r\n<p>Eu sou aquele<br \/>que vibra em sintonia<br \/>com a sublime m\u00fasica das esferas,<\/p>\r\n\r\n\r\n\r\n<p>Eu sou aquele<br \/>que est\u00e1 pleno de toda orquestra\u00e7\u00e3o<br \/>regida pela baqueta<br \/>do Maestro onisciente.<\/p>\r\n\r\n\r\n\r\n<p>Eu n\u00e3o estou apenas nas coisas,<br \/>nem habito t\u00e3o-somente o teu cora\u00e7\u00e3o,<br \/>mas trago comigo a magia de integrar<br \/>teu cora\u00e7\u00e3o a todas as coisas,<br \/>unindo teu ser \u00e0 Grande Consci\u00eancia,<br \/>real e transcendente.<\/p>\r\n\r\n\r\n\r\n<p>Porque a alma,<br \/>sempre que se descobre encantada,<br \/>entrega-se \u00e0 sua natural Miss\u00e3o;<br \/>porque a alma,<br \/>quando encantada,<br \/>integra-se a si mesma<br \/>e se orienta espontaneamente<br \/>para a Luz Maior,<br \/>cuja ess\u00eancia \u00e9 divina e curativa.<\/p>\r\n\r\n\r\n\r\n<p>Eu sou o canto que vem de teu interior,<br \/>eu sou o canto profundo da tua alma;<br \/>deixa-me entrar em tua vida<br \/>e eu a transformarei no mais vivo Santu\u00e1rio.<\/p>\r\n\r\n\r\n\r\n<p><strong>Paulo Urban, equin\u00f3cio de outono, MMVII<\/strong><\/p>\r\n\r\n<p>&nbsp;<\/p>","protected":false},"excerpt":{"rendered":"<p>Paulo Urban\u00a0\u00e9 M\u00e9dico Psiquiatra e criador da Psicoterapeuta do Encantamento.Escritor, poeta e sonetista. Nascido em S\u00e3o Paulo em 10 de fevereiro de 1965, sua vasta e variada obra liter\u00e1ria demonstra sua capacidade de ver a realidade sob v\u00e1rios \u00e2ngulos como um verdadeiro representante do signo de Aqu\u00e1rio, que j\u00e1 vislumbra no hoje a realidade futura: [&hellip;]<\/p>\n","protected":false},"author":6,"featured_media":26627,"comment_status":"open","ping_status":"open","sticky":false,"template":"","format":"standard","meta":{"footnotes":""},"categories":[2437],"tags":[],"_links":{"self":[{"href":"https:\/\/fengshuilogico.com\/blog\/wp-json\/wp\/v2\/posts\/20659"}],"collection":[{"href":"https:\/\/fengshuilogico.com\/blog\/wp-json\/wp\/v2\/posts"}],"about":[{"href":"https:\/\/fengshuilogico.com\/blog\/wp-json\/wp\/v2\/types\/post"}],"author":[{"embeddable":true,"href":"https:\/\/fengshuilogico.com\/blog\/wp-json\/wp\/v2\/users\/6"}],"replies":[{"embeddable":true,"href":"https:\/\/fengshuilogico.com\/blog\/wp-json\/wp\/v2\/comments?post=20659"}],"version-history":[{"count":6,"href":"https:\/\/fengshuilogico.com\/blog\/wp-json\/wp\/v2\/posts\/20659\/revisions"}],"predecessor-version":[{"id":28361,"href":"https:\/\/fengshuilogico.com\/blog\/wp-json\/wp\/v2\/posts\/20659\/revisions\/28361"}],"wp:featuredmedia":[{"embeddable":true,"href":"https:\/\/fengshuilogico.com\/blog\/wp-json\/wp\/v2\/media\/26627"}],"wp:attachment":[{"href":"https:\/\/fengshuilogico.com\/blog\/wp-json\/wp\/v2\/media?parent=20659"}],"wp:term":[{"taxonomy":"category","embeddable":true,"href":"https:\/\/fengshuilogico.com\/blog\/wp-json\/wp\/v2\/categories?post=20659"},{"taxonomy":"post_tag","embeddable":true,"href":"https:\/\/fengshuilogico.com\/blog\/wp-json\/wp\/v2\/tags?post=20659"}],"curies":[{"name":"wp","href":"https:\/\/api.w.org\/{rel}","templated":true}]}}