{"id":206,"date":"2009-01-04T00:02:10","date_gmt":"2009-01-04T02:02:10","guid":{"rendered":"https:\/\/fengshuilogico.com\/blog\/2009\/01\/04\/o-poder-da-palavra-em-nossa-vida\/"},"modified":"2018-07-31T11:25:06","modified_gmt":"2018-07-31T14:25:06","slug":"o-poder-da-palavra","status":"publish","type":"post","link":"https:\/\/fengshuilogico.com\/blog\/2009\/01\/04\/o-poder-da-palavra\/","title":{"rendered":"Como as suas conversas influenciam sua sa\u00fade?"},"content":{"rendered":"<p>As palavras s\u00e3o a materializa\u00e7\u00e3o do pensamento.<br \/>\nE t\u00eam muita import\u00e2ncia em nossa sa\u00fade.<\/p>\n<blockquote><p>O que faz a conviv\u00eancia gratificante \u00e9 a conversa\u00e7\u00e3o agrad\u00e1vel, f\u00e1cil, onde podemos entender e sermos entendidos.<\/p>\n<p>O tempo entre ouvir e falar \u00e9 preenchido pelo doce sil\u00eancio, onde absorvemos o que ouvimos.<\/p>\n<p>A energia dessa compreens\u00e3o preenche e nutre nosso cora\u00e7\u00e3o.<\/p><\/blockquote>\n<p>Quando conversar, perceba o tom de sua voz.<br \/>\nO tom de sua voz revela muito sobre voc\u00ea. E sobre o seu estado de esp\u00edrito no momento.<\/p>\n<div class=\"jeg_video_container jeg_video_content\"><iframe title=\"DICAS IMPORTANTES para a SA\u00daDE do CORPO e da ALMA\" width=\"500\" height=\"281\" src=\"https:\/\/www.youtube.com\/embed\/pEaenT4G6hs?feature=oembed\" frameborder=\"0\" allow=\"accelerometer; autoplay; clipboard-write; encrypted-media; gyroscope; picture-in-picture; web-share\" allowfullscreen><\/iframe><\/div>\n<p><a href=\"https:\/\/fengshuilogico.com\/blog\/wp-content\/uploads\/2009\/01\/mente.jpg\"><img fetchpriority=\"high\" decoding=\"async\" src=\"https:\/\/fengshuilogico.com\/blog\/wp-content\/uploads\/2009\/01\/mente.jpg\" alt=\"\" title=\"mente\" width=\"224\" height=\"224\" class=\"aligncenter size-full wp-image-4641\" srcset=\"https:\/\/fengshuilogico.com\/blog\/wp-content\/uploads\/2009\/01\/mente.jpg 224w, https:\/\/fengshuilogico.com\/blog\/wp-content\/uploads\/2009\/01\/mente-150x150.jpg 150w\" sizes=\"(max-width: 224px) 100vw, 224px\" \/><\/a><a href=\"https:\/\/fengshuilogico.com\/blog\/wp-content\/uploads\/2009\/01\/sintonia.jpg\"><img decoding=\"async\" src=\"https:\/\/fengshuilogico.com\/blog\/wp-content\/uploads\/2009\/01\/sintonia.jpg\" alt=\"\" title=\"sintonia\" width=\"225\" height=\"225\" class=\"aligncenter size-full wp-image-4640\" srcset=\"https:\/\/fengshuilogico.com\/blog\/wp-content\/uploads\/2009\/01\/sintonia.jpg 225w, https:\/\/fengshuilogico.com\/blog\/wp-content\/uploads\/2009\/01\/sintonia-150x150.jpg 150w\" sizes=\"(max-width: 225px) 100vw, 225px\" \/><\/a><\/p>\n<p><em>As ervas da manh\u00e3 n\u00e3o nascem mais suaves e macias do que nasceram do interior de si mesmas.<\/em> Autor desconhecido<\/p>\n<p>     Somos seres criadores. Se pensarmos em que tudo tem um padr\u00e3o vibrat\u00f3rio e que atra\u00edmos aquilo que est\u00e1 na mesma frequ\u00eancia desse padr\u00e3o , \u201cna mesma  sintonia\u201d, podemos deduzir a for\u00e7a que tem a palavra em nossa vida,principalmente as mais veementes e cheias de emo\u00e7\u00e3o.<!--more--><!--more--><\/p>\n<p>     Portanto, se quisermos para n\u00f3s circunst\u00e2ncias  suaves e agrad\u00e1veis, precisamos \u201cplantar\u201cesse tipo de atitude em nossa personalidade. \u00c9 claro que h\u00e1 situa\u00e7\u00f5es em que a firmeza e at\u00e9 a indigna\u00e7\u00e3o possam ser necess\u00e1rias: mas s\u00e3o situa\u00e7\u00f5es espec\u00edficas que n\u00e3o devem tornar-se rotina, sob pena de entrarmos em um verdadeiro torvelinho emocional.<\/p>\n<p>     Nosso equil\u00edbrio depende de tratarmos cada situa\u00e7\u00e3o conforme ela necessita ser tratada: algumas com esp\u00edrito de compreens\u00e3o, outras com decis\u00e3o, mas sempre, se poss\u00edvel, com suavidade. Isso torna nosso universo interior controlado, sem ser reprimido.<\/p>\n<p>     Um erro comum \u00e9 sermos t\u00e3o condescendentes  em rela\u00e7\u00e3o \u00e0quilo que nos desagrada, \u201cengolirmos\u201d tantas coisas em nome da pseudo-harmonia , (harmonia verdadeira \u00e9 fruto de situa\u00e7\u00f5es justas, de seres auto-educados, onde n\u00e3o h\u00e1 necessidade de repress\u00e3o ) que depois \u201cexplodimos\u201c onde n\u00e3o havia necessidade, apenas por estarmos saturados pelas situa\u00e7\u00f5es anteriores.<\/p>\n<p>     Se agirmos preventivamente, antes de a situa\u00e7\u00e3o chegar a esse ponto, j\u00e1 teremos mostrado nosso desagrado proporcional ao fato, sem exagerarmos. Iremos criando assim circunst\u00e2ncias mais equilibradas, nossos sentimentos s\u00e3o expostos com mais tranquilidade e evitaremos o stress das repress\u00f5es. Pode n\u00e3o ser muito f\u00e1cil no in\u00edcio, mas ir\u00e1 se tornando fonte de sa\u00fade mental e consequentemente f\u00edsica.<\/p>\n<p>     As pessoas \u00e0 nossa volta tamb\u00e9m se sentir\u00e3o mais serenas, porque n\u00e3o perceberam o quanto nos haviam desagradado em ocasi\u00f5es anteriores e se espantam diante de nossas rea\u00e7\u00f5es exageradas quando j\u00e1 estamos saturados. Apesar de termos que enfrentar as rea\u00e7\u00f5es contr\u00e1rias  quando adquirimos o h\u00e1bito de ir nos colocando sem deixar passar o que realmente nos incomoda, com a pr\u00e1tica veremos que estamos evitando as t\u00e3o nocivas explos\u00f5es emocionais. \u00c9 prefer\u00edvel pequenas doses de chatea\u00e7\u00e3o a grandes transtornos emocionais, com suas consequ\u00eancias mais danosas.<\/p>\n<p>     A significa\u00e7\u00e3o da palavra dita \u00e9 muito importante para a estabilidade emocional.<br \/>\n     Palavr\u00f5es, principalmente em excesso, produzem uma nuvem vibrat\u00f3ria condizente com seu significado. O ambiente tamb\u00e9m se impregna com essa densidade, dificultando a conquista da paz interna.<\/p>\n<p>Nossas palavras criam o nosso mundo interior, <em>nosso c\u00e9u ou inferno<\/em>.<\/p>\n<blockquote><p> Stela Vecchi<\/p><\/blockquote>\n<div class=\"jeg_video_container jeg_video_content\"><iframe title=\"Este ritual simples ajuda muito na cura de emo\u00e7\u00f5es negativas\" width=\"500\" height=\"281\" src=\"https:\/\/www.youtube.com\/embed\/yUVYhn0fYC8?feature=oembed\" frameborder=\"0\" allow=\"accelerometer; autoplay; clipboard-write; encrypted-media; gyroscope; picture-in-picture; web-share\" allowfullscreen><\/iframe><\/div>\n<p>INSCREVA-SE em nosso canal no YOUTUBE e receba v\u00eddeos atualizados com dicas e orienta\u00e7\u00f5es:<\/p>\n<p><strong> <a href=\"https:\/\/www.youtube.com\/watch?v=vpM0ZbpTA7s\"target=\"a_blank\"> Inscreva-se Canal Youtube\/Feng Shui L\u00f3gico<\/a><\/strong><\/p>\n<blockquote><p>      As melhores energias v\u00eam do amor pela Vida, pelo nosso planeta, pelo nosso solo, pela nossa gente e por n\u00f3s mesmos. Tudo o mais \u00e9 consequ\u00eancia disso.<\/p><\/blockquote>\n<p><strong> <a href=\"http:\/\/loja.fengshuilogico.com\/index.php\/livro-feng-shui-logico-comprar\/livro-feng-shui-logico.html\"target=\"a_blank\"> Livro Feng Shui L\u00f3gico, Stela Vecchi, \u00cdcone Editora, 2004 &#8211; Compre aqui:<\/a><\/strong><\/p>\n<p><a href=\"https:\/\/fengshuilogico.com\/blog\/wp-content\/uploads\/2009\/05\/feng-shui-logico-stela-vecchi-icone-editora.png\"><img decoding=\"async\" src=\"https:\/\/fengshuilogico.com\/blog\/wp-content\/uploads\/2009\/05\/feng-shui-logico-stela-vecchi-icone-editora-205x300.png\" alt=\"feng-shui-logico-stela-vecchi-icone-editora\" width=\"205\" height=\"300\" class=\"aligncenter size-medium wp-image-7586\" srcset=\"https:\/\/fengshuilogico.com\/blog\/wp-content\/uploads\/2009\/05\/feng-shui-logico-stela-vecchi-icone-editora-205x300.png 205w, https:\/\/fengshuilogico.com\/blog\/wp-content\/uploads\/2009\/05\/feng-shui-logico-stela-vecchi-icone-editora.png 343w\" sizes=\"(max-width: 205px) 100vw, 205px\" \/><\/a><\/p>\n<p><strong> <a href=\"https:\/\/fengshuilogico.com\/blog\/2012\/10\/02\/como-nasceu-o-feng-shui-logico-e-a-adaptacao-do-ba-gua-para-o-hemisferio-sul\/\"target=\"a_blank\"> A hist\u00f3ria do Feng Shui L\u00f3gico: como nasceu a adapta\u00e7\u00e3o do Ba-gu\u00e1 para o Hemisf\u00e9rio Sul?<\/a><\/strong><\/p>\n<blockquote><p>Loja Feng Shui L\u00f3gico &#8211; M\u00e9todo Solar das Quatro Esta\u00e7\u00f5es MSQE:<br \/>\nBolas de cristal facetado com o cord\u00e3o vermelho; ba-gu\u00e1s (exclusivo) para o Hemisf\u00e9rio Sul; livros e apostilas de Feng Shui L\u00f3gico e mais:<\/p><\/blockquote>\n<p><strong> <a href=\"http:\/\/loja.fengshuilogico.com\/\"target=\"_blank\"> Loja Feng Shui L\u00f3gico <\/strong><\/a><br \/>\n<strong>Confira o Programa do Curso B\u00e1sico em nosso Website:<\/strong><br \/>\n<strong><a href=\"https:\/\/loja.fengshuilogico.com\/curso-basico-feng-shui-logico-online-completo-com-video-chamada-p154\"target=\"_blank\">Programa Curso B\u00e1sico de Feng Shui L\u00f3gico<\/a><\/strong><br \/>\nParticipe dos cursos ministrados por Stela Vecchi:<br \/>\n<strong>Feng Shui L\u00f3gico: Curso B\u00e1sico, Avan\u00e7ado e Profissionalizante<\/strong><br \/>\nNos cursos de Feng Shui L\u00f3gico voc\u00ea recebe informa\u00e7\u00f5es que ser\u00e3o \u00fateis para toda sua vida!<\/p>\n<p><strong>Visite tamb\u00e9m o site: <a href=\"http:\/\/www.fengshuilogico.com\" target=\"_blank\">www.fengshuilogico.com<\/a><\/strong><\/p>\n","protected":false},"excerpt":{"rendered":"<p>As palavras s\u00e3o a materializa\u00e7\u00e3o do pensamento. E t\u00eam muita import\u00e2ncia em nossa sa\u00fade. O que faz a conviv\u00eancia gratificante \u00e9 a conversa\u00e7\u00e3o agrad\u00e1vel, f\u00e1cil, onde podemos entender e sermos entendidos. O tempo entre ouvir e falar \u00e9 preenchido pelo doce sil\u00eancio, onde absorvemos o que ouvimos. A energia dessa compreens\u00e3o preenche e nutre nosso [&hellip;]<\/p>\n","protected":false},"author":6,"featured_media":11324,"comment_status":"open","ping_status":"open","sticky":false,"template":"","format":"standard","meta":{"footnotes":""},"categories":[7],"tags":[722],"_links":{"self":[{"href":"https:\/\/fengshuilogico.com\/blog\/wp-json\/wp\/v2\/posts\/206"}],"collection":[{"href":"https:\/\/fengshuilogico.com\/blog\/wp-json\/wp\/v2\/posts"}],"about":[{"href":"https:\/\/fengshuilogico.com\/blog\/wp-json\/wp\/v2\/types\/post"}],"author":[{"embeddable":true,"href":"https:\/\/fengshuilogico.com\/blog\/wp-json\/wp\/v2\/users\/6"}],"replies":[{"embeddable":true,"href":"https:\/\/fengshuilogico.com\/blog\/wp-json\/wp\/v2\/comments?post=206"}],"version-history":[{"count":0,"href":"https:\/\/fengshuilogico.com\/blog\/wp-json\/wp\/v2\/posts\/206\/revisions"}],"wp:featuredmedia":[{"embeddable":true,"href":"https:\/\/fengshuilogico.com\/blog\/wp-json\/wp\/v2\/media\/11324"}],"wp:attachment":[{"href":"https:\/\/fengshuilogico.com\/blog\/wp-json\/wp\/v2\/media?parent=206"}],"wp:term":[{"taxonomy":"category","embeddable":true,"href":"https:\/\/fengshuilogico.com\/blog\/wp-json\/wp\/v2\/categories?post=206"},{"taxonomy":"post_tag","embeddable":true,"href":"https:\/\/fengshuilogico.com\/blog\/wp-json\/wp\/v2\/tags?post=206"}],"curies":[{"name":"wp","href":"https:\/\/api.w.org\/{rel}","templated":true}]}}