{"id":20367,"date":"2021-05-30T20:19:17","date_gmt":"2021-05-30T23:19:17","guid":{"rendered":"https:\/\/fengshuilogico.com\/blog\/?p=20367"},"modified":"2024-07-28T00:47:00","modified_gmt":"2024-07-28T03:47:00","slug":"prof-jun-okamoto-mestre-em-arquitetura-e-urbanismo-sobre-o-feng-shui-logico","status":"publish","type":"post","link":"https:\/\/fengshuilogico.com\/blog\/2021\/05\/30\/prof-jun-okamoto-mestre-em-arquitetura-e-urbanismo-sobre-o-feng-shui-logico\/","title":{"rendered":"Prof. Jun Okamoto, Mestre em Arquitetura e Urbanismo sobre o Feng Shui L\u00f3gico"},"content":{"rendered":"\r\n<p>Coment\u00e1rio do\u00a0<em><strong>Prof. Jun Okamoto<\/strong>\u00a0(Mestre em Arquitetura e Urbanismo pela Universidade Presbiteriana Mackenzie. Mestre em Feng Shui<\/em>)<em>\u00a0sobre o livro\u00a0<\/em><strong><em>Feng Shui L\u00f3gico:<\/em><\/strong><br \/><br \/>Sobre o Livro <em>Feng Shui L\u00f3gico<\/em>, por Stela Vecchi<br \/><br \/>Durante minhas pesquisas para a elabora\u00e7\u00e3o do Livro <em>Feng Shui L\u00f3gico<\/em>, li o livro <em>Percep\u00e7\u00e3o Ambiental e Comportamento, do Prof. Jun Okamoto, Mestre em Arquitetura e Urbanismo.<\/em> <br \/>Foi t\u00e3o importante para a forma\u00e7\u00e3o de minha vis\u00e3o que o cito em v\u00e1rias partes do <em>Feng Shui L\u00f3gico<\/em>. Por\u00e9m, eu queria conversar com ele e expor meus estudos sobre o Feng Shui e o Bagu\u00e1. <br \/>A sincronia fez com que eu conhecesse uma ex-aluna dele, a <em>Dra. M\u00e1rcia<\/em>, que me deu seu telefone. Fui visit\u00e1-lo, quando conheci tamb\u00e9m sua esposa, <em>Idalina<\/em>, muito simp\u00e1tica. <br \/>Para sua aprecia\u00e7\u00e3o, lhe ofertei o livro Feng Shui L\u00f3gico, rec\u00e9m publicado. Depois de um tempo, recebi dele esse e-mail, datado de novembro de 2004.<br \/>E fiquei imensamente feliz pela sua aprova\u00e7\u00e3o, uma grande honra para mim.<br \/><br \/><br \/><\/p>\r\n\r\n\r\n\r\n<div class=\"wp-block-image\">\r\n<figure class=\"aligncenter size-large is-resized\"><a href=\"https:\/\/fengshuilogico.com\/blog\/wp-content\/uploads\/2009\/04\/Feng-Shui-L\u00f3gico.jpg\"><img fetchpriority=\"high\" decoding=\"async\" class=\"wp-image-15956\" src=\"https:\/\/fengshuilogico.com\/blog\/wp-content\/uploads\/2009\/04\/Feng-Shui-L\u00f3gico.jpg\" alt=\"\" width=\"204\" height=\"282\" srcset=\"https:\/\/fengshuilogico.com\/blog\/wp-content\/uploads\/2009\/04\/Feng-Shui-L\u00f3gico.jpg 347w, https:\/\/fengshuilogico.com\/blog\/wp-content\/uploads\/2009\/04\/Feng-Shui-L\u00f3gico-217x300.jpg 217w\" sizes=\"(max-width: 204px) 100vw, 204px\" \/><\/a><\/figure>\r\n<\/div>\r\n\r\n\r\n\r\n<p>Coment\u00e1rio do\u00a0<em><strong>Prof. Jun Okamoto<\/strong> (Mestre em Arquitetura e Urbanismo pela Universidade Presbiteriana Mackenzie. Mestre em Feng Shui<\/em>)<em> sobre o livro <\/em><strong><em>Feng Shui L\u00f3gico:<\/em><br \/><\/strong><br \/><em>Apreciamos imensamente sua visita e gostar\u00edamos que voltasse sempre que puder para nos contar sobre o resultado de\u00a0\u00a0seu empenho na divulga\u00e7\u00e3o de sua obra, obra esta ali\u00e1s um belo trabalho de pesquisa com contribui\u00e7\u00e3o merit\u00f3ria na aplica\u00e7\u00e3o e ajuste do bagu\u00e1 para o hemisf\u00e9rio sul.<\/em><br \/><em>Quanto ao seu texto, ele est\u00e1 bem claro e merece\u00a0todo apoio dos ve\u00edculos de divulga\u00e7\u00e3o.<\/em><br \/><em>Parab\u00e9ns pelo lindo site do <\/em><a href=\"http:\/\/www.fengshuilogico.com.o\"><em>www.fengshuilogico.com<\/em><\/a><em> qual\u00a0apreciei muit\u00edssimo.<\/em><br \/><em>Nos meus pr\u00f3ximos cursos vou apresentar aos alunos o\u00a0seu livro, com adequa\u00e7\u00e3o solar e trigramas adaptados ao nosso hemisf\u00e9rio.<\/em><\/p>\r\n\r\n\r\n\r\n<p class=\"has-text-align-center\"><em>Que tenha sucesso!!<\/em><\/p>\r\n\r\n\r\n\r\n<p class=\"has-text-align-center\"><em>Aceite um grande abra\u00e7o da Idalina e meu.<\/em><\/p>\r\n\r\n\r\n\r\n<p class=\"has-text-align-center\"><em><strong>Jun Okamoto\u00a0\u00a0<\/strong><\/em><br \/><br \/><\/p>\r\n\r\n\r\n\r\n<div class=\"wp-block-image\">\r\n<figure class=\"aligncenter size-large\"><a href=\"https:\/\/fengshuilogico.com\/blog\/wp-content\/uploads\/2021\/05\/percepcao_ambiental_e_comportamento__visao_holistica_da_percepcao_ambiental_na_arquitetura_e_na_comu-21908.jpg\"><img decoding=\"async\" width=\"253\" height=\"390\" class=\"wp-image-20370\" src=\"https:\/\/fengshuilogico.com\/blog\/wp-content\/uploads\/2021\/05\/percepcao_ambiental_e_comportamento__visao_holistica_da_percepcao_ambiental_na_arquitetura_e_na_comu-21908.jpg\" alt=\"\" srcset=\"https:\/\/fengshuilogico.com\/blog\/wp-content\/uploads\/2021\/05\/percepcao_ambiental_e_comportamento__visao_holistica_da_percepcao_ambiental_na_arquitetura_e_na_comu-21908.jpg 253w, https:\/\/fengshuilogico.com\/blog\/wp-content\/uploads\/2021\/05\/percepcao_ambiental_e_comportamento__visao_holistica_da_percepcao_ambiental_na_arquitetura_e_na_comu-21908-195x300.jpg 195w\" sizes=\"(max-width: 253px) 100vw, 253px\" \/><\/a><\/figure>\r\n<\/div>\r\n\r\n\r\n\r\n<p><em>\u00a0\u00a0\u00a0\u00a0\u00a0\u00a0\u00a0\u00a0\u00a0\u00a0\u00a0\u00a0\u00a0\u00a0\u00a0\u00a0\u00a0\u00a0\u00a0\u00a0\u00a0\u00a0\u00a0\u00a0\u00a0\u00a0\u00a0\u00a0 \u00a0\u00a0<\/em><\/p>\r\n<p>Aprenda Feng Shui L\u00f3gico &#8211; M\u00e9todo Solar, com Stela Vecchi, que traz tantos benef\u00edcios e renova sua vida junto com os ciclos da natureza.<\/p>\r\n<p>Fa\u00e7a o Feng Shui L\u00f3gico em sua casa e sinta a harmonia de estar em sintonia com a M\u00e3e Natureza!<br \/>Essa t\u00e9cnica denominada Feng Shui L\u00f3gico criou o M\u00e9todo Solar e est\u00e1 explicada no livro Feng Shui L\u00f3gico, Stela Vecchi, \u00cdcone Editora, SP, 2004.<\/p>\r\n<p><a href=\"https:\/\/loja.fengshuilogico.com\/\" target=\"_blank\" rel=\"noopener\"><img decoding=\"async\" class=\"aligncenter size-medium wp-image-25222\" src=\"https:\/\/fengshuilogico.com\/blog\/wp-content\/uploads\/2009\/12\/CapaFSL_Icone_Editora-2-214x300.jpg\" alt=\"\" width=\"214\" height=\"300\" srcset=\"https:\/\/fengshuilogico.com\/blog\/wp-content\/uploads\/2009\/12\/CapaFSL_Icone_Editora-2-214x300.jpg 214w, https:\/\/fengshuilogico.com\/blog\/wp-content\/uploads\/2009\/12\/CapaFSL_Icone_Editora-2.jpg 341w\" sizes=\"(max-width: 214px) 100vw, 214px\" \/><br \/><strong>Acesse nossos servi\u00e7os:<\/strong><\/a><\/p>\r\n<p><strong><a href=\"https:\/\/linktr.ee\/fengshuilogico?utm_source=linktree_profile_share\" target=\"_blank\" rel=\"noopener\">Instagram &#8211; Linktr.ee Fengshuilogico<\/a><\/strong><\/p>\r\n<p>&nbsp;<\/p>\r\n","protected":false},"excerpt":{"rendered":"<p>Coment\u00e1rio do\u00a0Prof. Jun Okamoto\u00a0(Mestre em Arquitetura e Urbanismo pela Universidade Presbiteriana Mackenzie. Mestre em Feng Shui)\u00a0sobre o livro\u00a0Feng Shui L\u00f3gico: Sobre o Livro Feng Shui L\u00f3gico, por Stela Vecchi Durante minhas pesquisas para a elabora\u00e7\u00e3o do Livro Feng Shui L\u00f3gico, li o livro Percep\u00e7\u00e3o Ambiental e Comportamento, do Prof. Jun Okamoto, Mestre em Arquitetura e [&hellip;]<\/p>\n","protected":false},"author":6,"featured_media":10328,"comment_status":"open","ping_status":"open","sticky":false,"template":"","format":"standard","meta":{"footnotes":""},"categories":[2447],"tags":[2462],"_links":{"self":[{"href":"https:\/\/fengshuilogico.com\/blog\/wp-json\/wp\/v2\/posts\/20367"}],"collection":[{"href":"https:\/\/fengshuilogico.com\/blog\/wp-json\/wp\/v2\/posts"}],"about":[{"href":"https:\/\/fengshuilogico.com\/blog\/wp-json\/wp\/v2\/types\/post"}],"author":[{"embeddable":true,"href":"https:\/\/fengshuilogico.com\/blog\/wp-json\/wp\/v2\/users\/6"}],"replies":[{"embeddable":true,"href":"https:\/\/fengshuilogico.com\/blog\/wp-json\/wp\/v2\/comments?post=20367"}],"version-history":[{"count":5,"href":"https:\/\/fengshuilogico.com\/blog\/wp-json\/wp\/v2\/posts\/20367\/revisions"}],"predecessor-version":[{"id":27337,"href":"https:\/\/fengshuilogico.com\/blog\/wp-json\/wp\/v2\/posts\/20367\/revisions\/27337"}],"wp:featuredmedia":[{"embeddable":true,"href":"https:\/\/fengshuilogico.com\/blog\/wp-json\/wp\/v2\/media\/10328"}],"wp:attachment":[{"href":"https:\/\/fengshuilogico.com\/blog\/wp-json\/wp\/v2\/media?parent=20367"}],"wp:term":[{"taxonomy":"category","embeddable":true,"href":"https:\/\/fengshuilogico.com\/blog\/wp-json\/wp\/v2\/categories?post=20367"},{"taxonomy":"post_tag","embeddable":true,"href":"https:\/\/fengshuilogico.com\/blog\/wp-json\/wp\/v2\/tags?post=20367"}],"curies":[{"name":"wp","href":"https:\/\/api.w.org\/{rel}","templated":true}]}}