{"id":196,"date":"2008-12-26T02:48:34","date_gmt":"2008-12-26T04:48:34","guid":{"rendered":"https:\/\/fengshuilogico.com\/blog\/2008\/12\/26\/o-amor-e-um-so-porem-possui-muitas-faces\/"},"modified":"2016-07-12T11:22:03","modified_gmt":"2016-07-12T14:22:03","slug":"os-pilares-da-felicidade","status":"publish","type":"post","link":"https:\/\/fengshuilogico.com\/blog\/2008\/12\/26\/os-pilares-da-felicidade\/","title":{"rendered":"Os pilares da Felicidade"},"content":{"rendered":"<p>Amor pela Vida que nos mant\u00e9m e por seu Criador, amor saud\u00e1vel por si mesmo, amor pela terra que nos acolhe, amor pela humanidade<!--more--><!--more--><\/p>\n<p><strong>Amor pela Vida que nos mant\u00e9m e por seu Criador<\/strong><br \/>\nCom todo nosso entendimento, de todo o nosso cora\u00e7\u00e3o e com todas as nossas for\u00e7as esse amor \u00e9 a justi\u00e7a exigida perante tudo que a Vida nos d\u00e1: os dias e as noites; o ar que respiramos; o calor do Sol e do fogo; a \u00e1gua cristalina; o ch\u00e3o de terra do planeta Terra com suas rochas; o oceano com seus segredos; os luminares do C\u00e9u e as estrelas-guia; os animais e a beleza das aves, que nos alegram com seus cantos; as benesses do reino vegetal com seus frutos saborosos e a alegria do cora\u00e7\u00e3o que tudo isso alimenta continuamente. Tamb\u00e9m o estudo dos s\u00edmbolos, alimento constante de nossa intelig\u00eancia e a conseq\u00fcente del\u00edcia que suas revela\u00e7\u00f5es nos trazem.<br \/>\nPor tudo isso, reverenciemos de acordo com nosso entendimento pessoal a esse espet\u00e1culo com toda nossa capacidade, revelando nossa gratid\u00e3o.<\/p>\n<p><strong>Amor saud\u00e1vel por n\u00f3s mesmos<\/strong> atrav\u00e9s da bondade conosco, sendo nossos maiores amigos e suprindo as necessidades de nosso corpo, mente, emo\u00e7\u00f5es e esp\u00edrito:<br \/>\ncomo cada ser humano \u00e9 \u00fanico, s\u00f3 o autoconhecimento pode nos fornecer essas informa\u00e7\u00f5es.<\/p>\n<p>Cultivando o respeito que temos por n\u00f3s em rela\u00e7\u00e3o \u00e0s pessoas de nossas rela\u00e7\u00f5es.<\/p>\n<p>Essas atitudes  nos libertam e sabemos que sem liberdade, n\u00e3o podemos atingir a dignidade para a qual fomos chamados.<br \/>\nLivre \u00e9 aquele que pode tudo sobre si mesmo, na humildade diante do mist\u00e9rio maior, que \u00e9 o Deus de nossos cora\u00e7\u00f5es e seu projeto a nosso respeito.<br \/>\nPensar assim faz com que n\u00e3o julguemos nem a n\u00f3s mesmos, base para n\u00e3o julgarmos nem condenarmos nosso pr\u00f3ximo, condi\u00e7\u00e3o imprescind\u00edvel para vivermos na paz interior.<\/p>\n<p>Com a paz interior surge o discernimento que nos mostra que muitas vezes os nossos inimigos podem ser os de nossa pr\u00f3pria casa. S\u00e3o as pessoas com quem convivemos que podem restringir nossa liberdade de ser o que somos em ess\u00eancia com suas cr\u00edticas, com seu apego que chamam impropriamente de amor, com suas exig\u00eancias. Como dissemos, n\u00e3o h\u00e1 duas pessoas iguais, o que serve para um pode muitas vezes n\u00e3o servir para outro, portanto o respeito \u00e0s diferen\u00e7as, na paz, \u00e9 que constr\u00f3i n\u00facleos sadios familiares. O fil\u00f3sofo brasileiro Huberto Rodhen ensinava que  n\u00e3o dever\u00edamos nunca permitir que nossa felicidade dependesse <em>de nada nem de ningu\u00e9m<\/em>: essa \u00e9 a verdadeira liberdade.<br \/>\nQuando fazemos o melhor que podemos para contribuir para a paz, percebemos que h\u00e1 pessoas que fazem justamente o contr\u00e1rio: criam problemas onde n\u00e3o existem. Quem sabe mais precisa agir com mais sabedoria. Colocar limites, no amor, isto \u00e9, sem raiva, come\u00e7a a colocar a vida em fam\u00edlia nos eixos ben\u00e9ficos. E as fam\u00edlias deveriam ter como fun\u00e7\u00e3o maior ser o apoio para o encontro com nossa verdadeira ess\u00eancia.<\/p>\n<p>Quando estamos nesse bom senso, a sensa\u00e7\u00e3o de que tudo est\u00e1 bem \u00e9 forte, serena. \u00c9 a paz viva, din\u00e2mica, cheia de energia e disposi\u00e7\u00e3o que temos dentro de n\u00f3s: \u00e9 o c\u00e9u dentro de n\u00f3s.<\/p>\n<p><strong>Em rela\u00e7\u00e3o \u00e0 sociedade,<\/strong> a exig\u00eancia amorosa \u00e9 mais saborosa: compreender qual nosso grau de percep\u00e7\u00e3o e nossa miss\u00e3o, isto \u00e9, nossa capacidade em agir para auxiliar na evolu\u00e7\u00e3o desta sociedade, de acordo com nosso mister. O prazer de contribuir para o bem social \u00e9 muito grande, mas essas pessoas precisam viver condignamente sua vida material, sen\u00e3o n\u00e3o estariam sendo justas em rela\u00e7\u00e3o \u00e0s exig\u00eancias com seu corpo, instrumento para realizar esse bem.<br \/>\nEnt\u00e3o, surge a responsabilidade pol\u00edtica: auxiliar os membros da sociedade que t\u00eam a voca\u00e7\u00e3o de trabalhar em prol dela fornecendo meios dignos de subsist\u00eancia para que possam dedicar-se a esse trabalho sem preocupa\u00e7\u00f5es materiais.<br \/>\nJusti\u00e7a Social come\u00e7a por a\u00ed: pagar com o dinheiro arrecadado do pr\u00f3prio povo pessoas que auxiliem de fato a popula\u00e7\u00e3o: os benfeitores sociais.<br \/>\nOs m\u00e9dicos e os professores s\u00e3o as meninas dos olhos de uma sociedade sadia, que conhece o bem que eles fazem atrav\u00e9s de suas voca\u00e7\u00f5es bem exercidas.E d\u00e1 condi\u00e7\u00f5es para que eles possam exercer suas voca\u00e7\u00f5es com compet\u00eancia.<br \/>\nEssa na\u00e7\u00e3o contribui para que o planeta atinja n\u00edveis cada vez mais perfeitos nas solu\u00e7\u00f5es dos problemas que surgem, criando e mantendo de fato dias cada vez mais felizes para a humanidade.<\/p>\n<p>Assim vemos como a a\u00e7\u00e3o do micro, <em>a pessoa<\/em>, influencia no todo, <em>o macro<\/em>. Ou ainda, a responsabilidade de cada um de n\u00f3s na cria\u00e7\u00e3o de uma sociedade mais perfeita, no verdadeiro amor.<\/p>\n<p>Viver deveria ser sin\u00f4nimo de criar uma realidade cheia de harmonia.<br \/>\nA verdadeira gra\u00e7a da vida est\u00e1 a\u00ed.<\/p>\n<p><strong>Todo o Universo estar\u00e1 aberto para as pesquisas de sua alma quando o amor-sabedoria for a luz que ilumina o seu caminho. <\/strong><\/p>\n<p>INSCREVA-SE em nosso canal no YOUTUBE e receba v\u00eddeos atualizados com dicas e orienta\u00e7\u00f5es:<\/p>\n<p><strong> <a href=\"https:\/\/www.youtube.com\/watch?v=vpM0ZbpTA7s\"target=\"a_blank\"> Inscreva-se Canal Youtube\/Feng Shui L\u00f3gico<\/a><\/strong><\/p>\n<blockquote><p>      As melhores energias v\u00eam do amor pela Vida, pelo nosso planeta, pelo nosso solo, pela nossa gente e por n\u00f3s mesmos. Tudo o mais \u00e9 consequ\u00eancia disso.<\/p><\/blockquote>\n<p><strong> <a href=\"http:\/\/loja.fengshuilogico.com\/index.php\/livro-feng-shui-logico-comprar\/livro-feng-shui-logico.html\"target=\"a_blank\"> Livro Feng Shui L\u00f3gico, Stela Vecchi, \u00cdcone Editora, 2004 &#8211; Compre aqui:<\/a><\/strong><\/p>\n<p><a href=\"https:\/\/fengshuilogico.com\/blog\/wp-content\/uploads\/2009\/05\/feng-shui-logico-stela-vecchi-icone-editora.png\"><img fetchpriority=\"high\" decoding=\"async\" src=\"https:\/\/fengshuilogico.com\/blog\/wp-content\/uploads\/2009\/05\/feng-shui-logico-stela-vecchi-icone-editora-205x300.png\" alt=\"feng-shui-logico-stela-vecchi-icone-editora\" width=\"205\" height=\"300\" class=\"aligncenter size-medium wp-image-7586\" srcset=\"https:\/\/fengshuilogico.com\/blog\/wp-content\/uploads\/2009\/05\/feng-shui-logico-stela-vecchi-icone-editora-205x300.png 205w, https:\/\/fengshuilogico.com\/blog\/wp-content\/uploads\/2009\/05\/feng-shui-logico-stela-vecchi-icone-editora.png 343w\" sizes=\"(max-width: 205px) 100vw, 205px\" \/><\/a><\/p>\n<p><strong> <a href=\"https:\/\/fengshuilogico.com\/blog\/2012\/10\/02\/como-nasceu-o-feng-shui-logico-e-a-adaptacao-do-ba-gua-para-o-hemisferio-sul\/\"target=\"a_blank\"> A hist\u00f3ria do Feng Shui L\u00f3gico: como nasceu a adapta\u00e7\u00e3o do Ba-gu\u00e1 para o Hemisf\u00e9rio Sul?<\/a><\/strong><\/p>\n<blockquote><p>Loja Feng Shui L\u00f3gico &#8211; M\u00e9todo Solar das Quatro Esta\u00e7\u00f5es MSQE:<br \/>\nBolas de cristal facetado com o cord\u00e3o vermelho; ba-gu\u00e1s (exclusivo) para o Hemisf\u00e9rio Sul; livros e apostilas de Feng Shui L\u00f3gico e mais:<\/p><\/blockquote>\n<p><strong> <a href=\"http:\/\/loja.fengshuilogico.com\/\"target=\"_blank\"> Loja Feng Shui L\u00f3gico <\/strong><\/a><br \/>\n<strong>Confira o Programa do Curso B\u00e1sico em nosso Website:<\/strong><br \/>\n<strong><a href=\"https:\/\/loja.fengshuilogico.com\/curso-basico-feng-shui-logico-online-completo-com-video-chamada-p154\"target=\"_blank\">Programa Curso B\u00e1sico de Feng Shui L\u00f3gico<\/a><\/strong><br \/>\nParticipe dos cursos ministrados por Stela Vecchi:<br \/>\n<strong>Feng Shui L\u00f3gico: Curso B\u00e1sico, Avan\u00e7ado e Profissionalizante<\/strong><br \/>\nNos cursos de Feng Shui L\u00f3gico voc\u00ea recebe informa\u00e7\u00f5es que ser\u00e3o \u00fateis para toda sua vida!<\/p>\n<p><strong>Visite tamb\u00e9m o site: <a href=\"http:\/\/www.fengshuilogico.com\" target=\"_blank\">www.fengshuilogico.com<\/a><\/strong><\/p>\n","protected":false},"excerpt":{"rendered":"<p>Amor pela Vida que nos mant\u00e9m e por seu Criador, amor saud\u00e1vel por si mesmo, amor pela terra que nos acolhe, amor pela humanidade<\/p>\n","protected":false},"author":6,"featured_media":0,"comment_status":"open","ping_status":"open","sticky":false,"template":"","format":"standard","meta":{"footnotes":""},"categories":[33],"tags":[915],"_links":{"self":[{"href":"https:\/\/fengshuilogico.com\/blog\/wp-json\/wp\/v2\/posts\/196"}],"collection":[{"href":"https:\/\/fengshuilogico.com\/blog\/wp-json\/wp\/v2\/posts"}],"about":[{"href":"https:\/\/fengshuilogico.com\/blog\/wp-json\/wp\/v2\/types\/post"}],"author":[{"embeddable":true,"href":"https:\/\/fengshuilogico.com\/blog\/wp-json\/wp\/v2\/users\/6"}],"replies":[{"embeddable":true,"href":"https:\/\/fengshuilogico.com\/blog\/wp-json\/wp\/v2\/comments?post=196"}],"version-history":[{"count":0,"href":"https:\/\/fengshuilogico.com\/blog\/wp-json\/wp\/v2\/posts\/196\/revisions"}],"wp:attachment":[{"href":"https:\/\/fengshuilogico.com\/blog\/wp-json\/wp\/v2\/media?parent=196"}],"wp:term":[{"taxonomy":"category","embeddable":true,"href":"https:\/\/fengshuilogico.com\/blog\/wp-json\/wp\/v2\/categories?post=196"},{"taxonomy":"post_tag","embeddable":true,"href":"https:\/\/fengshuilogico.com\/blog\/wp-json\/wp\/v2\/tags?post=196"}],"curies":[{"name":"wp","href":"https:\/\/api.w.org\/{rel}","templated":true}]}}