{"id":19008,"date":"2020-10-17T13:53:42","date_gmt":"2020-10-17T16:53:42","guid":{"rendered":"https:\/\/fengshuilogico.com\/blog\/?p=19008"},"modified":"2020-10-17T14:05:07","modified_gmt":"2020-10-17T17:05:07","slug":"licoes-de-2020","status":"publish","type":"post","link":"https:\/\/fengshuilogico.com\/blog\/2020\/10\/17\/licoes-de-2020\/","title":{"rendered":"Li\u00e7\u00f5es de 2020   #1"},"content":{"rendered":"\n<p>2020 nos trouxe a Nova Ordem.<br>E n\u00f3s, como se nada estivesse acontecendo, fomos nos acostumando \u00e0 nova realidade.<\/p>\n\n\n\n<p>Por\u00e9m, a desconstru\u00e7\u00e3o das antigas bases j\u00e1 se iniciaram e as Li\u00e7\u00f5es de 2020 j\u00e1 se fazem notar:<\/p>\n\n\n\n<h1 class=\"wp-block-heading\">#1 Reter \u00e9 perecer<\/h1>\n\n\n\n<p>Deixe ir serenamente tudo e todos que n\u00e3o quiseram naturalmente fazer parte de sua vida.<br>Na Nova Ordem, s\u00f3 fica o que flui sem esfor\u00e7o.<br>A vida interior ganha for\u00e7a, nosso centro se fortalece. A vida que nos habita se expande.<br>Sua luz cresce.<\/p>\n\n\n\n<p>Assim, nosso ser vai encontrando de forma natural e sem for\u00e7ar o que pertence \u00e0 nossa egr\u00e9gora.<br>O que nos corresponde.<\/p>\n\n\n\n<p>\u00c9 o tempo do Ser em Harmonia com tudo que te envolve.<br><br><\/p>\n\n\n\n<p>Energia nociva se combate com energia positiva.<br><br><br><br><\/p>\n\n\n\n<figure class=\"wp-block-image size-large\"><img fetchpriority=\"high\" decoding=\"async\" width=\"1024\" height=\"576\" src=\"https:\/\/fengshuilogico.com\/blog\/wp-content\/uploads\/2012\/12\/Face_educa\u00e7ao-1024x576.jpg\" alt=\"\" class=\"wp-image-9562\" srcset=\"https:\/\/fengshuilogico.com\/blog\/wp-content\/uploads\/2012\/12\/Face_educa\u00e7ao-1024x576.jpg 1024w, https:\/\/fengshuilogico.com\/blog\/wp-content\/uploads\/2012\/12\/Face_educa\u00e7ao-300x169.jpg 300w, https:\/\/fengshuilogico.com\/blog\/wp-content\/uploads\/2012\/12\/Face_educa\u00e7ao.jpg 1280w\" sizes=\"(max-width: 1024px) 100vw, 1024px\" \/><\/figure>\n\n\n\n<p><strong>A Nova Ordem \u00e9 um chamado \u00e0 uni\u00e3o assim como uma mensagem clara em favor de uma harmonia, individual e coletiva, com as leis do universo, do mundo e da vida.<\/strong><br><\/p>\n\n\n\n<p><em>A t\u00e9cnica Feng Shui L\u00f3gico descrita no livro Feng Shui L\u00f3gico, Stela Vecchi, \u00cdcone Editora, SP, 2004, fornece as bases para colocarmos nossa vida em harmonia com o Sol e seus ciclos, com a Natureza.<br>Favorece o despertar de nossa b\u00fassola interior e nos coloca em sintonia com as for\u00e7as que regem e sustentam nossas vidas:<\/em><\/p>\n\n\n\n<p>Precisamos compreender que \u00e9 o Sol que ilumina a Terra e nos colocar em harmonia com sua LUZ.<\/p>\n\n\n\n<p><strong>O poder do Sol para harmonizar sua vida<\/strong><\/p>\n\n\n\n<p>Por uns instantes, pare e pense no poder imensur\u00e1vel do Sol, maestro da orquestra da Vida para o planeta Terra.<br>Conhecer seus ritmos \u00e9 harmonizar-se com a criatura que nos traz a preciosa Luz.<br>Agora, multiplique ao Infinito: esse \u00e9 o poder da Vida, que tem suas pr\u00f3prias leis.<br>Aprender a fluir com a VIDA: esse \u00e9 o trabalho daquele (a) que v\u00ea.<\/p>\n\n\n\n<p>&#8220;Louvado sejas, meu Senhor, com todas as suas criaturas,<br>Especialmente o Maestro da Vida, o Sol, nosso irm\u00e3o,<br>Que nos traz o dia, com sua Luz!<br>Ele \u00e9 belo e radiante e tem grande esplendor:<br>\u00c9 o mais perfeito s\u00edmbolo de Ti, Sublime Senhor!&#8221;<br>S\u00e3o Francisco de Assis<br><br><br><br><\/p>\n\n\n\n<figure class=\"wp-block-embed-wordpress wp-block-embed is-type-wp-embed is-provider-feng-shui-logico-metodo-solar-stela-vecchi\"><div class=\"wp-block-embed__wrapper\">\n<blockquote class=\"wp-embedded-content\" data-secret=\"xH8k1d1P9M\"><a href=\"https:\/\/fengshuilogico.com\/blog\/2012\/02\/25\/o-sol-e-voce-em-sua-casa-va-ate-o-centro-de-sua-residencia-aponte-seu-braco-direito-para-o-lado-que-o-sol-nasce\/\">O Sol e voc\u00ea em sua casa &#8211; V\u00e1 at\u00e9 o centro de sua resid\u00eancia. Aponte seu bra\u00e7o direito para o lado que o Sol nasce.<\/a><\/blockquote><iframe class=\"wp-embedded-content\" sandbox=\"allow-scripts\" security=\"restricted\" style=\"position: absolute; clip: rect(1px, 1px, 1px, 1px);\" title=\"&#8220;O Sol e voc\u00ea em sua casa &#8211; V\u00e1 at\u00e9 o centro de sua resid\u00eancia. Aponte seu bra\u00e7o direito para o lado que o Sol nasce.&#8221; &#8212; Feng Shui L\u00f3gico - M\u00e9todo Solar Stela Vecchi\" src=\"https:\/\/fengshuilogico.com\/blog\/2012\/02\/25\/o-sol-e-voce-em-sua-casa-va-ate-o-centro-de-sua-residencia-aponte-seu-braco-direito-para-o-lado-que-o-sol-nasce\/embed\/#?secret=c4DEgQ4shI#?secret=xH8k1d1P9M\" data-secret=\"xH8k1d1P9M\" width=\"500\" height=\"282\" frameborder=\"0\" marginwidth=\"0\" marginheight=\"0\" scrolling=\"no\"><\/iframe>\n<\/div><\/figure>\n\n\n\n<figure class=\"wp-block-embed-wordpress wp-block-embed is-type-wp-embed is-provider-feng-shui-logico-metodo-solar-stela-vecchi\"><div class=\"wp-block-embed__wrapper\">\n<blockquote class=\"wp-embedded-content\" data-secret=\"axucVcitLH\"><a href=\"https:\/\/fengshuilogico.com\/blog\/2020\/10\/14\/a-luz-do-sol-em-sua-casa-e-sua-saude\/\">A Luz do Sol em sua casa e sua sa\u00fade<\/a><\/blockquote><iframe class=\"wp-embedded-content\" sandbox=\"allow-scripts\" security=\"restricted\" style=\"position: absolute; clip: rect(1px, 1px, 1px, 1px);\" title=\"&#8220;A Luz do Sol em sua casa e sua sa\u00fade&#8221; &#8212; Feng Shui L\u00f3gico - M\u00e9todo Solar Stela Vecchi\" src=\"https:\/\/fengshuilogico.com\/blog\/2020\/10\/14\/a-luz-do-sol-em-sua-casa-e-sua-saude\/embed\/#?secret=dgQANcW6sg#?secret=axucVcitLH\" data-secret=\"axucVcitLH\" width=\"500\" height=\"282\" frameborder=\"0\" marginwidth=\"0\" marginheight=\"0\" scrolling=\"no\"><\/iframe>\n<\/div><\/figure>\n","protected":false},"excerpt":{"rendered":"<p>2020 nos trouxe a Nova Ordem.E n\u00f3s, como se nada estivesse acontecendo, fomos nos acostumando \u00e0 nova realidade. Por\u00e9m, a desconstru\u00e7\u00e3o das antigas bases j\u00e1 se iniciaram e as Li\u00e7\u00f5es de 2020 j\u00e1 se fazem notar: #1 Reter \u00e9 perecer Deixe ir serenamente tudo e todos que n\u00e3o quiseram naturalmente fazer parte de sua vida.Na [&hellip;]<\/p>\n","protected":false},"author":6,"featured_media":18446,"comment_status":"open","ping_status":"open","sticky":false,"template":"","format":"standard","meta":{"footnotes":""},"categories":[2437],"tags":[],"_links":{"self":[{"href":"https:\/\/fengshuilogico.com\/blog\/wp-json\/wp\/v2\/posts\/19008"}],"collection":[{"href":"https:\/\/fengshuilogico.com\/blog\/wp-json\/wp\/v2\/posts"}],"about":[{"href":"https:\/\/fengshuilogico.com\/blog\/wp-json\/wp\/v2\/types\/post"}],"author":[{"embeddable":true,"href":"https:\/\/fengshuilogico.com\/blog\/wp-json\/wp\/v2\/users\/6"}],"replies":[{"embeddable":true,"href":"https:\/\/fengshuilogico.com\/blog\/wp-json\/wp\/v2\/comments?post=19008"}],"version-history":[{"count":0,"href":"https:\/\/fengshuilogico.com\/blog\/wp-json\/wp\/v2\/posts\/19008\/revisions"}],"wp:featuredmedia":[{"embeddable":true,"href":"https:\/\/fengshuilogico.com\/blog\/wp-json\/wp\/v2\/media\/18446"}],"wp:attachment":[{"href":"https:\/\/fengshuilogico.com\/blog\/wp-json\/wp\/v2\/media?parent=19008"}],"wp:term":[{"taxonomy":"category","embeddable":true,"href":"https:\/\/fengshuilogico.com\/blog\/wp-json\/wp\/v2\/categories?post=19008"},{"taxonomy":"post_tag","embeddable":true,"href":"https:\/\/fengshuilogico.com\/blog\/wp-json\/wp\/v2\/tags?post=19008"}],"curies":[{"name":"wp","href":"https:\/\/api.w.org\/{rel}","templated":true}]}}