{"id":18989,"date":"2020-10-14T07:50:41","date_gmt":"2020-10-14T10:50:41","guid":{"rendered":"https:\/\/fengshuilogico.com\/blog\/?p=18989"},"modified":"2023-11-25T10:51:09","modified_gmt":"2023-11-25T13:51:09","slug":"a-luz-do-sol-em-sua-casa-e-sua-saude","status":"publish","type":"post","link":"https:\/\/fengshuilogico.com\/blog\/2020\/10\/14\/a-luz-do-sol-em-sua-casa-e-sua-saude\/","title":{"rendered":"A Luz do Sol em sua casa e sua sa\u00fade"},"content":{"rendered":"\r\n<p>Por uns instantes, pare e pense no poder imensur\u00e1vel do Sol, maestro da orquestra da Vida para o planeta Terra.<br \/><br \/>Precisamos compreender que \u00e9 o Sol que ilumina a Terra e nos colocar em harmonia com sua LUZ.<\/p>\r\n\r\n\r\n\r\n<p><strong>O poder do Sol para harmonizar sua vida<\/strong> com a Natureza \u00e9 imenso.<br \/><br \/><em><strong>S\u00e3o Francisco de Assis assim se refere ao Sol em seu C\u00e2ntico das Criaturas:<\/strong><\/em><\/p>\r\n\r\n\r\n\r\n<p><br \/>&#8220;Louvado sejas, meu Senhor, com todas as suas criaturas,<br \/>Especialmente o Maestro da Vida, o Sol, nosso irm\u00e3o,<br \/>Que nos traz o dia, com sua Luz!<br \/>Ele \u00e9 belo e radiante e tem grande esplendor: \u00c9 o mais perfeito s\u00edmbolo de Ti, Sublime Senhor!&#8221;<br \/><br \/><br \/>Coloque sua vida e sua casa em harmonia com as Leis da Natureza:<br \/>Aplique Feng Shui L\u00f3gico &#8211; M\u00e9todo Solar<br \/><br \/><br \/><\/p>\r\n\r\n\r\n\r\n<figure class=\"wp-block-embed is-type-video is-provider-youtube wp-block-embed-youtube wp-embed-aspect-16-9 wp-has-aspect-ratio\">\r\n<div class=\"wp-block-embed__wrapper\">https:\/\/www.youtube.com\/watch?v=tTjU3jkuxLU<br \/><br \/><br \/><\/div>\r\n<\/figure>\r\n\r\n\r\n\r\n<figure class=\"wp-block-embed is-type-video is-provider-youtube wp-block-embed-youtube wp-embed-aspect-16-9 wp-has-aspect-ratio\">\r\n<div class=\"wp-block-embed__wrapper\">https:\/\/www.youtube.com\/watch?v=ntyYn4aNL5w<\/div>\r\n<\/figure>\r\n","protected":false},"excerpt":{"rendered":"<p>Por uns instantes, pare e pense no poder imensur\u00e1vel do Sol, maestro da orquestra da Vida para o planeta Terra. Precisamos compreender que \u00e9 o Sol que ilumina a Terra e nos colocar em harmonia com sua LUZ. O poder do Sol para harmonizar sua vida com a Natureza \u00e9 imenso. S\u00e3o Francisco de Assis [&hellip;]<\/p>\n","protected":false},"author":6,"featured_media":18936,"comment_status":"open","ping_status":"open","sticky":false,"template":"","format":"standard","meta":{"footnotes":""},"categories":[2144],"tags":[],"_links":{"self":[{"href":"https:\/\/fengshuilogico.com\/blog\/wp-json\/wp\/v2\/posts\/18989"}],"collection":[{"href":"https:\/\/fengshuilogico.com\/blog\/wp-json\/wp\/v2\/posts"}],"about":[{"href":"https:\/\/fengshuilogico.com\/blog\/wp-json\/wp\/v2\/types\/post"}],"author":[{"embeddable":true,"href":"https:\/\/fengshuilogico.com\/blog\/wp-json\/wp\/v2\/users\/6"}],"replies":[{"embeddable":true,"href":"https:\/\/fengshuilogico.com\/blog\/wp-json\/wp\/v2\/comments?post=18989"}],"version-history":[{"count":2,"href":"https:\/\/fengshuilogico.com\/blog\/wp-json\/wp\/v2\/posts\/18989\/revisions"}],"predecessor-version":[{"id":26327,"href":"https:\/\/fengshuilogico.com\/blog\/wp-json\/wp\/v2\/posts\/18989\/revisions\/26327"}],"wp:featuredmedia":[{"embeddable":true,"href":"https:\/\/fengshuilogico.com\/blog\/wp-json\/wp\/v2\/media\/18936"}],"wp:attachment":[{"href":"https:\/\/fengshuilogico.com\/blog\/wp-json\/wp\/v2\/media?parent=18989"}],"wp:term":[{"taxonomy":"category","embeddable":true,"href":"https:\/\/fengshuilogico.com\/blog\/wp-json\/wp\/v2\/categories?post=18989"},{"taxonomy":"post_tag","embeddable":true,"href":"https:\/\/fengshuilogico.com\/blog\/wp-json\/wp\/v2\/tags?post=18989"}],"curies":[{"name":"wp","href":"https:\/\/api.w.org\/{rel}","templated":true}]}}