{"id":18191,"date":"2020-06-08T10:16:23","date_gmt":"2020-06-08T13:16:23","guid":{"rendered":"https:\/\/fengshuilogico.com\/blog\/?p=18191"},"modified":"2023-04-21T16:10:25","modified_gmt":"2023-04-21T19:10:25","slug":"segunda-feira-dia-da-nossa-senhora-do-coracao","status":"publish","type":"post","link":"https:\/\/fengshuilogico.com\/blog\/2020\/06\/08\/segunda-feira-dia-da-nossa-senhora-do-coracao\/","title":{"rendered":"Segunda-Feira  Dia da Nossa Senhora do Cora\u00e7\u00e3o"},"content":{"rendered":"\n<p>Existe um lugar na It\u00e1lia, em Rieti, onde existe a igreja da &#8220;Madonna del Cuore&#8221;: Nossa Senhora do Cora\u00e7\u00e3o.<\/p>\n\n\n\n<p>Nesses tempos dif\u00edceis, onde muitas pessoas sentem o cora\u00e7\u00e3o apertado diante das restri\u00e7\u00f5es que vivemos, podemos dedicar as segundas feiras, que na maioria dos idiomas \u00e9 chamado de Dia da Lua ( Luned\u00ec em italiano; Lunes, em espanho; Monday, em ingl\u00eas) \u00e0 Nossa Senhora do Cora\u00e7\u00e3o &#8211; Madonna del Cuore.<\/p>\n\n\n\n<p>Porque na segunda-feira?<\/p>\n\n\n\n<p>A segunda-feira foi dedicada \u00e0 Lua, que rege as emo\u00e7\u00f5es. Quando nossas emo\u00e7\u00f5es est\u00e3o desequilibradas, sentimos nosso cora\u00e7\u00e3o angustiado. Magoado (com m\u00e1 \u00e1gua). Ferido.<\/p>\n\n\n\n<p>Para receber suas ben\u00e7\u00e3os, acenda uma vela e mentalize voc\u00ea, a sua fam\u00edlia e a toda humanidade recebendo as ben\u00e7\u00e3os da Madonna del Cuore, que nos aliviar\u00e1 com Seu Divino Amor.<\/p>\n\n\n\n<p>Que a Paz de cora\u00e7\u00e3o, fruto de um cora\u00e7\u00e3o sem medo, manso e forte, esteja sempre em seu cora\u00e7\u00e3o.<\/p>\n\n\n\n<p><em>E se quiser, fa\u00e7a essa medita\u00e7\u00e3o, visualizando a Sagrada M\u00e3e do Cora\u00e7\u00e3o ao seu lado:<\/em><\/p>\n\n\n\n<p><\/p>\n\n\n\n<p>Encontre um lugar calmo e silencioso.<br>De frente para o Leste (local onde nasce o Sol), sente-se confortavelmente e com a coluna ereta.<br>P\u00e9s no ch\u00e3o, sem cruzar as pernas.<\/p>\n\n\n\n<p>Segure nas m\u00e3os na altura do cora\u00e7\u00e3o uma selenita ou um quartzo rosa.<\/p>\n\n\n\n<p>De olhos fechados, inspire profundamente, segure o ar contando at\u00e9 4 e expire pela boca, visualizando uma luz suave solar envolvendo voc\u00ea.<\/p>\n\n\n\n<p>Agora, foque em seu cora\u00e7\u00e3o.<br>Tente n\u00e3o pensar, mas apenas \u201couvir\u201d o que seu cora\u00e7\u00e3o tem a lhe dizer.<br>Como ele est\u00e1 se sentindo? O que o incomoda? Sente m\u00e1goa, ressentimento?<br>Ou, sente-se pleno dentro de si, preenchido pela Paz?<\/p>\n\n\n\n<p>Dependendo da resposta, veja como pode cuidar dele. Dele depende seu bem-estar, sua alegria em estar vivo (a). Ele o religa ao cosmos e \u00e0 fonte de vida que mora em voc\u00ea.<br>Nele, voc\u00ea encontra tudo que precisa para compreender os mist\u00e9rios que envolvem a Vida C\u00f3smica.<br>O que o nosso amado Cristo veio nos ensinar.<br>O para\u00edso est\u00e1 dentro de voc\u00ea.<br>A paz tamb\u00e9m.<\/p>\n\n\n\n<figure class=\"wp-block-embed is-type-video is-provider-youtube wp-block-embed-youtube wp-embed-aspect-16-9 wp-has-aspect-ratio\"><div class=\"wp-block-embed__wrapper\">\nhttps:\/\/www.youtube.com\/watch?v=7aidAbwO-oM\n<\/div><\/figure>\n\n\n\n<p><\/p>\n","protected":false},"excerpt":{"rendered":"<p>Existe um lugar na It\u00e1lia, em Rieti, onde existe a igreja da &#8220;Madonna del Cuore&#8221;: Nossa Senhora do Cora\u00e7\u00e3o. Nesses tempos dif\u00edceis, onde muitas pessoas sentem o cora\u00e7\u00e3o apertado diante das restri\u00e7\u00f5es que vivemos, podemos dedicar as segundas feiras, que na maioria dos idiomas \u00e9 chamado de Dia da Lua ( Luned\u00ec em italiano; Lunes, [&hellip;]<\/p>\n","protected":false},"author":6,"featured_media":18198,"comment_status":"open","ping_status":"open","sticky":false,"template":"","format":"standard","meta":{"footnotes":""},"categories":[2350],"tags":[2529,2528],"_links":{"self":[{"href":"https:\/\/fengshuilogico.com\/blog\/wp-json\/wp\/v2\/posts\/18191"}],"collection":[{"href":"https:\/\/fengshuilogico.com\/blog\/wp-json\/wp\/v2\/posts"}],"about":[{"href":"https:\/\/fengshuilogico.com\/blog\/wp-json\/wp\/v2\/types\/post"}],"author":[{"embeddable":true,"href":"https:\/\/fengshuilogico.com\/blog\/wp-json\/wp\/v2\/users\/6"}],"replies":[{"embeddable":true,"href":"https:\/\/fengshuilogico.com\/blog\/wp-json\/wp\/v2\/comments?post=18191"}],"version-history":[{"count":0,"href":"https:\/\/fengshuilogico.com\/blog\/wp-json\/wp\/v2\/posts\/18191\/revisions"}],"wp:featuredmedia":[{"embeddable":true,"href":"https:\/\/fengshuilogico.com\/blog\/wp-json\/wp\/v2\/media\/18198"}],"wp:attachment":[{"href":"https:\/\/fengshuilogico.com\/blog\/wp-json\/wp\/v2\/media?parent=18191"}],"wp:term":[{"taxonomy":"category","embeddable":true,"href":"https:\/\/fengshuilogico.com\/blog\/wp-json\/wp\/v2\/categories?post=18191"},{"taxonomy":"post_tag","embeddable":true,"href":"https:\/\/fengshuilogico.com\/blog\/wp-json\/wp\/v2\/tags?post=18191"}],"curies":[{"name":"wp","href":"https:\/\/api.w.org\/{rel}","templated":true}]}}