{"id":18055,"date":"2020-05-18T07:38:52","date_gmt":"2020-05-18T10:38:52","guid":{"rendered":"https:\/\/fengshuilogico.com\/blog\/?p=18055"},"modified":"2025-07-25T17:08:03","modified_gmt":"2025-07-25T20:08:03","slug":"eva-e-a-historia-da-evolucao-da-alma","status":"publish","type":"post","link":"https:\/\/fengshuilogico.com\/blog\/2020\/05\/18\/eva-e-a-historia-da-evolucao-da-alma\/","title":{"rendered":"Ad\u00e3o, Eva e o discernimento"},"content":{"rendered":"\r\n<p><strong><em>Antes do \u201csono de Ad\u00e3o\u201d, Eva estava dentro de Ad\u00e3o, portanto eles eram um s\u00f3.<\/em><\/strong><br \/><em><strong>G\u00eanesis, 2, 21 \u2013 24.<\/strong><br \/><br \/><strong>A alegoria b\u00edblica nos convida a compreender mais do mist\u00e9rio que envolve a polaridade masculina e feminina:<\/strong><\/em><br \/><br \/><strong><em>Eva, a m\u00e3e dos viventes, iniciou sua busca de Sabedoria, de discernimento do bem e do mal, influenciada pela mente da serpente. <\/em><\/strong><\/p>\r\n\r\n\r\n\r\n<p>A serpente simboliza a ast\u00facia, a mal\u00edcia, mas tamb\u00e9m a Sabedoria e a Cura.<\/p>\r\n\r\n\r\n\r\n<p><strong><em>A Nova Mulher desenvolveu a Sabedoria, conhece o bem e o mal e assim esmaga a cabe\u00e7a da serpente: possui dentro de si a luz do conhecimento e n\u00e3o se deixa influenciar.<\/em><\/strong><\/p>\r\n\r\n\r\n\r\n<p><em>Mas essa trajet\u00f3ria tem um longo caminho&#8230;<\/em><\/p>\r\n\r\n\r\n\r\n<p>Naquela bela tarde de outono, caminh\u00e1vamos pela buc\u00f3lica trilha de terra. A luz solar dourava os campos e os sons dos p\u00e1ssaros preenchiam o doce sil\u00eancio de fundo.<\/p>\r\n\r\n\r\n\r\n<p>Dani e eu somos amigas h\u00e1 muitos anos. E nossa afinidade de alma traz aquela paz que s\u00f3 se conhece quando a confian\u00e7a existe.<br \/>Sentamos sobre a relva e deixamos que o sil\u00eancio sonoro, o sil\u00eancio da uni\u00e3o aquietasse nossos cora\u00e7\u00f5es.<\/p>\r\n\r\n\r\n\r\n<p>Apenas contempl\u00e1vamos a bela tarde que nos abra\u00e7ava com sua luz.<\/p>\r\n\r\n\r\n\r\n<p>O mist\u00e9rio da vida se fazia presente.<br \/>&#8211; Dani, em que voc\u00ea pensa?<br \/>-\u201cNo in\u00edcio de tudo. Em Ad\u00e3o e Eva. No que significa \u201co homem foi criado \u00e0 semelhan\u00e7a de Deus.<\/p>\r\n\r\n\r\n\r\n\r\n\r\n<p>&#8211; &#8220;Esse \u00e9 um assunto que merece uma poss\u00edvel explica\u00e7\u00e3o que envolve um passeio pela hist\u00f3ria da nossa civiliza\u00e7\u00e3o,&#8221; eu disse.<\/p>\r\n\r\n\r\n\r\n<p>Usei a palavra passeio porque n\u00e3o quero entrar em quest\u00f5es dogm\u00e1ticas, r\u00edgidas, engessadas.<br \/>Busquei v\u00e1rios conhecimentos, em v\u00e1rias vertentes.<br \/>Segundo a Cabala, estudo baseado no Antigo Testamento, Ad\u00e3o representa toda a humanidade.<br \/>Simboliza que todos somos UM.<\/p>\r\n\r\n\r\n\r\n<p>Eva portanto estava tamb\u00e9m dentro de Ad\u00e3o, era parte de Ad\u00e3o.<\/p>\r\n\r\n\r\n\r\n<p>-\u201cPosso pensar que a Fonte da Vida, Deus, quis conhecer mais a si mesmo ao separar Eva de Ad\u00e3o?\u201d<\/p>\r\n\r\n\r\n\r\n<p><em><br \/>Durante o sono de Ad\u00e3o, de suas costelas, ele cria Eva. E Eva representa a M\u00e3e de todos os viventes.<\/em><br \/>&#8220;<em>N\u00e3o \u00e9 bom que o homem esteja s\u00f3<\/em>; farei para ele algu\u00e9m que o auxilie e lhe corresponda&#8221;. G\u00eanesis, 2 &#8211; 18<\/p>\r\n\r\n\r\n\r\n<p>Ent\u00e3o o Senhor Deus fez cair um sono pesado sobre\u00a0<strong>Ad\u00e3o<\/strong>, e este adormeceu; e tomou uma das suas\u00a0<strong>costelas<\/strong>\u00a0e fechou a carne em seu lugar; 22 E da\u00a0<strong>costela<\/strong>\u00a0que o Senhor Deus tomou do homem, formou uma\u00a0 a mulher, e levou-a a\u00a0<strong>Ad\u00e3o<\/strong>. <em>G\u00eanesis<\/em>\u00a02:22.<\/p>\r\n\r\n\r\n\r\n<p><em><strong>De sua costela<\/strong>.<\/em> O que envolve as costelas? As partes nobres de nosso corpo: os pulm\u00f5es respons\u00e1veis pela respira\u00e7\u00e3o. O ar est\u00e1 em toda parte, assim como Deus.<br \/>E o cora\u00e7\u00e3o, o \u00f3rg\u00e3o s\u00edmbolo do Amor.<\/p>\r\n\r\n\r\n\r\n<p>-&#8220;Ent\u00e3o Eva \u00e9 o cora\u00e7\u00e3o de Ad\u00e3o?&#8221;<\/p>\r\n\r\n\r\n\r\n<p>Preciso explicar: esse \u00e9 o maior mist\u00e9rio.<br \/>O cora\u00e7\u00e3o em muitas culturas \u00e9 considerado a sede da alma.<br \/>Ao criar Eva, o Um torna-se Dois.<br \/>E uma nova etapa se inicia no projeto do Universo chamado Vida.<\/p>\r\n\r\n\r\n\r\n<p>Na hist\u00f3ria simb\u00f3lica que conhecemos, precisamos incluir que <em>&#8220;tudo est\u00e1 em continua muta\u00e7\u00e3o&#8221;<\/em>, viver \u00e9 estar se modificando junto com a Vida.<\/p>\r\n\r\n\r\n\r\n<p>E que &#8220;<em>ningu\u00e9m entre em um mesmo rio duas vezes: as \u00e1guas j\u00e1 n\u00e3o ser\u00e3o as mesmas.<\/em>&#8220;<br \/>Portanto, devemos pensar n\u00e3o em um retrocesso, mas em novos resultados a partir da experi\u00eancia de &#8220;dividir&#8221; Ad\u00e3o, criado \u00e0 imagem e semelhan\u00e7a de Deus, em 2.<\/p>\r\n\r\n\r\n\r\n<p>No final dessa hist\u00f3ria, Eva deve adquirir a capacidade de equilibrar mente e cora\u00e7\u00e3o, assim como Ad\u00e3o, que tamb\u00e9m precisa sentir esse equil\u00edbrio dentro de si.<\/p>\r\n\r\n\r\n\r\n<p>Dois seres inteiros, n\u00e3o duas metades.<\/p>\r\n\r\n\r\n\r\n<p>Livres, autossuficientes e conscientes da interdepend\u00eancia que temos cada um de n\u00f3s do Todo Maior que nos envolve, sustenta e mant\u00e9m. Dignos e humildes diante dessa grandeza da qual fazemos parte. Conscientes dessa verdade.<\/p>\r\n\r\n\r\n\r\n<p>Essa \u00e9 a grande reconcilia\u00e7\u00e3o entre Ad\u00e3o (masculino) e Eva (feminina) e um novo in\u00edcio para a civiliza\u00e7\u00e3o humana.<\/p>\r\n\r\n\r\n\r\n<p>Muitas coisas ser\u00e3o poss\u00edveis a partir da reconcilia\u00e7\u00e3o dos opostos do masculino com o feminino.<br \/><br \/><br \/><\/p>\r\n\r\n\r\n\r\n<figure class=\"wp-block-image aligncenter size-large is-resized\"><img fetchpriority=\"high\" decoding=\"async\" class=\"wp-image-18798\" src=\"https:\/\/fengshuilogico.com\/blog\/wp-content\/uploads\/2020\/09\/IMG_6695-1-scaled-e1600194658683-768x1024.jpg\" alt=\"\" width=\"417\" height=\"556\" srcset=\"https:\/\/fengshuilogico.com\/blog\/wp-content\/uploads\/2020\/09\/IMG_6695-1-scaled-e1600194658683-768x1024.jpg 768w, https:\/\/fengshuilogico.com\/blog\/wp-content\/uploads\/2020\/09\/IMG_6695-1-scaled-e1600194658683-225x300.jpg 225w, https:\/\/fengshuilogico.com\/blog\/wp-content\/uploads\/2020\/09\/IMG_6695-1-scaled-e1600194658683-1152x1536.jpg 1152w, https:\/\/fengshuilogico.com\/blog\/wp-content\/uploads\/2020\/09\/IMG_6695-1-scaled-e1600194658683-1536x2048.jpg 1536w, https:\/\/fengshuilogico.com\/blog\/wp-content\/uploads\/2020\/09\/IMG_6695-1-scaled-e1600194658683.jpg 1920w\" sizes=\"(max-width: 417px) 100vw, 417px\" \/>\r\n<figcaption class=\"wp-element-caption\">A voz do feminino<\/figcaption>\r\n<\/figure>\r\n\r\n\r\n\r\n<p>&nbsp;<\/p>\r\n\r\n\r\n\r\n<figure class=\"wp-block-embed is-type-video is-provider-youtube wp-block-embed-youtube wp-embed-aspect-16-9 wp-has-aspect-ratio\">\r\n<div class=\"wp-block-embed__wrapper\">https:\/\/www.youtube.com\/watch?v=7aidAbwO-oM<\/div>\r\n<\/figure>\r\n\r\n\r\n\r\n<p>&nbsp;<\/p>\r\n\r\n\r\n\r\n<p>Diante disso, precisamos repensar a forma de entendermos o que \u00e9 amor.<\/p>\r\n\r\n\r\n\r\n<p><strong>Quais as diferen\u00e7as entre sexo e amor<\/strong>?<\/p>\r\n\r\n\r\n\r\n<p>E preciso reconhecer e separar as emo\u00e7\u00f5es que tantas vezes confundimos com amor, esse fogo da alma que arde sem se ver, que alimenta nosso viver, que nutre nossa alma, e consequentemente, nos permite apreciar toda a magia que \u00e9 estar vivo.<\/p>\r\n\r\n\r\n\r\n<p><em>Amor, para ser chamado de amor, nasce da alma, de uma admira\u00e7\u00e3o mais profunda, de um respeito pelo mist\u00e9rio do outro que nos abre novas possibilidades e enriquece nossa vida.<\/em><\/p>\r\n\r\n\r\n\r\n<p>Gerar amor \u00e9 ter conquistado este estado dentro de si, e buscar manter-se nele.<br \/>\u00c9 como um doce orgasmo, como uma chama que arde que nunca se apaga e que nos faz viver no tempo sempre presente&#8230;<br \/>Algumas pessoas podem nos facilitar a conquistar esse estado, e creio mesmo que sem a experi\u00eancia que algu\u00e9m possa nos trazer, e que podemos levar a essa pessoa, em um estado de comunh\u00e3o c\u00f3smica, dificilmente podemos ating\u00ed-lo.<\/p>\r\n\r\n\r\n\r\n<p><em>J\u00e1 a energia sexual \u00e9 um instinto<\/em>, uma energia em estado &#8220;bruto&#8221; que precisa ser trabalhada at\u00e9 transcender e nos tornar Um, integrando nossa personalidade no Todo Maior.<br \/>Assim, quando nossas emo\u00e7\u00f5es s\u00e3o imaturas, podemos confundir &#8211; e com frequ\u00eancia confundimos &#8211; o desejo (passageiro) com amor. Por\u00e9m o amor verdadeiro \u00e9 um sentimento que s\u00f3 aumenta com o tempo, ao contr\u00e1rio do instinto, que quando satisfeito, perde seu interesse, seu &#8220;amor&#8221;.<\/p>\r\n\r\n\r\n\r\n<p><!--more--><\/p>\r\n\r\n\r\n\r\n<p>A pedagogia da vida nos mostra que \u00e9 natural que seja assim: quando na adolesc\u00eancia os horm\u00f4nios provocam mudan\u00e7as em nosso corpo, nos sentimos confusos em rela\u00e7\u00e3o \u00e0s experi\u00eancias e aos estados que podemos experimentar em rela\u00e7\u00e3o \u00e0s emo\u00e7\u00f5es que algumas pessoas provocam em n\u00f3s.<\/p>\r\n\r\n\r\n\r\n<p>Emo\u00e7\u00f5es imaturas s\u00e3o trai\u00e7oeiras: quantas vezes &#8220;pensamos&#8221; com o corpo? Com as car\u00eancias que carregamos fruto de situa\u00e7\u00f5es dolorosas? Ou ainda de mem\u00f3rias ancestrais que nos habitam desde que nascemos?<\/p>\r\n\r\n\r\n\r\n<p>Por isso, a grande cura que nos faz transcender \u00e9 a certeza atrav\u00e9s das sensa\u00e7\u00f5es vividas em nosso cora\u00e7\u00e3o de que somos plenamente amados.<br \/>N\u00f3s somos seres imperfeitos, dificilmente podemos dar essa certeza em nossa humanidade de forma constante.<br \/>Ent\u00e3o, \u00e9 na busca de algo maior que n\u00f3s mesmos, na busca da realidade \u00faltima, no mist\u00e9rio que repousa em nosso ser essencial e desperto que podemos encontrar essa certeza de que o Amor nos amou primeiro&#8230;<\/p>\r\n\r\n\r\n\r\n<p>Amor \u00e9 doa\u00e7\u00e3o prazerosa, um resultado de um bem-estar profundo. S\u00f3 quem est\u00e1 bem emocionalmente, sem car\u00eancias, pode de fato amar. Porque amar \u00e9 emitir uma energia suave, ben\u00e9fica, acolhedora. Se eu tenho quest\u00f5es n\u00e3o resolvidas dentro de mim, como inseguran\u00e7a, falta de auto-estima, vou projetar no outro esta falha, produzindo momentos de tens\u00e3o, de descargas emocionais negativas, n\u00e3o de amor. Porque amor verdadeiro est\u00e1 acima dessas situa\u00e7\u00f5es.<br \/>J\u00e1 a palavra sacrif\u00edcio nos lembra obriga\u00e7\u00e3o. E obriga\u00e7\u00e3o \u00e9 algo que se tem que fazer, mesmo sem vontade. Sen\u00e3o&#8230; seremos cobrados. A harmonia pressup\u00f5e pessoas que est\u00e3o de acordo, <em>de cora\u00e7\u00e3o<\/em>, e n\u00e3o que se sacrificam uma pela outra. Ent\u00e3o, vemos que quando fazemos algo sem vontade, ou de m\u00e1 vontade (a palavra m\u00e1-vontade j\u00e1 diz tudo!) sem estarmos interessados em fazer, o Amor j\u00e1 foi embora, faz tempo&#8230; E ainda dizemos que o fizemos por amor&#8230; O Amor \u00e9 justamente o que d\u00e1 colorido a tudo, tornando tudo leve e suave.<\/p>\r\n\r\n\r\n\r\n<p>A grande quest\u00e3o, que est\u00e1 submersa dentro de n\u00f3s, \u00e9 nossa real capacidade de conviver harmoniosamente com <strong><em>o masculino e feminino dentro de n\u00f3s, <\/em><\/strong>quest\u00e3o essa originada na forma como nos relacionamos com nossos pais, nossos primeiros modelos.<br \/>Ent\u00e3o, vemos que uma coisa \u00e9 amar em sentido amplo, c\u00f3smico, diminuindo a injusti\u00e7a no mundo, nos doando \u00e0s vezes pelo Reino da Justi\u00e7a, e outra o amor entre o casal, que deve ser o o\u00e1sis no meio de um mundo que ainda n\u00e3o sabe amar.<\/p>\r\n\r\n\r\n\r\n<p>Ad\u00e3o e Eva se tornam ent\u00e3o dois seres inteiros, n\u00e3o mais metades de uma laranja, como se pensava.<\/p>\r\n\r\n\r\n\r\n<p><em>Na harmonia essencial entre o Masculino e o Feminino<br \/>Reside o mais profundo segredo de nosso est\u00e1gio de vida humana.<br \/>Essa rever\u00eancia ao mist\u00e9rio reconcilia os opostos e enriquece nossa ess\u00eancia.<\/em><\/p>\r\n\r\n\r\n\r\n<figure class=\"wp-block-embed is-type-video is-provider-youtube wp-block-embed-youtube wp-embed-aspect-16-9 wp-has-aspect-ratio\">\r\n<div class=\"wp-block-embed__wrapper\">https:\/\/www.youtube.com\/watch?v=sV8YBX7rmlc<\/div>\r\n<\/figure>\r\n<div>\u00a0<\/div>\r\n<div>\r\n<p><blockquote class=\"wp-embedded-content\" data-secret=\"YEjiFwGjnI\"><a href=\"https:\/\/fengshuilogico.com\/blog\/2023\/11\/10\/um-pouco-da-minha-historia-1\/\">Um pouco da minha hist\u00f3ria com Jesus &#8211; Stela Vecchi<\/a><\/blockquote><iframe class=\"wp-embedded-content\" sandbox=\"allow-scripts\" security=\"restricted\" style=\"position: absolute; clip: rect(1px, 1px, 1px, 1px);\" title=\"&#8220;Um pouco da minha hist\u00f3ria com Jesus &#8211; Stela Vecchi&#8221; &#8212; Feng Shui L\u00f3gico - M\u00e9todo Solar Stela Vecchi\" src=\"https:\/\/fengshuilogico.com\/blog\/2023\/11\/10\/um-pouco-da-minha-historia-1\/embed\/#?secret=6m7oCvUQKD#?secret=YEjiFwGjnI\" data-secret=\"YEjiFwGjnI\" width=\"500\" height=\"282\" frameborder=\"0\" marginwidth=\"0\" marginheight=\"0\" scrolling=\"no\"><\/iframe><\/p>\r\n<\/div>\r\n<div>\u00a0<\/div>\r\n<p>&nbsp;<\/p>","protected":false},"excerpt":{"rendered":"<p>Antes do \u201csono de Ad\u00e3o\u201d, Eva estava dentro de Ad\u00e3o, portanto eles eram um s\u00f3.G\u00eanesis, 2, 21 \u2013 24. A alegoria b\u00edblica nos convida a compreender mais do mist\u00e9rio que envolve a polaridade masculina e feminina: Eva, a m\u00e3e dos viventes, iniciou sua busca de Sabedoria, de discernimento do bem e do mal, influenciada pela [&hellip;]<\/p>\n","protected":false},"author":6,"featured_media":27271,"comment_status":"open","ping_status":"open","sticky":false,"template":"","format":"standard","meta":{"footnotes":""},"categories":[2601,2231,1867],"tags":[2386,1907,2389,2385],"_links":{"self":[{"href":"https:\/\/fengshuilogico.com\/blog\/wp-json\/wp\/v2\/posts\/18055"}],"collection":[{"href":"https:\/\/fengshuilogico.com\/blog\/wp-json\/wp\/v2\/posts"}],"about":[{"href":"https:\/\/fengshuilogico.com\/blog\/wp-json\/wp\/v2\/types\/post"}],"author":[{"embeddable":true,"href":"https:\/\/fengshuilogico.com\/blog\/wp-json\/wp\/v2\/users\/6"}],"replies":[{"embeddable":true,"href":"https:\/\/fengshuilogico.com\/blog\/wp-json\/wp\/v2\/comments?post=18055"}],"version-history":[{"count":12,"href":"https:\/\/fengshuilogico.com\/blog\/wp-json\/wp\/v2\/posts\/18055\/revisions"}],"predecessor-version":[{"id":28646,"href":"https:\/\/fengshuilogico.com\/blog\/wp-json\/wp\/v2\/posts\/18055\/revisions\/28646"}],"wp:featuredmedia":[{"embeddable":true,"href":"https:\/\/fengshuilogico.com\/blog\/wp-json\/wp\/v2\/media\/27271"}],"wp:attachment":[{"href":"https:\/\/fengshuilogico.com\/blog\/wp-json\/wp\/v2\/media?parent=18055"}],"wp:term":[{"taxonomy":"category","embeddable":true,"href":"https:\/\/fengshuilogico.com\/blog\/wp-json\/wp\/v2\/categories?post=18055"},{"taxonomy":"post_tag","embeddable":true,"href":"https:\/\/fengshuilogico.com\/blog\/wp-json\/wp\/v2\/tags?post=18055"}],"curies":[{"name":"wp","href":"https:\/\/api.w.org\/{rel}","templated":true}]}}