{"id":17998,"date":"2020-05-06T08:12:07","date_gmt":"2020-05-06T11:12:07","guid":{"rendered":"https:\/\/fengshuilogico.com\/blog\/?p=17998"},"modified":"2022-03-13T23:22:16","modified_gmt":"2022-03-14T02:22:16","slug":"no-tunel-da-quarentena","status":"publish","type":"post","link":"https:\/\/fengshuilogico.com\/blog\/2020\/05\/06\/no-tunel-da-quarentena\/","title":{"rendered":"No T\u00fanel da Quarentena"},"content":{"rendered":"\n<p><em><strong>Olhos de ver &#8211; a evolu\u00e7\u00e3o humana atrav\u00e9s da Hist\u00f3ria<\/strong><\/em><\/p>\n\n\n\n<p><em>Antes, uma explica\u00e7\u00e3o: o Feng Shui L\u00f3gico v\u00ea a mat\u00e9ria como express\u00e3o do esp\u00edrito: o mundo invis\u00edvel se manifesta na mat\u00e9ria. Por isso, todos os assuntos que abordamos tem como meta fazer a liga\u00e7\u00e3o entre mat\u00e9ria e esp\u00edrito. E colocar nossa vida em harmonia com o Todo Maior que nos envolve e sustenta.<\/em><\/p>\n\n\n\n<p>Estamos no t\u00fanel da quarentena.<\/p>\n\n\n\n<p>A humanidade mergulhou em uma fase de balan\u00e7os dos \u00faltimos tempos.<\/p>\n\n\n\n<p>Estamos repensando o livre-arb\u00edtrio? Ou estamos checando o livre-arb\u00edtrio?<\/p>\n\n\n\n<p>Porque cada um de n\u00f3s encontra-se na realidade que criou e est\u00e1 lidando com suas luzes e sombras. \u00c9 o que o momento c\u00f3smico exige de cada um e n\u00f3s.<\/p>\n\n\n\n<p>A Natureza se refaz, depois de tantos descasos com ela, mantenedora de nossas vidas.<\/p>\n\n\n\n<p>A maior energia respons\u00e1vel pela vida, o Sol, n\u00e3o nos cobra nada por isso. Chegou o tempos de reverenciarmos a obra do Criador, e nos voltarmos a amar de fato e cuidar da Natureza, como ela cuida de n\u00f3s.<\/p>\n\n\n\n<p><strong>As 3 dimens\u00f5es e suas caracter\u00edsticas:<\/strong><\/p>\n\n\n\n<p>Os que ainda n\u00e3o abriram seus olhos para a realidade c\u00f3smica que habitamos um planeta que gira suavemente no espa\u00e7o em torno do Sol, que rege nosso sistema, continuam aprisionados na dimens\u00e3o da terra, onde &#8220;o roto condena o rasgado&#8221; e n\u00e3o enxergam a si mesmos.<\/p>\n\n\n\n<p>Esses transitam pelo t\u00fanel da quarentena inconscientes, como viveram at\u00e9 aqui. Podem estar recebendo uma chance importante de se darem conta de que a Vida \u00e9 mais que a mat\u00e9ria. Nessa fase, o ego\u00edsmo em que vivem n\u00e3o permitem colocar-se de fato no lugar do outro, portanto o sofrimento \u00e9 focado apenas em seus desejos n\u00e3o satisfeitos.<\/p>\n\n\n\n<p>Em termos de chakras, dizemos que eles ainda n\u00e3o atingiram o chakra do cora\u00e7\u00e3o. Vivem de forma instintiva, &#8220;est\u00e3o dormindo&#8221;.<\/p>\n\n\n\n<p>Qual a porcentagem de seres humanos que est\u00e3o nessa fase?<\/p>\n\n\n\n<p><strong>A transi\u00e7\u00e3o para a 4\u00aa dimens\u00e3o:<\/strong><\/p>\n\n\n\n<p>Ao sentir que o mundo puramente material n\u00e3o os satisfaz, e anseiam por liga\u00e7\u00f5es mais nutritivas, iniciam a caminhada para o despertar.<\/p>\n\n\n\n<p>Iniciam-se na nova fase, j\u00e1 expandindo seus horizontes. Sentem que tem um cora\u00e7\u00e3o de carne, e suas alegrias e dores s\u00e3o mais profundas.<\/p>\n","protected":false},"excerpt":{"rendered":"<p>Olhos de ver &#8211; a evolu\u00e7\u00e3o humana atrav\u00e9s da Hist\u00f3ria Antes, uma explica\u00e7\u00e3o: o Feng Shui L\u00f3gico v\u00ea a mat\u00e9ria como express\u00e3o do esp\u00edrito: o mundo invis\u00edvel se manifesta na mat\u00e9ria. Por isso, todos os assuntos que abordamos tem como meta fazer a liga\u00e7\u00e3o entre mat\u00e9ria e esp\u00edrito. E colocar nossa vida em harmonia com [&hellip;]<\/p>\n","protected":false},"author":6,"featured_media":17347,"comment_status":"open","ping_status":"open","sticky":false,"template":"","format":"standard","meta":{"footnotes":""},"categories":[2531],"tags":[],"_links":{"self":[{"href":"https:\/\/fengshuilogico.com\/blog\/wp-json\/wp\/v2\/posts\/17998"}],"collection":[{"href":"https:\/\/fengshuilogico.com\/blog\/wp-json\/wp\/v2\/posts"}],"about":[{"href":"https:\/\/fengshuilogico.com\/blog\/wp-json\/wp\/v2\/types\/post"}],"author":[{"embeddable":true,"href":"https:\/\/fengshuilogico.com\/blog\/wp-json\/wp\/v2\/users\/6"}],"replies":[{"embeddable":true,"href":"https:\/\/fengshuilogico.com\/blog\/wp-json\/wp\/v2\/comments?post=17998"}],"version-history":[{"count":0,"href":"https:\/\/fengshuilogico.com\/blog\/wp-json\/wp\/v2\/posts\/17998\/revisions"}],"wp:featuredmedia":[{"embeddable":true,"href":"https:\/\/fengshuilogico.com\/blog\/wp-json\/wp\/v2\/media\/17347"}],"wp:attachment":[{"href":"https:\/\/fengshuilogico.com\/blog\/wp-json\/wp\/v2\/media?parent=17998"}],"wp:term":[{"taxonomy":"category","embeddable":true,"href":"https:\/\/fengshuilogico.com\/blog\/wp-json\/wp\/v2\/categories?post=17998"},{"taxonomy":"post_tag","embeddable":true,"href":"https:\/\/fengshuilogico.com\/blog\/wp-json\/wp\/v2\/tags?post=17998"}],"curies":[{"name":"wp","href":"https:\/\/api.w.org\/{rel}","templated":true}]}}