{"id":17817,"date":"2020-03-18T15:25:28","date_gmt":"2020-03-18T18:25:28","guid":{"rendered":"https:\/\/fengshuilogico.com\/blog\/?p=17817"},"modified":"2022-03-13T23:41:10","modified_gmt":"2022-03-14T02:41:10","slug":"a-pandemia-e-sua-mensagem-subliminar","status":"publish","type":"post","link":"https:\/\/fengshuilogico.com\/blog\/2020\/03\/18\/a-pandemia-e-sua-mensagem-subliminar\/","title":{"rendered":"A pandemia e sua mensagem subliminar"},"content":{"rendered":"\n<p>NATUREZA<br>Surto de coronav\u00edrus \u00e9 reflexo da degrada\u00e7\u00e3o ambiental, afirma PNUMA<\/p>\n\n\n\n<figure class=\"wp-block-embed is-type-video is-provider-youtube wp-block-embed-youtube wp-embed-aspect-16-9 wp-has-aspect-ratio\"><div class=\"wp-block-embed__wrapper\">\n<div class=\"jeg_video_container jeg_video_content\"><iframe title=\"Stela Vecchi, fundadora do Feng Shui L\u00f3gico, fala sobre a necessidade de nos ligarmos \u00e0 Natureza.\" width=\"500\" height=\"281\" src=\"https:\/\/www.youtube.com\/embed\/aun3mi4DU6w?feature=oembed\" frameborder=\"0\" allow=\"accelerometer; autoplay; clipboard-write; encrypted-media; gyroscope; picture-in-picture; web-share\" allowfullscreen><\/iframe><\/div>\n<\/div><\/figure>\n\n\n\n<p><strong>Precisamos nos voltar para a Natureza. Compreender seu livro sagrado, e a verdade de que ela \u00e9 uma obra das m\u00e3os do Criador.<\/strong><\/p>\n\n\n\n<p>Estamos vendo com nossos pr\u00f3prios olhos o mundo parar.<\/p>\n\n\n\n<p>Usando de uma linguagem virtual, o mundo est\u00e1 \u201creiniciando\u201d.<\/p>\n\n\n\n<p>Atualizando suas vibra\u00e7\u00f5es, desvanecendo as ilus\u00f5es dos \u00faltimos tempos, onde ainda pens\u00e1vamos ser poss\u00edvel ser felizes em um mundo onde a Natureza, que nos sustenta e mant\u00e9m, ser tratada com desd\u00e9m.<\/p>\n\n\n\n<p>Precisamos nos voltar para a Natureza. Compreender seu livro sagrado, e a verdade de que ela \u00e9 uma obra das m\u00e3os do Criador. Com muita criatividade e consci\u00eancia, reconstruir o mundo em bases coerentes com o grande DOM da VIDA.<\/p>\n\n\n\n<p>Reverenci\u00e1-la.<\/p>\n\n\n\n<p>Integrar mente e cora\u00e7\u00e3o<\/p>\n\n\n\n<p>E nos conscientizar da nossa depend\u00eancia da natureza.<\/p>\n\n\n\n<p>Com muita criatividade e consci\u00eancia, reconstruir o mundo em bases coerentes com o grande DOM da VIDA.<br>Pratique FENG SHUI L\u00d3GICO, a Escola da Harmonia Universal.<\/p>\n\n\n\n<p>Que liga voc\u00ea ao Todo Maior que te mant\u00e9m.<\/p>\n\n\n\n<figure class=\"wp-block-embed is-type-video is-provider-youtube wp-block-embed-youtube wp-embed-aspect-16-9 wp-has-aspect-ratio\"><div class=\"wp-block-embed__wrapper\">\n<div class=\"jeg_video_container jeg_video_content\"><iframe title=\"O SOL NA SUA CASA: QUAL O AMBIENTE QUE RECEBE O NASCER DO SOL\" width=\"500\" height=\"281\" src=\"https:\/\/www.youtube.com\/embed\/wX_O-rYuybc?feature=oembed\" frameborder=\"0\" allow=\"accelerometer; autoplay; clipboard-write; encrypted-media; gyroscope; picture-in-picture; web-share\" allowfullscreen><\/iframe><\/div>\n<\/div><\/figure>\n\n\n\n<h1 class=\"wp-block-heading\">Surto de coronav\u00edrus \u00e9 reflexo da degrada\u00e7\u00e3o ambiental, afirma PNUMA<\/h1>\n\n\n\n<p>Clique no link:<\/p>\n\n\n\n<p><a href=\"https:\/\/www.msn.com\/pt-br\/noticias\/meio-ambiente\/surto-de-coronav%C3%ADrus-%C3%A9-reflexo-da-degrada%C3%A7%C3%A3o-ambiental-afirma-pnuma\/ar-BB10VtSK?ocid=spartandhp&amp;fbclid=IwAR1Jdn_Gp6TNa3dXMVEWc0Gd79Hef_qLq0GiVArgs0eExKV6RYscpS0G99s\">https:\/\/www.msn.com\/pt-br\/noticias\/meio-ambiente\/surto-de-coronav%C3%ADrus-%C3%A9-reflexo-da-degrada%C3%A7%C3%A3o-ambiental-afirma-pnuma\/ar-BB10VtSK?ocid=spartandhp&amp;fbclid=IwAR1Jdn_Gp6TNa3dXMVEWc0Gd79Hef_qLq0GiVArgs0eExKV6RYscpS0G99s<\/a><\/p>\n","protected":false},"excerpt":{"rendered":"<p>NATUREZASurto de coronav\u00edrus \u00e9 reflexo da degrada\u00e7\u00e3o ambiental, afirma PNUMA Precisamos nos voltar para a Natureza. Compreender seu livro sagrado, e a verdade de que ela \u00e9 uma obra das m\u00e3os do Criador. Estamos vendo com nossos pr\u00f3prios olhos o mundo parar. Usando de uma linguagem virtual, o mundo est\u00e1 \u201creiniciando\u201d. Atualizando suas vibra\u00e7\u00f5es, desvanecendo [&hellip;]<\/p>\n","protected":false},"author":6,"featured_media":3500,"comment_status":"open","ping_status":"open","sticky":false,"template":"","format":"standard","meta":{"footnotes":""},"categories":[2531],"tags":[2375,2534],"_links":{"self":[{"href":"https:\/\/fengshuilogico.com\/blog\/wp-json\/wp\/v2\/posts\/17817"}],"collection":[{"href":"https:\/\/fengshuilogico.com\/blog\/wp-json\/wp\/v2\/posts"}],"about":[{"href":"https:\/\/fengshuilogico.com\/blog\/wp-json\/wp\/v2\/types\/post"}],"author":[{"embeddable":true,"href":"https:\/\/fengshuilogico.com\/blog\/wp-json\/wp\/v2\/users\/6"}],"replies":[{"embeddable":true,"href":"https:\/\/fengshuilogico.com\/blog\/wp-json\/wp\/v2\/comments?post=17817"}],"version-history":[{"count":0,"href":"https:\/\/fengshuilogico.com\/blog\/wp-json\/wp\/v2\/posts\/17817\/revisions"}],"wp:featuredmedia":[{"embeddable":true,"href":"https:\/\/fengshuilogico.com\/blog\/wp-json\/wp\/v2\/media\/3500"}],"wp:attachment":[{"href":"https:\/\/fengshuilogico.com\/blog\/wp-json\/wp\/v2\/media?parent=17817"}],"wp:term":[{"taxonomy":"category","embeddable":true,"href":"https:\/\/fengshuilogico.com\/blog\/wp-json\/wp\/v2\/categories?post=17817"},{"taxonomy":"post_tag","embeddable":true,"href":"https:\/\/fengshuilogico.com\/blog\/wp-json\/wp\/v2\/tags?post=17817"}],"curies":[{"name":"wp","href":"https:\/\/api.w.org\/{rel}","templated":true}]}}