{"id":17751,"date":"2020-02-29T09:33:02","date_gmt":"2020-02-29T12:33:02","guid":{"rendered":"https:\/\/fengshuilogico.com\/blog\/?p=17751"},"modified":"2022-03-13T23:47:49","modified_gmt":"2022-03-14T02:47:49","slug":"covid-momento-de-reflexao-da-humanidade","status":"publish","type":"post","link":"https:\/\/fengshuilogico.com\/blog\/2020\/02\/29\/covid-momento-de-reflexao-da-humanidade\/","title":{"rendered":"Covid &#8211; momento de reflex\u00e3o da humanidade"},"content":{"rendered":"\n<p><\/p>\n\n\n\n<p><\/p>\n\n\n\n<p>O medo, o p\u00e2nico, s\u00e3o energias muito nocivas e que nos deixam muito mais vulner\u00e1veis. Ent\u00e3o acredito que a melhor forma de lidarmos com essas dificuldades \u00e9 sermos cuidadosos, prudentes e confiarmos sempre no Poder Maior.<\/p>\n\n\n\n<p>Nosso planeta passa por uma grande depura\u00e7\u00e3o, e a Vida se renova sempre.<\/p>\n\n\n\n<p>Atualmente, o ser humano desperto sabe que temos muitas\namea\u00e7as \u00e0 Vida pelos problemas ser\u00edssimos em rela\u00e7\u00e3o \u00e0 limpeza, ao saneamento b\u00e1sico\ne \u00e0 conserva\u00e7\u00e3o da Natureza.<\/p>\n\n\n\n<p>\u00c1guas polu\u00eddas em grand\u00edssima quantidade, florestas\ndevastadas, afetam profundamente a atmosfera e o ar que respiramos.<\/p>\n\n\n\n<p>O planeta \u00e9 um s\u00f3, e \u00e9 como se diss\u00e9ssemos que um dente\ndoente n\u00e3o afeta toda a boca e todo o organismo em que est\u00e1 inserido.<\/p>\n\n\n\n<p>E agora, essa epidemia que cresce a cada dia toma toda a cena. E os outros problemas, que podem estar ceifando mais vidas? O que estamos fazendo de fato para combater?<\/p>\n\n\n\n<p>Qual ser\u00e1 nossa resposta depois do Corona V\u00edrus passar? Vai mudar alguma coisa?<\/p>\n\n\n\n<p>A morte existe para nos conscientizarmos da vida.<\/p>\n\n\n\n<p>Qualidade de vida exige Educa\u00e7\u00e3o, Consci\u00eancia e Cuidados constantes de todos os povos que habitam o Planeta Terra, nossa casa maior. <\/p>\n\n\n\n<p>E a Natureza \u00e9 a grande mestra. Observar como ela se comporta e nos harmonizarmos com sua sabedoria ir\u00e1 trazer a bendita Era de Ouro que esperamos h\u00e1 tanto tempo.<\/p>\n\n\n\n<p>Amor significa perceber que nossas atitudes reverberam e afetam para o bem ou para o mal a sociedade. Somos todos Um.<\/p>\n\n\n\n<p>O Planeta \u00e9 como uma grande nave, porque viaja suavemente\npelo espa\u00e7o.<\/p>\n\n\n\n<p>\u00c9 nossa casa maior, j\u00e1 que todos os povos habitam sobre ele.<\/p>\n\n\n\n<p>Cuidar dele \u00e9 cuidar de n\u00f3s mesmos.<\/p>\n\n\n\n<blockquote class=\"wp-block-quote\"><p>Pouco a pouco, o mundo virtual foi atraindo e fidelizando seus usu\u00e1rios.<\/p><p>De alguma forma, mesmo os mais resistentes tiveram que aderir a esse mundo conectado a uma realidade virtual e desconectado da Natureza.<\/p><p>Fomos perdendo o respeito ao pr\u00f3ximo que est\u00e1 diante de n\u00f3s e considerando mais importante as mensagens muitas vezes de pessoas que nem conhecemos.<\/p><p>E o Amor, o sal da Vida, que d\u00e1 a medida das coisas e conserva as virtudes, foi dando lugar a um veneno chamado ansiedade, fruto do excesso de tempo diante do mundo virtual.<\/p><p>As redes invis\u00edveis presentes em todo o canto e lugar interferem hoje de forma invasiva e de fato, se voc\u00ea n\u00e3o conseguiu estabelecer um contato amoroso com a Natureza e Seu Criador, pouca coisa poder\u00e1 lhe servir hoje um mundo sem vida como o mundo virtual.<\/p><p>Como resposta a essa inconsci\u00eancia, estamos enfrentando a realidade que criamos e uma profunda crise como a que vivemos ir\u00e1 impor novos paradigmas.<\/p><p>Gratid\u00e3o n\u00e3o pode se tornar apenas uma palavra sem alma.<\/p><p>Deve ser a express\u00e3o de nossa mente e cora\u00e7\u00e3o diante do mundo da Natureza que nos sustenta e mant\u00e9m. E nos ligar ao Amor da Fonte que tudo criou.<\/p><\/blockquote>\n\n\n\n<p>Reflex\u00e3o:<\/p>\n\n\n\n<p>A paz \u00e9 uma profunda experi\u00eancia.<\/p>\n\n\n\n<p>Sent\u00ed-la, um grande privil\u00e9gio.<\/p>\n\n\n\n<p>Porque sentir a paz dentro de si \u00e9 o \u00fanico sinal que voc\u00ea tem de que est\u00e1 na vibra\u00e7\u00e3o do verdadeiro amor.<\/p>\n\n\n\n<p>&#8220;Livrai-nos de todos os males passados, presentes e futuros.<\/p>\n\n\n\n<p>E dai-nos sempre Sua Paz, em qualquer circunst\u00e2ncia que tivermos que enfrentar&#8221;.<\/p>\n\n\n\n<figure class=\"wp-block-embed is-type-video is-provider-youtube wp-block-embed-youtube wp-embed-aspect-16-9 wp-has-aspect-ratio\"><div class=\"wp-block-embed__wrapper\">\nhttps:\/\/www.youtube.com\/watch?v=hXZpwlSFep8\n<\/div><\/figure>\n\n\n\n<figure class=\"wp-block-embed is-type-video is-provider-youtube wp-block-embed-youtube wp-embed-aspect-16-9 wp-has-aspect-ratio\"><div class=\"wp-block-embed__wrapper\">\nhttps:\/\/www.youtube.com\/watch?v=wX_O-rYuybc\n<\/div><\/figure>\n\n\n\n<figure class=\"wp-block-embed-wordpress wp-block-embed is-type-wp-embed is-provider-feng-shui-logico-metodo-solar-stela-vecchi\"><div class=\"wp-block-embed__wrapper\">\n<blockquote class=\"wp-embedded-content\" data-secret=\"9yvmeBE5Xx\"><a href=\"https:\/\/fengshuilogico.com\/blog\/2019\/07\/22\/a-grande-conjuncao-planetaria-em-marco-de-2020\/\">A Grande Conjun\u00e7\u00e3o Planet\u00e1ria em Mar\u00e7o de 2020<\/a><\/blockquote><iframe class=\"wp-embedded-content\" sandbox=\"allow-scripts\" security=\"restricted\" style=\"position: absolute; clip: rect(1px, 1px, 1px, 1px);\" title=\"&#8220;A Grande Conjun\u00e7\u00e3o Planet\u00e1ria em Mar\u00e7o de 2020&#8221; &#8212; Feng Shui L\u00f3gico - M\u00e9todo Solar Stela Vecchi\" src=\"https:\/\/fengshuilogico.com\/blog\/2019\/07\/22\/a-grande-conjuncao-planetaria-em-marco-de-2020\/embed\/#?secret=X5X5hI2pqB#?secret=9yvmeBE5Xx\" data-secret=\"9yvmeBE5Xx\" width=\"500\" height=\"282\" frameborder=\"0\" marginwidth=\"0\" marginheight=\"0\" scrolling=\"no\"><\/iframe>\n<\/div><\/figure>\n","protected":false},"excerpt":{"rendered":"<p>O medo, o p\u00e2nico, s\u00e3o energias muito nocivas e que nos deixam muito mais vulner\u00e1veis. Ent\u00e3o acredito que a melhor forma de lidarmos com essas dificuldades \u00e9 sermos cuidadosos, prudentes e confiarmos sempre no Poder Maior. Nosso planeta passa por uma grande depura\u00e7\u00e3o, e a Vida se renova sempre. Atualmente, o ser humano desperto sabe [&hellip;]<\/p>\n","protected":false},"author":6,"featured_media":17761,"comment_status":"open","ping_status":"open","sticky":false,"template":"","format":"standard","meta":{"footnotes":""},"categories":[2531],"tags":[2537,2354,2353,2355,2536],"_links":{"self":[{"href":"https:\/\/fengshuilogico.com\/blog\/wp-json\/wp\/v2\/posts\/17751"}],"collection":[{"href":"https:\/\/fengshuilogico.com\/blog\/wp-json\/wp\/v2\/posts"}],"about":[{"href":"https:\/\/fengshuilogico.com\/blog\/wp-json\/wp\/v2\/types\/post"}],"author":[{"embeddable":true,"href":"https:\/\/fengshuilogico.com\/blog\/wp-json\/wp\/v2\/users\/6"}],"replies":[{"embeddable":true,"href":"https:\/\/fengshuilogico.com\/blog\/wp-json\/wp\/v2\/comments?post=17751"}],"version-history":[{"count":0,"href":"https:\/\/fengshuilogico.com\/blog\/wp-json\/wp\/v2\/posts\/17751\/revisions"}],"wp:featuredmedia":[{"embeddable":true,"href":"https:\/\/fengshuilogico.com\/blog\/wp-json\/wp\/v2\/media\/17761"}],"wp:attachment":[{"href":"https:\/\/fengshuilogico.com\/blog\/wp-json\/wp\/v2\/media?parent=17751"}],"wp:term":[{"taxonomy":"category","embeddable":true,"href":"https:\/\/fengshuilogico.com\/blog\/wp-json\/wp\/v2\/categories?post=17751"},{"taxonomy":"post_tag","embeddable":true,"href":"https:\/\/fengshuilogico.com\/blog\/wp-json\/wp\/v2\/tags?post=17751"}],"curies":[{"name":"wp","href":"https:\/\/api.w.org\/{rel}","templated":true}]}}