{"id":17025,"date":"2019-07-21T13:31:47","date_gmt":"2019-07-21T16:31:47","guid":{"rendered":"https:\/\/fengshuilogico.com\/blog\/?p=17025"},"modified":"2024-07-04T21:48:24","modified_gmt":"2024-07-05T00:48:24","slug":"2020-tempo-de-transformacao-o-que-era-ja-nao-e-mais","status":"publish","type":"post","link":"https:\/\/fengshuilogico.com\/blog\/2019\/07\/21\/2020-tempo-de-transformacao-o-que-era-ja-nao-e-mais\/","title":{"rendered":"2020 &#8211; Tempo de Transforma\u00e7\u00e3o. O que era, j\u00e1 n\u00e3o \u00e9 mais."},"content":{"rendered":"\r\n<figure class=\"wp-block-image\"><img fetchpriority=\"high\" decoding=\"async\" width=\"960\" height=\"350\" class=\"wp-image-17860\" src=\"https:\/\/fengshuilogico.com\/blog\/wp-content\/uploads\/2019\/07\/man-3471204_960_720.jpg\" alt=\"\" srcset=\"https:\/\/fengshuilogico.com\/blog\/wp-content\/uploads\/2019\/07\/man-3471204_960_720.jpg 960w, https:\/\/fengshuilogico.com\/blog\/wp-content\/uploads\/2019\/07\/man-3471204_960_720-300x109.jpg 300w, https:\/\/fengshuilogico.com\/blog\/wp-content\/uploads\/2019\/07\/man-3471204_960_720-768x280.jpg 768w\" sizes=\"(max-width: 960px) 100vw, 960px\" \/>\r\n<figcaption>Somos observadores da Vida que nos mant\u00e9m<\/figcaption>\r\n<\/figure>\r\n\r\n\r\n\r\n<p><strong>Podemos dizer que desde 2012 assistimos a mudan\u00e7as estruturais na sociedade.<\/strong><\/p>\r\n\r\n\r\n\r\n<p><strong><em>Vivemos tempos de olhar a Terra e o Universo sob novos pontos de vista.<br \/>De percebemos o que realmente importa para termos dias melhores sobre o nosso planeta.<br \/>Tempos de cora\u00e7\u00e3o ascensionado, livre de todo o mal (acrescentado em 28\/03\/2020<\/em><\/strong><\/p>\r\n\r\n\r\n\r\n<p>O Feng Shui \u00e9 um estudo profundo e criterioso da Natureza e suas rela\u00e7\u00f5es com a vida humana, visando equil\u00edbrio e bem-estar. Possui uma base filos\u00f3fica milenar. Busca a conex\u00e3o entre o ser humano, a casa e a regi\u00e3o que habita com o Todo Maior que nos envolve. Com o C\u00e9u e a Terra, sem conflitos.<\/p>\r\n\r\n\r\n\r\n<p>E nunca foi popular na China, justamente por exigir estudos constantes de quem o utiliza. O objetivo \u00e9 alcan\u00e7ar a plenitude humana, e n\u00e3o apenas material. Leia o livro Feng Shui L\u00f3gico para compreender essa maravilhosa filosofia milenar que abrange a t\u00e9cnica e a arte para ser bem aplicada.<\/p>\r\n\r\n\r\n\r\n<p><strong>Podemos dizer que desde 2012 assistimos a mudan\u00e7as estruturais na sociedade.<\/strong><\/p>\r\n\r\n\r\n\r\n<p>No C\u00e9u, a movimenta\u00e7\u00e3o dos planetas e dos eclipses trouxeram e continuam trazendo novas vibra\u00e7\u00f5es. O efeito \u00e9 gradual, muitas coisas acontecem a partir desses dias.<\/p>\r\n\r\n\r\n\r\n<p>E n\u00e3o temos mais escolha: ou nos adaptamos a essas novas vibra\u00e7\u00f5es, ou ficaremos \u00e0 margem das mudan\u00e7as.<\/p>\r\n\r\n\r\n\r\n<p>E j\u00e1 podemos dizer que o que era, n\u00e3o \u00e9 mais&#8230;<\/p>\r\n\r\n\r\n\r\n<p><em>Por\u00e9m, a grande conjun\u00e7\u00e3o no C\u00e9u em Capric\u00f3rnio no novo ano solar em 2020 ser\u00e1 determinante para dizermos que tudo se encaixar\u00e1 na nova ordem em bases que exigem justi\u00e7a. Em breve escreverei sobre esse grande divisor de \u00e1guas.<\/em><\/p>\r\n\r\n\r\n\r\n<p>Esse equil\u00edbrio tamb\u00e9m estabelecer\u00e1 o Amor em sintonia com as leis da Natureza e do Universo.<\/p>\r\n\r\n\r\n\r\n<p><strong>Seremos um planeta confederado, isto \u00e9, que obedece e flui com a Vida Universal e suas leis.<\/strong><\/p>\r\n\r\n\r\n\r\n<p><em>Novos ventos sacodem a Vida.<br \/>S\u00e3o os ventos fren\u00e9ticos da Era de Aqu\u00e1rio, e a t\u00f4nica \u00e9 fluir sem submergir<\/em>.<\/p>\r\n\r\n\r\n\r\n<p><em>Em rela\u00e7\u00e3o \u00e0 Vida, sempre inclua as fases que a acompanham.<br \/>Nunca pense em fim, mas sempre em novos come\u00e7os.<br \/>Um ponto de chegada \u00e9 tamb\u00e9m um ponto de partida.<\/em><\/p>\r\n\r\n\r\n\r\n<p><em>O vir a ser \u00e9 b\u00e1sico em nossa natureza, em constante transforma\u00e7\u00e3o junto com o Universo.<\/em><\/p>\r\n\r\n\r\n\r\n<p>Vamos aprender a fluir com a Vida que flui dentro de n\u00f3s e fora de n\u00f3s.<\/p>\r\n\r\n\r\n\r\n<p>E a consci\u00eancia da Natureza \u00e9 essencial.<\/p>\r\n\r\n\r\n\r\n<p><em>Voc\u00ea realiza seus sonhos. Mas apenas os que dependem de voc\u00ea.\u00a0<br \/>Porque o outro \u00e9 um Grande Mist\u00e9rio e depender\u00e1 dele querer a mesma coisa.<\/em><br \/><em>A qualidade da energia que flui entre as pessoas ser\u00e1 o determinante para os elos que se formam e permanecem.<br \/>A Vida \u00e9 reconhecida como o Bem Maior.<\/em><\/p>\r\n\r\n\r\n\r\n<p>Feng Shui L\u00f3gico \u00e9 apenas uma ferramenta, um instrumento que ir\u00e1 facilitar essa integra\u00e7\u00e3o entre o equil\u00edbrio din\u00e2mico pessoal e o ambiente. Desde seu quarto, sua casa at\u00e9 o Universo.<\/p>\r\n\r\n\r\n\r\n<p>Conheceremos ao ativar essa poderosa b\u00fassola interior mist\u00e9rios que se revelam aos que tem humildade de compreender que fazemos parte de um Todo Maior. E que dependemos de nos harmonizarmos com suas leis para que nossa vida atinja o grau pleno.<\/p>\r\n\r\n\r\n\r\n<p>\u00c9 o tempo sempre presente:<\/p>\r\n\r\n\r\n\r\n<p>Ao fluir com o elemento Ar que rege Aqu\u00e1rio e estarmos no controle de nossas emo\u00e7\u00f5es amadurecidas pelas descobertas dos \u00faltimos tempos, podemos dizer que o Amor agora atinge uma nova oitava: \u00e9 um Amor que tem suas bases no Equil\u00edbrio, que gera a Justi\u00e7a.<\/p>\r\n\r\n\r\n\r\n<p>Na pr\u00e1tica da Verdade, que gera a confian\u00e7a.<\/p>\r\n\r\n\r\n\r\n<p>E na Liberdade com consci\u00eancia e responsabilidade, que gera a alegria de viver.<\/p>\r\n<p>&nbsp;<\/p>\r\n\r\n\r\n\r\n<figure class=\"wp-block-embed is-type-video is-provider-youtube wp-block-embed-youtube wp-embed-aspect-16-9 wp-has-aspect-ratio\">\r\n<div class=\"wp-block-embed__wrapper\">https:\/\/www.youtube.com\/watch?v=MUQDF2p-0fc<\/div>\r\n<\/figure>\r\n<div>\u00a0<\/div>\r\n\r\n\r\n\r\n<figure class=\"wp-block-embed is-type-video is-provider-youtube wp-block-embed-youtube wp-embed-aspect-16-9 wp-has-aspect-ratio\">\r\n<div class=\"wp-block-embed__wrapper\">https:\/\/www.youtube.com\/watch?v=tTjU3jkuxLU<\/div>\r\n<\/figure>\r\n<div>\u00a0<\/div>\r\n\r\n\r\n\r\n<p>Pela sua busca pessoal, voc\u00ea se religa ao Todo.<br \/>E se alimenta da Vida.<br \/>E o que recebe, voc\u00ea emite transformando o meio em que voc\u00ea vive.<\/p>\r\n\r\n\r\n\r\n<p>Quanto mais dificuldades voc\u00ea encontra e supera, mais Vida voc\u00ea recebe.<br \/>Nesse trabalho de sua vida, tem o tempo de semear e de colher, como nos ensina a M\u00e3e Natureza.<\/p>\r\n\r\n\r\n\r\n<p>Identificar em que ciclo est\u00e1, uma grande sabedoria.<\/p>\r\n\r\n\r\n\r\n<figure class=\"wp-block-embed is-type-video is-provider-youtube wp-block-embed-youtube wp-embed-aspect-16-9 wp-has-aspect-ratio\">\r\n<div class=\"wp-block-embed__wrapper\">https:\/\/www.youtube.com\/watch?v=7aidAbwO-oM<\/div>\r\n<\/figure>\r\n<div>\u00a0<\/div>\r\n<div>\r\n<p><blockquote class=\"wp-embedded-content\" data-secret=\"Lf2l3rWtyV\"><a href=\"https:\/\/fengshuilogico.com\/blog\/2019\/07\/22\/a-grande-conjuncao-planetaria-em-marco-de-2020\/\">A Grande Conjun\u00e7\u00e3o Planet\u00e1ria em Mar\u00e7o de 2020 nos trouxe a Pandemia<\/a><\/blockquote><iframe class=\"wp-embedded-content\" sandbox=\"allow-scripts\" security=\"restricted\" style=\"position: absolute; clip: rect(1px, 1px, 1px, 1px);\" title=\"&#8220;A Grande Conjun\u00e7\u00e3o Planet\u00e1ria em Mar\u00e7o de 2020 nos trouxe a Pandemia&#8221; &#8212; Feng Shui L\u00f3gico - M\u00e9todo Solar Stela Vecchi\" src=\"https:\/\/fengshuilogico.com\/blog\/2019\/07\/22\/a-grande-conjuncao-planetaria-em-marco-de-2020\/embed\/#?secret=RjTovHuxxC#?secret=Lf2l3rWtyV\" data-secret=\"Lf2l3rWtyV\" width=\"500\" height=\"282\" frameborder=\"0\" marginwidth=\"0\" marginheight=\"0\" scrolling=\"no\"><\/iframe><\/p>\r\n<\/div>\r\n<div>\u00a0<\/div>\r\n<figure class=\"wp-block-embed is-type-video is-provider-youtube wp-block-embed-youtube wp-embed-aspect-16-9 wp-has-aspect-ratio\">\r\n<div>\u00a0<\/div>\r\n<\/figure>\r\n\r\n<p>&nbsp;<\/p>","protected":false},"excerpt":{"rendered":"<p>Podemos dizer que desde 2012 assistimos a mudan\u00e7as estruturais na sociedade. Vivemos tempos de olhar a Terra e o Universo sob novos pontos de vista.De percebemos o que realmente importa para termos dias melhores sobre o nosso planeta.Tempos de cora\u00e7\u00e3o ascensionado, livre de todo o mal (acrescentado em 28\/03\/2020 O Feng Shui \u00e9 um estudo [&hellip;]<\/p>\n","protected":false},"author":6,"featured_media":17860,"comment_status":"open","ping_status":"open","sticky":false,"template":"","format":"standard","meta":{"footnotes":""},"categories":[2531],"tags":[2273,2391,1828,2781],"_links":{"self":[{"href":"https:\/\/fengshuilogico.com\/blog\/wp-json\/wp\/v2\/posts\/17025"}],"collection":[{"href":"https:\/\/fengshuilogico.com\/blog\/wp-json\/wp\/v2\/posts"}],"about":[{"href":"https:\/\/fengshuilogico.com\/blog\/wp-json\/wp\/v2\/types\/post"}],"author":[{"embeddable":true,"href":"https:\/\/fengshuilogico.com\/blog\/wp-json\/wp\/v2\/users\/6"}],"replies":[{"embeddable":true,"href":"https:\/\/fengshuilogico.com\/blog\/wp-json\/wp\/v2\/comments?post=17025"}],"version-history":[{"count":7,"href":"https:\/\/fengshuilogico.com\/blog\/wp-json\/wp\/v2\/posts\/17025\/revisions"}],"predecessor-version":[{"id":27248,"href":"https:\/\/fengshuilogico.com\/blog\/wp-json\/wp\/v2\/posts\/17025\/revisions\/27248"}],"wp:featuredmedia":[{"embeddable":true,"href":"https:\/\/fengshuilogico.com\/blog\/wp-json\/wp\/v2\/media\/17860"}],"wp:attachment":[{"href":"https:\/\/fengshuilogico.com\/blog\/wp-json\/wp\/v2\/media?parent=17025"}],"wp:term":[{"taxonomy":"category","embeddable":true,"href":"https:\/\/fengshuilogico.com\/blog\/wp-json\/wp\/v2\/categories?post=17025"},{"taxonomy":"post_tag","embeddable":true,"href":"https:\/\/fengshuilogico.com\/blog\/wp-json\/wp\/v2\/tags?post=17025"}],"curies":[{"name":"wp","href":"https:\/\/api.w.org\/{rel}","templated":true}]}}