{"id":16987,"date":"2019-07-14T22:34:53","date_gmt":"2019-07-15T01:34:53","guid":{"rendered":"https:\/\/fengshuilogico.com\/blog\/?p=16987"},"modified":"2026-03-15T16:44:06","modified_gmt":"2026-03-15T19:44:06","slug":"era-de-aquario-ja-comecou","status":"publish","type":"post","link":"https:\/\/fengshuilogico.com\/blog\/2019\/07\/14\/era-de-aquario-ja-comecou\/","title":{"rendered":"Era de Aqu\u00e1rio j\u00e1 come\u00e7ou?"},"content":{"rendered":"\r\n<p>\u00c9 preciso acordar:\u00a0<br \/>Somos n\u00f3s que estamos construindo a sociedade em que todos queremos viver.<\/p>\r\n\r\n\r\n\r\n<p>A transi\u00e7\u00e3o est\u00e1 evidente: mesmo as pessoas comuns que nunca se preocuparam com essas coisas, e nem mesmo acreditaram que isso poderia acontecer, reconhecem que o mundo mudou.<\/p>\r\n\r\n\r\n\r\n<p>Ainda estamos em meio \u00e0s turbul\u00eancias dessa mudan\u00e7a.<\/p>\r\n\r\n\r\n\r\n<p>Por\u00e9m, em mar\u00e7o de 2020 acontecer\u00e1 uma conjun\u00e7\u00e3o muito significativa, um encontro de 4 planetas no signo de Capric\u00f3rnio. Inclusive Saturno, regente desse signo.<\/p>\r\n\r\n\r\n\r\n<p>Plut\u00e3o, J\u00fapiter e Marte tamb\u00e9m estar\u00e3o juntos com Saturno.<\/p>\r\n\r\n\r\n\r\n<p>Quais as poss\u00edveis interpreta\u00e7\u00f5es desse grande encontro para a humanidade?<\/p>\r\n\r\n\r\n\r\n<p>E para cada um de n\u00f3s em particular?<\/p>\r\n\r\n\r\n\r\n<p>A Era de Aqu\u00e1rio j\u00e1 come\u00e7ou?<\/p>\r\n\r\n\r\n\r\n<p>\u00c9 dif\u00edcil um consenso na data de in\u00edcio entre os astr\u00f4nomos e astr\u00f3logos. Alguns determinam seu in\u00edcio em 2010, mas podemos perceber que a influ\u00eancia da Internet, da realidade virtual que se iniciou no final da Era de Peixes, j\u00e1 est\u00e1 implantada em nossos dias modificando h\u00e1bitos, comportamentos, alterando de forma profunda a vida familiar, pessoal e profissional de todos n\u00f3s.<\/p>\r\n\r\n\r\n\r\n<p>As influ\u00eancias da reg\u00eancia de Urano na Era de Aqu\u00e1rio j\u00e1 est\u00e3o aflorando e nada mais ser\u00e1 como antes.<\/p>\r\n\r\n\r\n\r\n<p>A vida humana tende ao aperfei\u00e7oamento, nos impelindo a sermos co-criadores e mantenedores da Vida.<\/p>\r\n\r\n\r\n\r\n<p>A Vida \u00e9 o grande espet\u00e1culo que devemos preservar e procurarmos cada vez mais conhecermos.<\/p>\r\n\r\n\r\n\r\n<p>A Era de Peixes teve um valor imenso no campo da espiritualidade e \u00e9 um patrim\u00f4nio pessoal e coletivo a evolu\u00e7\u00e3o que alcan\u00e7amos nessa \u00e1rea. Tivemos tamb\u00e9m a luz que trouxeram os pesquisadores que associaram a F\u00edsica Qu\u00e2ntica com a Espiritualidade, ampliando a nossa compreens\u00e3o.<\/p>\r\n\r\n\r\n\r\n<p>Pesquisas associaram os sentimentos de \u00f3dio, de ressentimentos, de vingan\u00e7a \u00e0 doen\u00e7as, demonstrando a necessidade de uma nova atitude perante \u00e0s ofensas: o perd\u00e3o \u00e9 uma necessidade de nossa alma para manter-se saud\u00e1vel.<\/p>\r\n\r\n\r\n\r\n<p>Por outro lado, s\u00f3 quem sabe amar-se pode de fato amar.<\/p>\r\n\r\n\r\n\r\n<p>Ent\u00e3o, o aprendizado do equil\u00edbrio gerou uma atitude sadia em rela\u00e7\u00e3o aos cuidados que tamb\u00e9m devemos ter por n\u00f3s mesmos. Amar ao outro como a si mesmo, isto \u00e9, em equil\u00edbrio \u00e9 a f\u00f3rmula que nos mant\u00e9m fluindo com a Vida.<\/p>\r\n\r\n\r\n\r\n<p>A li\u00e7\u00e3o da Era de Peixes j\u00e1 est\u00e1 no inconsciente coletivo: a Declara\u00e7\u00e3o Universal dos Direitos Humanos, proclamada em 1948, \u00e9 uma realidade que se materializar\u00e1.<\/p>\r\n\r\n\r\n\r\n<p>A evolu\u00e7\u00e3o tem sido lenta, mas Aqu\u00e1rio pode trazer uma acelera\u00e7\u00e3o, porque essa \u00e9 uma de suas caracter\u00edsticas.<\/p>\r\n\r\n\r\n\r\n<p><strong>Caracter\u00edsticas da ERA DE AQU\u00c1RIO<\/strong>\u00a0(2010 at\u00e9 4.170 d.C.)<\/p>\r\n\r\n\r\n\r\n<p>&#8220;O s\u00edmbolo do signo de Aqu\u00e1rio, o 11.\u00ba signo astrol\u00f3gico do zod\u00edaco, s\u00e3o as\u00a0<strong>duas ondas<\/strong>.<\/p>\r\n\r\n\r\n\r\n<p>Por vezes, o aguadeiro figura como o s\u00edmbolo de Aqu\u00e1rio. O aguadeiro \u00e9 o nome da fun\u00e7\u00e3o daquele que fornece \u00e1gua para consumo.<\/p>\r\n\r\n\r\n\r\n<p>As ondas t\u00eam o significado de dualismo passivo e refletem o sentido de harmonia. Paralelas, uma onda representa a raz\u00e3o, a outra, o sentimento.&#8221; <em>Dicion\u00e1rio dos S\u00edmbolos<\/em><\/p>\r\n\r\n\r\n\r\n\r\n\r\n<div class=\"wp-block-image\">\r\n<figure class=\"aligncenter\"><img fetchpriority=\"high\" decoding=\"async\" width=\"250\" height=\"250\" class=\"wp-image-16993\" src=\"https:\/\/fengshuilogico.com\/blog\/wp-content\/uploads\/2019\/07\/aquarius_symbol_astrology.jpg\" alt=\"\" srcset=\"https:\/\/fengshuilogico.com\/blog\/wp-content\/uploads\/2019\/07\/aquarius_symbol_astrology.jpg 250w, https:\/\/fengshuilogico.com\/blog\/wp-content\/uploads\/2019\/07\/aquarius_symbol_astrology-150x150.jpg 150w\" sizes=\"(max-width: 250px) 100vw, 250px\" \/><\/figure>\r\n<\/div>\r\n\r\n\r\n\r\n<div class=\"wp-block-image\">\r\n<figure class=\"aligncenter\"><img decoding=\"async\" width=\"213\" height=\"236\" class=\"wp-image-16991\" src=\"https:\/\/fengshuilogico.com\/blog\/wp-content\/uploads\/2019\/07\/aquario.jpg\" alt=\"\" \/>\r\n<figcaption>Aguadeiro, o que distribui a \u00e1gua para a comunidade<\/figcaption>\r\n<\/figure>\r\n<\/div>\r\n\r\n\r\n\r\n<p><strong>Aqu\u00e1rio \u00e9 um signo regido pelo elemento AR,<\/strong> que favorece a comunica\u00e7\u00e3o, raz\u00e3o, liberdade. Desapego. Menos \u00e9 mais.<\/p>\r\n\r\n\r\n\r\n<p>Tudo isso deve ser vivido com os valores aprendidos na Era anterior: com profundidade, com consci\u00eancia, com compaix\u00e3o.<\/p>\r\n\r\n\r\n\r\n<p>O Ar \u00e9 livre por natureza. Portanto, essa Era \u00e9 marcada por novas formas de enxergar a realidade, buscando colocar a leveza em nossas rela\u00e7\u00f5es afetivas. Compreendemos que o Amor s\u00f3 sobrevive quando respeitamos a individualidade do outro.<\/p>\r\n\r\n\r\n\r\n<p>Todos os elementos precisam estar em equil\u00edbrio dentro de n\u00f3s para que possamos atingir nossa liberdade, plenitude.<\/p>\r\n\r\n\r\n\r\n<p>O momento pede para sairmos do solipcismo, do individualismo, de n\u00e3o nos centrarmos no ego apenas e abrirmos os olhos para a verdade de que fazemos parte de um projeto muito s\u00e9rio chamado Vida e que essa consci\u00eancia mudar\u00e1 nosso comportamento de forma ampla, social, econ\u00f4mica, pol\u00edtica e religiosa.<\/p>\r\n\r\n\r\n\r\n<p>O que fazemos volta para n\u00f3s. Essa \u00e9 a consci\u00eancia.<\/p>\r\n\r\n\r\n\r\n<p><em>Essa nova Era tem como tend\u00eancia criar um mundo com mais amor, liberdade com responsabilidade, e paz. Por\u00e9m isso s\u00f3 ser\u00e1 poss\u00edvel a partir da evolu\u00e7\u00e3o de cada um, algo que formar\u00e1 um coletivo harmonioso.\u00a0<\/em><\/p>\r\n\r\n\r\n\r\n<p><strong><em>O equil\u00edbrio ser\u00e1 a meta em todos os setores humanos.<\/em><\/strong><\/p>\r\n\r\n\r\n\r\n<p>Feng Shui L\u00f3gico, um instrumento valioso para reconectar-nos \u00e0 Natureza e conquistarmos o Equil\u00edbrio.<\/p>\r\n\r\n\r\n\r\n<figure class=\"wp-block-embed is-type-video is-provider-youtube wp-block-embed-youtube wp-embed-aspect-16-9 wp-has-aspect-ratio\">\r\n<div class=\"wp-block-embed__wrapper\">https:\/\/www.youtube.com\/watch?v=7aidAbwO-oM<\/div>\r\n<\/figure>\r\n\r\n\r\n\r\n<figure class=\"wp-block-embed is-type-video is-provider-youtube wp-block-embed-youtube wp-embed-aspect-16-9 wp-has-aspect-ratio\">\r\n<div class=\"wp-block-embed__wrapper\">https:\/\/www.youtube.com\/watch?v=k4y_cfmsccQ<\/div>\r\n<\/figure>\r\n\r\n\r\n\r\n<p>&nbsp;<\/p>\r\n","protected":false},"excerpt":{"rendered":"<p>\u00c9 preciso acordar:\u00a0Somos n\u00f3s que estamos construindo a sociedade em que todos queremos viver. A transi\u00e7\u00e3o est\u00e1 evidente: mesmo as pessoas comuns que nunca se preocuparam com essas coisas, e nem mesmo acreditaram que isso poderia acontecer, reconhecem que o mundo mudou. Ainda estamos em meio \u00e0s turbul\u00eancias dessa mudan\u00e7a. Por\u00e9m, em mar\u00e7o de 2020 [&hellip;]<\/p>\n","protected":false},"author":6,"featured_media":29202,"comment_status":"open","ping_status":"open","sticky":false,"template":"","format":"standard","meta":{"footnotes":""},"categories":[28,817,2274],"tags":[2272,2270,2268],"_links":{"self":[{"href":"https:\/\/fengshuilogico.com\/blog\/wp-json\/wp\/v2\/posts\/16987"}],"collection":[{"href":"https:\/\/fengshuilogico.com\/blog\/wp-json\/wp\/v2\/posts"}],"about":[{"href":"https:\/\/fengshuilogico.com\/blog\/wp-json\/wp\/v2\/types\/post"}],"author":[{"embeddable":true,"href":"https:\/\/fengshuilogico.com\/blog\/wp-json\/wp\/v2\/users\/6"}],"replies":[{"embeddable":true,"href":"https:\/\/fengshuilogico.com\/blog\/wp-json\/wp\/v2\/comments?post=16987"}],"version-history":[{"count":2,"href":"https:\/\/fengshuilogico.com\/blog\/wp-json\/wp\/v2\/posts\/16987\/revisions"}],"predecessor-version":[{"id":29205,"href":"https:\/\/fengshuilogico.com\/blog\/wp-json\/wp\/v2\/posts\/16987\/revisions\/29205"}],"wp:featuredmedia":[{"embeddable":true,"href":"https:\/\/fengshuilogico.com\/blog\/wp-json\/wp\/v2\/media\/29202"}],"wp:attachment":[{"href":"https:\/\/fengshuilogico.com\/blog\/wp-json\/wp\/v2\/media?parent=16987"}],"wp:term":[{"taxonomy":"category","embeddable":true,"href":"https:\/\/fengshuilogico.com\/blog\/wp-json\/wp\/v2\/categories?post=16987"},{"taxonomy":"post_tag","embeddable":true,"href":"https:\/\/fengshuilogico.com\/blog\/wp-json\/wp\/v2\/tags?post=16987"}],"curies":[{"name":"wp","href":"https:\/\/api.w.org\/{rel}","templated":true}]}}