{"id":16941,"date":"2019-07-02T11:18:41","date_gmt":"2019-07-02T14:18:41","guid":{"rendered":"https:\/\/fengshuilogico.com\/blog\/?p=16941"},"modified":"2019-12-29T18:37:10","modified_gmt":"2019-12-29T21:37:10","slug":"emocoes-como-equilibrar","status":"publish","type":"post","link":"https:\/\/fengshuilogico.com\/blog\/2019\/07\/02\/emocoes-como-equilibrar\/","title":{"rendered":"Emo\u00e7\u00f5es: como equilibrar?"},"content":{"rendered":"\n<p>Dica:<br>Cuide se seu mundo emocional com muito carinho: as influ\u00eancias desse Eclipse geram per\u00edodo de incertezas no campo emocional.<\/p>\n\n\n\n<p>A lua representa o inconsciente.<br>Inst\u00e1vel, influencia nossas rea\u00e7\u00f5es, e \u00e9 necess\u00e1rio um profundo autoconhecimento para podermos amadurecer nossas emo\u00e7\u00f5es e ent\u00e3o agir com sentimento.<br>A emo\u00e7\u00e3o \u00e9 sua rea\u00e7\u00e3o ao que \u00e9 externo a voc\u00ea.<br>O sentimento \u00e9 formado dentro de seu cora\u00e7\u00e3o, flui a partir de voc\u00ea.<\/p>\n\n\n\n<figure class=\"wp-block-embed-youtube wp-block-embed is-type-video is-provider-youtube wp-embed-aspect-16-9 wp-has-aspect-ratio\"><div class=\"wp-block-embed__wrapper\">\n<div class=\"jeg_video_container jeg_video_content\"><iframe title=\"A LUA NO SEU MAPA ASTRAL REVELA COMO VOC\u00ca REAGE EMOCIONALMENTE\" width=\"500\" height=\"281\" src=\"https:\/\/www.youtube.com\/embed\/t6AT8CdmUH8?feature=oembed\" frameborder=\"0\" allow=\"accelerometer; autoplay; clipboard-write; encrypted-media; gyroscope; picture-in-picture; web-share\" allowfullscreen><\/iframe><\/div>\n<\/div><\/figure>\n\n\n\n<p><\/p>\n\n\n\n<p> <em>Ad\u00e3o antes de Eva<\/em><br><em>ou o sexo como caminho para a consci\u00eancia de si e do outro<\/em> <\/p>\n\n\n\n<figure class=\"wp-block-embed-wordpress wp-block-embed is-type-wp-embed is-provider-feng-shui-logico-metodo-solar-stela-vecchi\"><div class=\"wp-block-embed__wrapper\">\nhttps:\/\/fengshuilogico.com\/blog\/2018\/08\/21\/mulher-com-lua-seus-pes\/\n<\/div><\/figure>\n","protected":false},"excerpt":{"rendered":"<p>Dica:Cuide se seu mundo emocional com muito carinho: as influ\u00eancias desse Eclipse geram per\u00edodo de incertezas no campo emocional. A lua representa o inconsciente.Inst\u00e1vel, influencia nossas rea\u00e7\u00f5es, e \u00e9 necess\u00e1rio um profundo autoconhecimento para podermos amadurecer nossas emo\u00e7\u00f5es e ent\u00e3o agir com sentimento.A emo\u00e7\u00e3o \u00e9 sua rea\u00e7\u00e3o ao que \u00e9 externo a voc\u00ea.O sentimento \u00e9 [&hellip;]<\/p>\n","protected":false},"author":6,"featured_media":7181,"comment_status":"open","ping_status":"open","sticky":false,"template":"","format":"standard","meta":{"footnotes":""},"categories":[28],"tags":[],"_links":{"self":[{"href":"https:\/\/fengshuilogico.com\/blog\/wp-json\/wp\/v2\/posts\/16941"}],"collection":[{"href":"https:\/\/fengshuilogico.com\/blog\/wp-json\/wp\/v2\/posts"}],"about":[{"href":"https:\/\/fengshuilogico.com\/blog\/wp-json\/wp\/v2\/types\/post"}],"author":[{"embeddable":true,"href":"https:\/\/fengshuilogico.com\/blog\/wp-json\/wp\/v2\/users\/6"}],"replies":[{"embeddable":true,"href":"https:\/\/fengshuilogico.com\/blog\/wp-json\/wp\/v2\/comments?post=16941"}],"version-history":[{"count":0,"href":"https:\/\/fengshuilogico.com\/blog\/wp-json\/wp\/v2\/posts\/16941\/revisions"}],"wp:featuredmedia":[{"embeddable":true,"href":"https:\/\/fengshuilogico.com\/blog\/wp-json\/wp\/v2\/media\/7181"}],"wp:attachment":[{"href":"https:\/\/fengshuilogico.com\/blog\/wp-json\/wp\/v2\/media?parent=16941"}],"wp:term":[{"taxonomy":"category","embeddable":true,"href":"https:\/\/fengshuilogico.com\/blog\/wp-json\/wp\/v2\/categories?post=16941"},{"taxonomy":"post_tag","embeddable":true,"href":"https:\/\/fengshuilogico.com\/blog\/wp-json\/wp\/v2\/tags?post=16941"}],"curies":[{"name":"wp","href":"https:\/\/api.w.org\/{rel}","templated":true}]}}