{"id":16664,"date":"2019-05-17T19:50:37","date_gmt":"2019-05-17T22:50:37","guid":{"rendered":"https:\/\/fengshuilogico.com\/blog\/?p=16664"},"modified":"2023-04-21T16:18:05","modified_gmt":"2023-04-21T19:18:05","slug":"domingo-4-coisas-favoraveis-para-se-fazer-no-domingo","status":"publish","type":"post","link":"https:\/\/fengshuilogico.com\/blog\/2019\/05\/17\/domingo-4-coisas-favoraveis-para-se-fazer-no-domingo\/","title":{"rendered":"Domingo &#8211; 4 coisas favor\u00e1veis para se fazer no domingo"},"content":{"rendered":"\n<p><strong>O Domingo \u00e9 o primeiro dia da semana e \u00e9 dedicado ao Criador e ao Sol, estrela de 5\u00aa grandeza e maestro da orquestra da Vida para nosso planeta.<br><em>Favorece o lazer, a contempla\u00e7\u00e3o e a recarga das for\u00e7as para a semana que se inicia.<\/em><\/strong><\/p>\n\n\n\n<figure class=\"wp-block-image aligncenter is-resized\"><img fetchpriority=\"high\" decoding=\"async\" src=\"https:\/\/fengshuilogico.com\/blog\/wp-content\/uploads\/2015\/11\/Curso_B\u00e1sico_Porto_Alegre_11_2015-768x1024.jpg\" alt=\"\" class=\"wp-image-10322\" width=\"234\" height=\"311\" srcset=\"https:\/\/fengshuilogico.com\/blog\/wp-content\/uploads\/2015\/11\/Curso_B\u00e1sico_Porto_Alegre_11_2015-768x1024.jpg 768w, https:\/\/fengshuilogico.com\/blog\/wp-content\/uploads\/2015\/11\/Curso_B\u00e1sico_Porto_Alegre_11_2015-225x300.jpg 225w, https:\/\/fengshuilogico.com\/blog\/wp-content\/uploads\/2015\/11\/Curso_B\u00e1sico_Porto_Alegre_11_2015.jpg 1200w\" sizes=\"(max-width: 234px) 100vw, 234px\" \/><figcaption class=\"wp-element-caption\">Por do Sol\nRio Gua\u00edba\nPorto Alegre, RS<\/figcaption><\/figure>\n\n\n\n<figure class=\"wp-block-embed is-type-video is-provider-youtube wp-block-embed-youtube wp-embed-aspect-16-9 wp-has-aspect-ratio\"><div class=\"wp-block-embed__wrapper\">\nhttps:\/\/www.youtube.com\/watch?v=cEmFRKfwkPQ\n<\/div><\/figure>\n\n\n\n<p>Domingo \u00e9 um dia muito especial: dia de agradecimento ao Criador e os dons recebidos pela Vida, representada pelo Irm\u00e3o Sol.<\/p>\n\n\n\n<p> Deus \u00e9 Luz: para o nosso planeta, a luz vem do Sol!<\/p>\n\n\n\n<p>Na verdade, o Sol por nos trazer a Luz \u00e9 a criatura que mais se assemelha ao Criador.<\/p>\n\n\n\n<p>Muitos povos antigos adoravam o Sol, mas pode ser tamb\u00e9m que vissem no Sol essa semelhan\u00e7a maior com o divino.<\/p>\n\n\n\n<p><\/p>\n\n\n\n<p><strong>O Domingo \u00e9 o primeiro dia da semana e \u00e9 dedicado ao Criador e ao Sol,  estrela de 5\u00aa grandeza e maestro da orquestra da Vida para nosso planeta.<br><em>Favorece o lazer, a contempla\u00e7\u00e3o e a recarga das for\u00e7as para a semana que se inicia.<\/em><\/strong><\/p>\n\n\n\n<ul>\n<li>Em italiano \u00e9 chamado de Domenica, que vem do latim Dominus, Dia do Senhor.<\/li>\n\n\n\n<li>Em ingl\u00eas: \u00e9 chamado de Sunday (Domingo) \u2013 Sun day, Dia do Sol.<\/li>\n<\/ul>\n\n\n\n<p><strong>Pedras e metal que vibram com esse dia:<\/strong><\/p>\n\n\n\n<p>Ouro e pedras amarelas (top\u00e1zio, citrino, top\u00e1zio imperial, calcita mel).<br>O Domingo \u00e9 o primeiro dia da semana e \u00e9 dedicado ao Sol,  estrela de 5\u00aa grandeza e maestro da orquestra da Vida para nosso planeta.<br><em>Favorece o lazer, a contempla\u00e7\u00e3o e a recarga das for\u00e7as para a semana que se inicia.<\/em><\/p>\n\n\n\n<p><strong>Atividades favorecidas neste dia:<\/strong><\/p>\n\n\n\n<p>Participar de atividades religiosas e espirituais, na parte da manh\u00e3.<\/p>\n\n\n\n<p><\/p>\n\n\n<p>Dedicar-se ao lazer e ao descanso. Recarregar as for\u00e7as para a semana que se inicia.<\/p>\n\n\n<p>Meditar na natureza.<\/p>\n\n\n\n<p>Reunir-se com sua fam\u00edlia de sangue e\/ou espiritual.<\/p>\n\n\n\n<p>Veja qual o lado de sua casa que recebe as energias do Nascer do Sol:<\/p>\n\n\n\n<figure class=\"wp-block-embed is-type-video is-provider-youtube wp-block-embed-youtube wp-embed-aspect-16-9 wp-has-aspect-ratio\"><div class=\"wp-block-embed__wrapper\">\nhttps:\/\/www.youtube.com\/watch?v=wX_O-rYuybc\n<\/div><\/figure>\n\n\n\n<p><\/p>\n\n\n\n<p><\/p>\n\n\n\n<p><em>Para voc\u00ea, Domingo \u00e9 o primeiro ou o \u00faltimo dia da semana?                                            <\/em><\/p>\n\n\n\n<p><em>Na alegoria B\u00edblica ,  Deus criou  o mundo em 6 dias. E no s\u00e9timo, descansou.                                                                                                            Segundo esse relato, s\u00e1bado ent\u00e3o \u00e9 o s\u00e9timo dia, o do descanso, da reflex\u00e3o. <\/em><\/p>\n\n\n\n<p><p>\u00c9 importante salientar que como temos dois dias no final de semana (s\u00e1bado e domingo),  ap\u00f3s a ressurrei\u00e7\u00e3o de Cristo, que o s\u00e1bado consagrado pelos judeus como dia de descanso seria de fato observado no domingo, Dia do Senhor e Dia do Sol em algumas l\u00ednguas.<\/p>\n<p><!--EndFragment--><\/p>\n<p><\/p><\/p>\n\n\n\n<p><a href=\"https:\/\/www.calendarr.com\/brasil\/qual-o-primeiro-dia-da-semana\/\">Fonte: https:\/\/www.calendarr.com\/brasil\/qual-o-primeiro-dia-da-semana\/<\/a><\/p>\n\n\n\n<p>Portanto, <\/p>\n\n\n\n<p> &#8220;Oficialmente, (domingo) \u00e9 o \u00faltimo dia. A Organiza\u00e7\u00e3o Internacional de Padroniza\u00e7\u00e3o (ISO) estipulou, em 2004, os padr\u00f5es mundiais de dias, horas e anos. Al\u00e9m dela, a Associa\u00e7\u00e3o Brasileira de Normas T\u00e9cnicas (ABNT) tamb\u00e9m qualifica o domingo como \u00faltimo dia da semana&#8221;.<\/p>\n\n\n\n<p>Fonte: Super interessante  <br><a href=\"https:\/\/super.abril.com.br\/mundo-estranho\/afinal-domingo-e-o-comeco-ou-o-fim-da-semana\/\">https:\/\/super.abril.com.br\/mundo-estranho\/afinal-domingo-e-o-comeco-ou-o-fim-da-semana\/<\/a> <\/p>\n\n\n\n<p><\/p>\n\n\n\n<figure class=\"wp-block-embed is-type-video is-provider-youtube wp-block-embed-youtube wp-embed-aspect-16-9 wp-has-aspect-ratio\"><div class=\"wp-block-embed__wrapper\">\nhttps:\/\/www.youtube.com\/watch?v=PC5kSYRSX-E\n<\/div><\/figure>\n\n\n\n<p><\/p>\n\n\n\n<p> <\/p>\n\n\n\n<p><\/p>\n\n\n\n<p><\/p>\n\n\n\n<p><\/p>\n\n\n\n<p> <\/p>\n\n\n\n<figure class=\"wp-block-embed alignright is-type-link is-provider-superinteressante\"><div class=\"wp-block-embed__wrapper\">\nhttps:\/\/super.abril.com.br\/mundo-estranho\/afinal-domingo-e-o-comeco-ou-o-fim-da-semana\/\n<\/div><\/figure>\n","protected":false},"excerpt":{"rendered":"<p>O Domingo \u00e9 o primeiro dia da semana e \u00e9 dedicado ao Criador e ao Sol, estrela de 5\u00aa grandeza e maestro da orquestra da Vida para nosso planeta.Favorece o lazer, a contempla\u00e7\u00e3o e a recarga das for\u00e7as para a semana que se inicia. Domingo \u00e9 um dia muito especial: dia de agradecimento ao Criador [&hellip;]<\/p>\n","protected":false},"author":6,"featured_media":16931,"comment_status":"open","ping_status":"open","sticky":false,"template":"","format":"standard","meta":{"footnotes":""},"categories":[2437,2350],"tags":[2258,2243],"_links":{"self":[{"href":"https:\/\/fengshuilogico.com\/blog\/wp-json\/wp\/v2\/posts\/16664"}],"collection":[{"href":"https:\/\/fengshuilogico.com\/blog\/wp-json\/wp\/v2\/posts"}],"about":[{"href":"https:\/\/fengshuilogico.com\/blog\/wp-json\/wp\/v2\/types\/post"}],"author":[{"embeddable":true,"href":"https:\/\/fengshuilogico.com\/blog\/wp-json\/wp\/v2\/users\/6"}],"replies":[{"embeddable":true,"href":"https:\/\/fengshuilogico.com\/blog\/wp-json\/wp\/v2\/comments?post=16664"}],"version-history":[{"count":0,"href":"https:\/\/fengshuilogico.com\/blog\/wp-json\/wp\/v2\/posts\/16664\/revisions"}],"wp:featuredmedia":[{"embeddable":true,"href":"https:\/\/fengshuilogico.com\/blog\/wp-json\/wp\/v2\/media\/16931"}],"wp:attachment":[{"href":"https:\/\/fengshuilogico.com\/blog\/wp-json\/wp\/v2\/media?parent=16664"}],"wp:term":[{"taxonomy":"category","embeddable":true,"href":"https:\/\/fengshuilogico.com\/blog\/wp-json\/wp\/v2\/categories?post=16664"},{"taxonomy":"post_tag","embeddable":true,"href":"https:\/\/fengshuilogico.com\/blog\/wp-json\/wp\/v2\/tags?post=16664"}],"curies":[{"name":"wp","href":"https:\/\/api.w.org\/{rel}","templated":true}]}}