{"id":15797,"date":"2019-02-06T07:17:14","date_gmt":"2019-02-06T10:17:14","guid":{"rendered":"https:\/\/fengshuilogico.com\/blog\/?p=15797"},"modified":"2019-02-06T11:03:03","modified_gmt":"2019-02-06T14:03:03","slug":"o-convite-de-cristo","status":"publish","type":"post","link":"https:\/\/fengshuilogico.com\/blog\/2019\/02\/06\/o-convite-de-cristo\/","title":{"rendered":"O convite de Cristo"},"content":{"rendered":"<blockquote><p>Esses textos s\u00e3o frutos de minhas medita\u00e7\u00f5es sobre o caminho que percorro desde que aceitei o convite de Cristo.<br \/>\nPara mim, sua vida, seus ensinamentos, seus exemplos s\u00e3o um convite.<br \/>\nUm convite para conhecer a vibra\u00e7\u00e3o superior, o reino dos C\u00e9us que est\u00e1 dentro de n\u00f3s, mas que precisa ser descoberto como um tesouro escondido em terras n\u00e3o conhecidas ainda.<br \/>\nAo encontrar esse tesouro, vamos descobrindo tudo que precisamos para compreender que Cristo \u00e9 uma parte de n\u00f3s mesmos resgatada por Ele.<\/p><\/blockquote>\n<p><img fetchpriority=\"high\" decoding=\"async\" src=\"https:\/\/fengshuilogico.com\/blog\/wp-content\/uploads\/2019\/02\/o-convite-de-cristo-300x200.jpg\" alt=\"\" width=\"300\" height=\"200\" class=\"aligncenter size-medium wp-image-15872\" srcset=\"https:\/\/fengshuilogico.com\/blog\/wp-content\/uploads\/2019\/02\/o-convite-de-cristo-300x200.jpg 300w, https:\/\/fengshuilogico.com\/blog\/wp-content\/uploads\/2019\/02\/o-convite-de-cristo.jpg 509w\" sizes=\"(max-width: 300px) 100vw, 300px\" \/><\/p>\n<p>Nossa vida transcorre dentro de sistemas familiares, sociais, planet\u00e1rio.<!--more--><!--more--><\/p>\n<p>E segundo alguns estudiosos, somos n\u00f3s mesmos lidando com nossas luzes e sombras manifestas em tudo que nos cerca.<\/p>\n<p>\u00c9 muito dif\u00edcil chegarmos nessa verdade: somos n\u00f3s mesmos que criamos nossa realidade, e com ela tudo que precisamos para crescer e transcender a frequ\u00eancia de dor em que podemos nos encontrar.<\/p>\n<p>Ao entender isso, entendemos tamb\u00e9m que Cristo \u00e9 um aspecto interno que est\u00e1 em cada um de n\u00f3s.<br \/>\nCom sua vida vivida integralmente, unida \u00e0 Vida do Criador que chamou de Pai, atraiu tudo a si mesmo e exigiu de cada um de n\u00f3s nossa posi\u00e7\u00e3o.<\/p>\n<p>E assim, cada um de n\u00f3s que o aceita e caminha na vida para revel\u00e1-lo cada vez mais, torna-se um Cristo e comunga com a Vida, religa-se ao Todo.<br \/>\nPor isso Cristo tamb\u00e9m \u00e9 denominado de Sol Nascente, que rege a Vida em nosso planeta.<br \/>\n&#8220;O poder do Sol n\u00e3o \u00e9 apenas uma energia f\u00edsica, mas tamb\u00e9m um poder vital. O que vemos no Sol \u00e9 id\u00eantico ao poder espiritual por tr\u00e1s do Sol&#8221;.<br \/>\n<em>A Numerologia e o Tri\u00e2ngulo Divino, Faith Javane e Dusty Bunker, Pensamento, 2009.<\/em><\/p>\n<p>Como um Sol Nascente, as palavras de Cristo iluminam as buscas dos que anseiam.<\/p>\n<p>E assim como o Sol estabelece uma rela\u00e7\u00e3o \u00fanica com cada ser que ilumina, Cristo tamb\u00e9m nos ilumina de forma diferenciada.<br \/>\nPor isso t\u00e3o numerosas as voca\u00e7\u00f5es de amor t\u00e3o variadas despertadas por aqueles que aceitaram seu convite para os guiar para a dimens\u00e3o superior.<\/p>\n<p>Mestre inigual\u00e1vel, nos ensinou em detalhes o caminho \u00e1rduo, estreito, e pleno de gratid\u00e3o que se apresenta aos que iniciam a vida da alma, agora desperta.<\/p>\n<p>Muitas compara\u00e7\u00f5es que Ele usou para explicar a dimens\u00e3o do Amor s\u00e3o compreendidas at\u00e9 hoje, mais de 2000 anos depois com todas as transforma\u00e7\u00f5es profundas que se seguiu atrav\u00e9s das \u00e9pocas.<\/p>\n<p>Podemos entender que um comerciante de p\u00e9rolas, acostumado a ver p\u00e9rolas de todos os tipos e tamanhos, se depara um belo dia com uma que lhe arrebata o cora\u00e7\u00e3o por tanta beleza: e sem pensar duas vezes, vende todas as que tem para comprar aquela t\u00e3o mais cara e preciosa.<br \/>\nImpl\u00edcito nesta par\u00e1bola, as ren\u00fancias que teremos que fazer para atingirmos o reino dos c\u00e9us.<br \/>\nCom o tempo, percebemos que n\u00e3o s\u00e3o mais ren\u00fancias, porque vamos rejeitando aqueles prazeres que j\u00e1 n\u00e3o satisfazem nosso ser acostumado ent\u00e3o a manjares muito mais finos e saborosos.<\/p>\n<p>Os sabores da alma despertados pela nossa vida espiritual ativa, elevam nossos sentidos.<\/p>\n<p>Algu\u00e9m pode imaginar a inutilidade de dar p\u00e9rolas aos porcos? De novo a p\u00e9rola, uma preciosidade, \u00e9 comparada \u00e0 sabedoria gerada dentro de n\u00f3s despertada pelas palavras de Cristo.<\/p>\n<p><em>Aquele que me ama, guarda minhas palavras. E meu pai e eu faremos morada em seu cora\u00e7\u00e3o.<\/em><\/p>\n<p><em>E de seu ventre, jorrar\u00e3o rios de \u00e1gua viva.<\/em><\/p>\n<p>\u00c9 o nosso interior que passa a ser habitado pelo Esp\u00edrito Santo, pela energia ps\u00edquica generosa e s\u00e1bia e que preenche nosso \u00edntimo com a Vida que n\u00e3o se acaba.<\/p>\n<p>Muitos foram alimentados por suas palavras. Santa Teresinha de Lisieux, antes de respirar pela \u00faltima vez neste plano, declara: &#8220;N\u00e3o morro, entro na Vida&#8221;.<\/p>\n<p>\u00c9 fascinante seguir esse Divino Mestre.<br \/>\nAbre-se diante de nossos olhos uma vida cheia de significado. De compreens\u00f5es profundas. E tamb\u00e9m de perplexidades inevit\u00e1veis diante da inconsci\u00eancia dos que ainda n\u00e3o despertaram sua alma e praticam a mentira, a ira, o \u00f3dio, a indiferen\u00e7a, a pregui\u00e7a, entre tantos outros estados inferiores de ser.<\/p>\n<p>E para os que escolheram subir a montanha da Sabedoria existem 2 atitudes que matam a alma: a mentira e a ira.<br \/>\nA mentira porque quem \u00e9 mentiroso jamais pode conhecer a sutil vontade de Deus expressa na verdade da Natureza, dos frutos de nossos atos.<br \/>\nE a ira, porque nossa vida para permanecer viva, deve estar mergulhada nas \u00e1guas do perd\u00e3o:<\/p>\n<blockquote><p>O Amor \u00e9 pac\u00edfico por natureza.<br \/>\nS\u00f3 entra em combate quando pressente que o mal que percebe pode destru\u00ed-lo.<br \/>\nE ainda assim, o faz pedindo perd\u00e3o e perdoando.<br \/>\nO perd\u00e3o \u00e9 o sal que mantem a pureza da alma, o \u00fanico ambiente em que o AMOR permanece.<br \/>\nPorque o Amor \u00e9 purificado tanto pela \u00c1gua como pelo Fogo.<br \/>\nAt\u00e9 se tornar como chama suave dentro de voc\u00ea.<\/p><\/blockquote>\n<p>Somos o sal da terra. Somos os olhos que veem.<br \/>\nSomos os filhos do Alt\u00edssimo quando fazemos a paz.<br \/>\nE temos fome e sede de justi\u00e7a.<br \/>\nQueremos um mundo justo e fraterno.<br \/>\nPleno de compreens\u00e3o e sensatez. Ao mesmo tempo.<\/p>\n<p>Com firmeza na decis\u00e3o e suavidade na a\u00e7\u00e3o, sempre que poss\u00edvel.<br \/>\nTratando das coisas com a prud\u00eancia das serpentes.<br \/>\nE a simplicidade das pombas.<\/p>\n<p><em>Com mansid\u00e3o e humildade em nosso cora\u00e7\u00e3o<\/em>, pleno de gra\u00e7a  e alegria divinas.<\/p>\n<p>A verdade \u00e9 a base do Amor.<br \/>\nEle proclama <em>Eu Sou a Verdade<\/em>.<br \/>\nMas nunca disse Eu Sou o Amor.<br \/>\nPorque Amor sem verdade sequer existe.<\/p>\n<p>Stela Vecchi<\/p>\n<p>https:\/\/www.youtube.com\/watch?v=_jzDQzSCldk<\/p>\n","protected":false},"excerpt":{"rendered":"<p>Esses textos s\u00e3o frutos de minhas medita\u00e7\u00f5es sobre o caminho que percorro desde que aceitei o convite de Cristo. Para mim, sua vida, seus ensinamentos, seus exemplos s\u00e3o um convite. Um convite para conhecer a vibra\u00e7\u00e3o superior, o reino dos C\u00e9us que est\u00e1 dentro de n\u00f3s, mas que precisa ser descoberto como um tesouro escondido [&hellip;]<\/p>\n","protected":false},"author":6,"featured_media":15872,"comment_status":"open","ping_status":"open","sticky":false,"template":"","format":"standard","meta":{"footnotes":""},"categories":[42],"tags":[],"_links":{"self":[{"href":"https:\/\/fengshuilogico.com\/blog\/wp-json\/wp\/v2\/posts\/15797"}],"collection":[{"href":"https:\/\/fengshuilogico.com\/blog\/wp-json\/wp\/v2\/posts"}],"about":[{"href":"https:\/\/fengshuilogico.com\/blog\/wp-json\/wp\/v2\/types\/post"}],"author":[{"embeddable":true,"href":"https:\/\/fengshuilogico.com\/blog\/wp-json\/wp\/v2\/users\/6"}],"replies":[{"embeddable":true,"href":"https:\/\/fengshuilogico.com\/blog\/wp-json\/wp\/v2\/comments?post=15797"}],"version-history":[{"count":0,"href":"https:\/\/fengshuilogico.com\/blog\/wp-json\/wp\/v2\/posts\/15797\/revisions"}],"wp:featuredmedia":[{"embeddable":true,"href":"https:\/\/fengshuilogico.com\/blog\/wp-json\/wp\/v2\/media\/15872"}],"wp:attachment":[{"href":"https:\/\/fengshuilogico.com\/blog\/wp-json\/wp\/v2\/media?parent=15797"}],"wp:term":[{"taxonomy":"category","embeddable":true,"href":"https:\/\/fengshuilogico.com\/blog\/wp-json\/wp\/v2\/categories?post=15797"},{"taxonomy":"post_tag","embeddable":true,"href":"https:\/\/fengshuilogico.com\/blog\/wp-json\/wp\/v2\/tags?post=15797"}],"curies":[{"name":"wp","href":"https:\/\/api.w.org\/{rel}","templated":true}]}}