{"id":15238,"date":"2018-11-09T23:11:12","date_gmt":"2018-11-10T02:11:12","guid":{"rendered":"https:\/\/fengshuilogico.com\/blog\/?p=15238"},"modified":"2023-04-24T16:53:07","modified_gmt":"2023-04-24T19:53:07","slug":"mariana-3-anos-depois-da-tragedia","status":"publish","type":"post","link":"https:\/\/fengshuilogico.com\/blog\/2018\/11\/09\/mariana-3-anos-depois-da-tragedia\/","title":{"rendered":"Mariana 3 anos depois da trag\u00e9dia"},"content":{"rendered":"<p>Mariana: como est\u00e1 a regi\u00e3o da trag\u00e9dia 3 anos depois: http:\/\/a.msn.com\/01\/pt-br\/BBPnBQL?ocid=se<\/p>\n<p>Os ventos SUDESTE tem a fun\u00e7\u00e3o de alimentar o Autoconhecimento e a Espiritualidade.<br \/>\nAl\u00e9m das excelentes energias que \u00e9 recuperar \u00e1reas degradadas, a mobiliza\u00e7\u00e3o para restaurar Mariana ir\u00e1 trazer uma grande renova\u00e7\u00e3o para o povo brasileiro.<!--more--><!--more--><\/p>\n<p>https:\/\/www.youtube.com\/watch?v=ODElHKkAj5c<\/p>\n<figure id=\"attachment_14662\" aria-describedby=\"caption-attachment-14662\" style=\"width: 300px\" class=\"wp-caption aligncenter\"><img fetchpriority=\"high\" decoding=\"async\" class=\"size-medium wp-image-14662\" src=\"https:\/\/fengshuilogico.com\/blog\/wp-content\/uploads\/2018\/07\/Ba-gu\u00e1_Brasil-300x212.jpg\" alt=\"\" width=\"300\" height=\"212\" srcset=\"https:\/\/fengshuilogico.com\/blog\/wp-content\/uploads\/2018\/07\/Ba-gu\u00e1_Brasil-300x212.jpg 300w, https:\/\/fengshuilogico.com\/blog\/wp-content\/uploads\/2018\/07\/Ba-gu\u00e1_Brasil-768x544.jpg 768w, https:\/\/fengshuilogico.com\/blog\/wp-content\/uploads\/2018\/07\/Ba-gu\u00e1_Brasil-1024x725.jpg 1024w, https:\/\/fengshuilogico.com\/blog\/wp-content\/uploads\/2018\/07\/Ba-gu\u00e1_Brasil-140x100.jpg 140w\" sizes=\"(max-width: 300px) 100vw, 300px\" \/><figcaption id=\"caption-attachment-14662\" class=\"wp-caption-text\">Bagu\u00e1 aplicado no Brasil<\/figcaption><\/figure>\n<p>Mariana se encontra na \u00e1rea Sudeste que segundo o Feng Shui L\u00f3gico corresponde \u00e0 \u00c1rea do Autoconhecimento e Espiritualidade para o povo brasileiro:<\/p>\n<p>8 AUTOCONHECIMENTO e ESPIRITUALIDADE (SUDESTE) \u2013 onde se localiza Mariana. Demonstra a necessidade de crescermos como povo em consci\u00eancia e zelo pela terra que nos acolhe.<\/p>\n<p>Neste video: Escola e Evolu\u00e7\u00e3o: o significado das estrelas na Bandeira do Brasil<\/p>\n<p>https:\/\/www.youtube.com\/watch?v=xHbytn93awE<\/p>\n<p>INSCREVA-SE em nosso canal no YOUTUBE e receba v\u00eddeos atualizados com dicas e orienta\u00e7\u00f5es:<\/p>\n<p><strong> <a href=\"https:\/\/www.youtube.com\/watch?v=vpM0ZbpTA7s\" target=\"a_blank\" rel=\"noopener\"> Inscreva-se Canal Youtube\/Feng Shui L\u00f3gico<\/a><\/strong><\/p>\n<blockquote><p>As melhores energias v\u00eam do amor pela Vida, pelo nosso planeta, pelo nosso solo, pela nossa gente e por n\u00f3s mesmos. Tudo o mais \u00e9 consequ\u00eancia disso.<\/p><\/blockquote>\n<p><strong> <a href=\"https:\/\/loja.fengshuilogico.com\/livro-feng-shui-logico-stela-vecchi.html\" target=\"a_blank\" rel=\"noopener\"> Livro Feng Shui L\u00f3gico, Stela Vecchi, \u00cdcone Editora, 2004 &#8211; Compre aqui:<\/a><\/strong><\/p>\n<p><a href=\"https:\/\/fengshuilogico.com\/blog\/wp-content\/uploads\/2009\/05\/feng-shui-logico-stela-vecchi-icone-editora.png\"><img decoding=\"async\" class=\"aligncenter size-medium wp-image-7586\" src=\"https:\/\/fengshuilogico.com\/blog\/wp-content\/uploads\/2009\/05\/feng-shui-logico-stela-vecchi-icone-editora-205x300.png\" alt=\"feng-shui-logico-stela-vecchi-icone-editora\" width=\"205\" height=\"300\" srcset=\"https:\/\/fengshuilogico.com\/blog\/wp-content\/uploads\/2009\/05\/feng-shui-logico-stela-vecchi-icone-editora-205x300.png 205w, https:\/\/fengshuilogico.com\/blog\/wp-content\/uploads\/2009\/05\/feng-shui-logico-stela-vecchi-icone-editora.png 343w\" sizes=\"(max-width: 205px) 100vw, 205px\" \/><\/a><\/p>\n<p><strong> <a href=\"https:\/\/fengshuilogico.com\/blog\/2012\/10\/02\/como-nasceu-o-feng-shui-logico-e-a-adaptacao-do-ba-gua-para-o-hemisferio-sul\/\" target=\"a_blank\" rel=\"noopener\"> A hist\u00f3ria do Feng Shui L\u00f3gico: como nasceu a adapta\u00e7\u00e3o do Ba-gu\u00e1 para o Hemisf\u00e9rio Sul?<\/a><\/strong><\/p>\n<blockquote><p>Loja Feng Shui L\u00f3gico &#8211; M\u00e9todo Solar<br \/>\nCursos, Consultorias, Livros e apostilas de Feng Shui L\u00f3gico<\/p><\/blockquote>\n<p><strong> <a href=\"https:\/\/loja.fengshuilogico.com\/\" target=\"_blank\" rel=\"noopener\"> Loja Feng Shui L\u00f3gico <\/a><\/strong><br \/>\n<strong>Confira o Programa do Curso B\u00e1sico em nosso Website:<\/strong><br \/>\n<strong><a href=\"https:\/\/loja.fengshuilogico.com\/curso-basico-feng-shui-logico-online-completo-com-video-chamada-p154\" target=\"_blank\" rel=\"noopener\">Programa Curso B\u00e1sico de Feng Shui L\u00f3gico<\/a><\/strong><br \/>\nParticipe dos cursos ministrados por Stela Vecchi:<br \/>\n<strong>Feng Shui L\u00f3gico: Curso B\u00e1sico, Avan\u00e7ado e Profissionalizante<\/strong><br \/>\nNos cursos de Feng Shui L\u00f3gico voc\u00ea recebe informa\u00e7\u00f5es que ser\u00e3o \u00fateis para toda sua vida!<\/p>\n<p><strong>Visite tamb\u00e9m o site: <a href=\"https:\/\/www.fengshuilogico.com\" target=\"_blank\" rel=\"noopener\">www.fengshuilogico.com<\/a><\/strong><\/p>\n","protected":false},"excerpt":{"rendered":"<p>Mariana: como est\u00e1 a regi\u00e3o da trag\u00e9dia 3 anos depois: http:\/\/a.msn.com\/01\/pt-br\/BBPnBQL?ocid=se Os ventos SUDESTE tem a fun\u00e7\u00e3o de alimentar o Autoconhecimento e a Espiritualidade. Al\u00e9m das excelentes energias que \u00e9 recuperar \u00e1reas degradadas, a mobiliza\u00e7\u00e3o para restaurar Mariana ir\u00e1 trazer uma grande renova\u00e7\u00e3o para o povo brasileiro.<\/p>\n","protected":false},"author":6,"featured_media":14662,"comment_status":"open","ping_status":"open","sticky":false,"template":"","format":"standard","meta":{"footnotes":""},"categories":[37],"tags":[2138],"_links":{"self":[{"href":"https:\/\/fengshuilogico.com\/blog\/wp-json\/wp\/v2\/posts\/15238"}],"collection":[{"href":"https:\/\/fengshuilogico.com\/blog\/wp-json\/wp\/v2\/posts"}],"about":[{"href":"https:\/\/fengshuilogico.com\/blog\/wp-json\/wp\/v2\/types\/post"}],"author":[{"embeddable":true,"href":"https:\/\/fengshuilogico.com\/blog\/wp-json\/wp\/v2\/users\/6"}],"replies":[{"embeddable":true,"href":"https:\/\/fengshuilogico.com\/blog\/wp-json\/wp\/v2\/comments?post=15238"}],"version-history":[{"count":0,"href":"https:\/\/fengshuilogico.com\/blog\/wp-json\/wp\/v2\/posts\/15238\/revisions"}],"wp:featuredmedia":[{"embeddable":true,"href":"https:\/\/fengshuilogico.com\/blog\/wp-json\/wp\/v2\/media\/14662"}],"wp:attachment":[{"href":"https:\/\/fengshuilogico.com\/blog\/wp-json\/wp\/v2\/media?parent=15238"}],"wp:term":[{"taxonomy":"category","embeddable":true,"href":"https:\/\/fengshuilogico.com\/blog\/wp-json\/wp\/v2\/categories?post=15238"},{"taxonomy":"post_tag","embeddable":true,"href":"https:\/\/fengshuilogico.com\/blog\/wp-json\/wp\/v2\/tags?post=15238"}],"curies":[{"name":"wp","href":"https:\/\/api.w.org\/{rel}","templated":true}]}}