{"id":15130,"date":"2018-10-16T11:07:42","date_gmt":"2018-10-16T14:07:42","guid":{"rendered":"https:\/\/fengshuilogico.com\/blog\/?p=15130"},"modified":"2018-10-16T11:12:07","modified_gmt":"2018-10-16T14:12:07","slug":"profecias-maias-periodo-de-2012-a-2032","status":"publish","type":"post","link":"https:\/\/fengshuilogico.com\/blog\/2018\/10\/16\/profecias-maias-periodo-de-2012-a-2032\/","title":{"rendered":"Profecias maias <br> Per\u00edodo de 2012 a 2032"},"content":{"rendered":"<blockquote><p>Segundo as profecias maias, e muitas outras, essa escurid\u00e3o que vivemos se transformar\u00e1 em uma fase de harmonia e espiritualidade pr\u00e1tica.<\/p><\/blockquote>\n<p>Vivemos tempos muito exigentes.<br \/>\nAs coisas que est\u00e3o mal v\u00e3o se resolver no per\u00edodo que os maias chamaram de &#8220;tempo do n\u00e3o tempo&#8221;, <!--more--><!--more-->que ser\u00e1 de 2012 &#8211; 2032.<br \/>\nSincronicamente, a partir de 2017 entramos no Ciclo de Saturno,onde s\u00f3 se colhe o que se semeou.<\/p>\n<p>A boa noticia \u00e9 que, de acordo com as profecias (n\u00e3o s\u00f3 maias, mas muitas outras) a era que se aproxima \u00e9 de harmonia e espiritualidade.<\/p>\n<p>Segundo Francisco Xavier,o per\u00edodo cr\u00edtico ser\u00e1 at\u00e9 2019, mas sabemos que datas s\u00e3o muito dif\u00edceis de se colocar devido ao poder de influ\u00eancias que alteram tend\u00eancias.<\/p>\n<p>Um per\u00edodo de maior transpar\u00eancia e da verdade do cora\u00e7\u00e3o est\u00e1 a pleno vapor.<br \/>\nEsse tempo est\u00e1 entre n\u00f3s.<br \/>\nO cuidado com nossa ess\u00eancia deve ser maior, sintonizando-se com as melhores vibra\u00e7\u00f5es apenas.<br \/>\n(baseado em textos de Fernando Malkun e Chico Xavier &#8211; compila\u00e7\u00e3o de Giorgio Storace)<\/p>\n<div class=\"jeg_video_container jeg_video_content\"><iframe title=\"Qual o arqu\u00e9tipo da \u00e1guia?\" width=\"500\" height=\"281\" src=\"https:\/\/www.youtube.com\/embed\/PC5kSYRSX-E?feature=oembed\" frameborder=\"0\" allow=\"accelerometer; autoplay; clipboard-write; encrypted-media; gyroscope; picture-in-picture; web-share\" allowfullscreen><\/iframe><\/div>\n<p>INSCREVA-SE em nosso canal no YOUTUBE e receba v\u00eddeos atualizados com dicas e orienta\u00e7\u00f5es:<\/p>\n<p><strong> <a href=\"https:\/\/www.youtube.com\/watch?v=vpM0ZbpTA7s\"target=\"a_blank\"> Inscreva-se Canal Youtube\/Feng Shui L\u00f3gico<\/a><\/strong><\/p>\n<blockquote><p>      As melhores energias v\u00eam do amor pela Vida, pelo nosso planeta, pelo nosso solo, pela nossa gente e por n\u00f3s mesmos. Tudo o mais \u00e9 consequ\u00eancia disso.<\/p><\/blockquote>\n<p><strong> <a href=\"https:\/\/loja.fengshuilogico.com\/livro-feng-shui-logico-stela-vecchi.html\"target=\"a_blank\"> Livro Feng Shui L\u00f3gico, Stela Vecchi, \u00cdcone Editora, 2004 &#8211; Compre aqui:<\/a><\/strong><\/p>\n<p><a href=\"https:\/\/fengshuilogico.com\/blog\/wp-content\/uploads\/2009\/05\/feng-shui-logico-stela-vecchi-icone-editora.png\"><img fetchpriority=\"high\" decoding=\"async\" src=\"https:\/\/fengshuilogico.com\/blog\/wp-content\/uploads\/2009\/05\/feng-shui-logico-stela-vecchi-icone-editora-205x300.png\" alt=\"feng-shui-logico-stela-vecchi-icone-editora\" width=\"205\" height=\"300\" class=\"aligncenter size-medium wp-image-7586\" srcset=\"https:\/\/fengshuilogico.com\/blog\/wp-content\/uploads\/2009\/05\/feng-shui-logico-stela-vecchi-icone-editora-205x300.png 205w, https:\/\/fengshuilogico.com\/blog\/wp-content\/uploads\/2009\/05\/feng-shui-logico-stela-vecchi-icone-editora.png 343w\" sizes=\"(max-width: 205px) 100vw, 205px\" \/><\/a><\/p>\n<p><strong> <a href=\"https:\/\/fengshuilogico.com\/blog\/2012\/10\/02\/como-nasceu-o-feng-shui-logico-e-a-adaptacao-do-ba-gua-para-o-hemisferio-sul\/\"target=\"a_blank\"> A hist\u00f3ria do Feng Shui L\u00f3gico: como nasceu a adapta\u00e7\u00e3o do Ba-gu\u00e1 para o Hemisf\u00e9rio Sul?<\/a><\/strong><\/p>\n<blockquote><p>Loja Feng Shui L\u00f3gico &#8211; M\u00e9todo Solar das Quatro Esta\u00e7\u00f5es MSQE:<br \/>\nBolas de cristal facetado com o cord\u00e3o vermelho; ba-gu\u00e1s (exclusivo) para o Hemisf\u00e9rio Sul; livros e apostilas de Feng Shui L\u00f3gico e mais:<\/p><\/blockquote>\n<p><strong> <a href=\"https:\/\/loja.fengshuilogico.com\/\"target=\"_blank\"> Loja Feng Shui L\u00f3gico <\/strong><\/a><br \/>\n<strong>Confira o Programa do Curso B\u00e1sico em nosso Website:<\/strong><br \/>\n<strong><a href=\"https:\/\/loja.fengshuilogico.com\/curso-basico-feng-shui-logico-online-completo-com-video-chamada-p154\"target=\"_blank\">Programa Curso B\u00e1sico de Feng Shui L\u00f3gico<\/a><\/strong><br \/>\nParticipe dos cursos ministrados por Stela Vecchi:<br \/>\n<strong>Feng Shui L\u00f3gico: Curso B\u00e1sico, Avan\u00e7ado e Profissionalizante<\/strong><br \/>\nNos cursos de Feng Shui L\u00f3gico voc\u00ea recebe informa\u00e7\u00f5es que ser\u00e3o \u00fateis para toda sua vida!<\/p>\n<p><strong>Visite tamb\u00e9m o site: <a href=\"https:\/\/www.fengshuilogico.com\" target=\"_blank\">www.fengshuilogico.com<\/a><\/strong><\/p>\n","protected":false},"excerpt":{"rendered":"<p>Segundo as profecias maias, e muitas outras, essa escurid\u00e3o que vivemos se transformar\u00e1 em uma fase de harmonia e espiritualidade pr\u00e1tica. Vivemos tempos muito exigentes. As coisas que est\u00e3o mal v\u00e3o se resolver no per\u00edodo que os maias chamaram de &#8220;tempo do n\u00e3o tempo&#8221;,<\/p>\n","protected":false},"author":6,"featured_media":14509,"comment_status":"open","ping_status":"open","sticky":false,"template":"","format":"standard","meta":{"footnotes":""},"categories":[422,36],"tags":[2129,2128],"_links":{"self":[{"href":"https:\/\/fengshuilogico.com\/blog\/wp-json\/wp\/v2\/posts\/15130"}],"collection":[{"href":"https:\/\/fengshuilogico.com\/blog\/wp-json\/wp\/v2\/posts"}],"about":[{"href":"https:\/\/fengshuilogico.com\/blog\/wp-json\/wp\/v2\/types\/post"}],"author":[{"embeddable":true,"href":"https:\/\/fengshuilogico.com\/blog\/wp-json\/wp\/v2\/users\/6"}],"replies":[{"embeddable":true,"href":"https:\/\/fengshuilogico.com\/blog\/wp-json\/wp\/v2\/comments?post=15130"}],"version-history":[{"count":0,"href":"https:\/\/fengshuilogico.com\/blog\/wp-json\/wp\/v2\/posts\/15130\/revisions"}],"wp:featuredmedia":[{"embeddable":true,"href":"https:\/\/fengshuilogico.com\/blog\/wp-json\/wp\/v2\/media\/14509"}],"wp:attachment":[{"href":"https:\/\/fengshuilogico.com\/blog\/wp-json\/wp\/v2\/media?parent=15130"}],"wp:term":[{"taxonomy":"category","embeddable":true,"href":"https:\/\/fengshuilogico.com\/blog\/wp-json\/wp\/v2\/categories?post=15130"},{"taxonomy":"post_tag","embeddable":true,"href":"https:\/\/fengshuilogico.com\/blog\/wp-json\/wp\/v2\/tags?post=15130"}],"curies":[{"name":"wp","href":"https:\/\/api.w.org\/{rel}","templated":true}]}}