{"id":150,"date":"2008-11-14T18:39:04","date_gmt":"2008-11-14T20:39:04","guid":{"rendered":"https:\/\/fengshuilogico.com\/blog\/2008\/11\/14\/psicologia-ambiental-qual-a-relacao-que-estabelecemos-como-nossas-casas\/"},"modified":"2022-03-19T11:17:22","modified_gmt":"2022-03-19T14:17:22","slug":"como-a-decoracao-de-sua-residencia-influencia-o-comportamento","status":"publish","type":"post","link":"https:\/\/fengshuilogico.com\/blog\/2008\/11\/14\/como-a-decoracao-de-sua-residencia-influencia-o-comportamento\/","title":{"rendered":"Como a decora\u00e7\u00e3o de sua resid\u00eancia influencia o comportamento?"},"content":{"rendered":"<p>Como a decora\u00e7\u00e3o de sua resid\u00eancia influencia o comportamento?<br \/>\nNossas casas refletem nossa maneira de ser, nosso estilo de vida.<\/p>\n<p><em>Passamos a maior parte do tempo em casa ou no trabalho. N\u00e3o \u00e9 surpreendente que esses dois ambientes sejam extremamente reveladores<\/em>.<br \/>\n(Extra\u00eddo do livro Decifrar Pessoas-como entender e prever o comportamento humano, J\u00f4-Ellan Dimitrius e Mark Mazzarella &#8211; Ed. Alegro).<\/p>\n<p><img fetchpriority=\"high\" decoding=\"async\" class=\"aligncenter\" src=\"https:\/\/fengshuilogico.com\/blog\/wp-content\/uploads\/2020\/09\/ba-guas-feng-shui-logico.jpg\" alt=\"O atributo alt desta imagem est\u00e1 vazio. O nome do arquivo \u00e9 ba-guas-feng-shui-logico.jpg\" width=\"346\" height=\"260\" \/><\/p>\n<blockquote><p><em>Para mais explica\u00e7\u00f5es, leia o livro Feng Shui L\u00f3gico, Stela Vecchi, \u00cdcone Editora, SP, 2004. O livro est\u00e1 na 3.\u00aa edi\u00e7\u00e3o.<\/em><br \/>\n<em>Adquira o livro aqui:<\/em><br \/>\n<em><a href=\"https:\/\/fengshuilogico.com\/blog\/2014\/06\/03\/livro-feng-shui-logico-stela-vecchi\/\">https:\/\/fengshuilogico.com\/blog\/2014\/06\/03\/livro-feng-shui-logico-stela-vecchi\/<\/a><\/em><\/p><\/blockquote>\n<div class=\"jeg_video_container jeg_video_content\"><iframe title=\"Feng Shui L\u00f3gico aumenta sua percep\u00e7\u00e3o\" width=\"500\" height=\"281\" src=\"https:\/\/www.youtube.com\/embed\/gNa2p5SCd0I?feature=oembed\" frameborder=\"0\" allow=\"accelerometer; autoplay; clipboard-write; encrypted-media; gyroscope; picture-in-picture; web-share\" allowfullscreen><\/iframe><\/div>\n<p>\u00c9 isso que temos como objetivo: <span style=\"font-size: inherit;\">deixar claro o que \u00e9 muito importante na composi\u00e7\u00e3o de nossos ambientes para que a sa\u00fade ambiental se reflita em n\u00f3s e nos auxilie a conquistar estados de esp\u00edrito cada vez mais positivos.<\/span><span style=\"font-size: inherit;\">Claro que o Feng Shui \u00e9 apenas um instrumento, n\u00e3o um fim. Por\u00e9m bem utilizado pode prestar ajuda inestim\u00e1vel em nosso processo para a conquista da felicidade.<\/span><\/p>\n<div class=\"jeg_video_container jeg_video_content\"><iframe title=\"Conhe\u00e7a o significado oculto das mandalas\" width=\"500\" height=\"281\" src=\"https:\/\/www.youtube.com\/embed\/lJT0Q5nnTLc?feature=oembed\" frameborder=\"0\" allow=\"accelerometer; autoplay; clipboard-write; encrypted-media; gyroscope; picture-in-picture; web-share\" allowfullscreen><\/iframe><\/div>\n<p>Atrav\u00e9s dos tempos, as casas s\u00e3o um sinal do conhecimento de uma \u00e9poca e das caracter\u00edsticas de uma determinada civiliza\u00e7\u00e3o.<br \/>\nPretendemos evidenciar as rela\u00e7\u00f5es entre o ser humano e seu habitat, a forma como eles podem nos afetar e como usar esse conhecimento para tornar nossa vida mais agrad\u00e1vel.<br \/>\nSem nos determos muito, vamos analisar a evolu\u00e7\u00e3o do pensamento arquitet\u00f4nico moderno e os conhecimentos de Psicologia que mostram como podemos ser afetados pelo meio-ambiente.<br \/>\nA Teoria da Relatividade de Einstein e suas defini\u00e7\u00f5es de tempo e espa\u00e7o tamb\u00e9m nos ajudaram a perceber a interliga\u00e7\u00e3o que existe entre o ser humano e tudo que o cerca.<br \/>\nSegundo Einstein,<br \/>\n\u201cEspa\u00e7o \u00e9 a dist\u00e2ncia entre as coisas\u201d. Essa perspectiva \u00e9 muito importante para analisarmos os efeitos da coloca\u00e7\u00e3o dos m\u00f3veis e objetos nos interiores respeitando a necessidade de v\u00e3os livres para a circula\u00e7\u00e3o ben\u00e9fica fluir sem obst\u00e1culos, favorecendo nosso bem-estar.<br \/>\nExcesso de coisas, ou mesmo locais entulhados s\u00e3o pontos defeituosos de energia ambiental, emanando de forma nociva e prejudicando de uma forma geral a edifica\u00e7\u00e3o. Por qu\u00ea?<br \/>\nSe ao caminharmos por nossa casa ou trabalho \u201ctrombamos \u201ccom as coisas tendo que nos desviar de nosso trajeto para n\u00e3o esbarrarmos nelas, recebemos uma sensa\u00e7\u00e3o de dificuldade, obst\u00e1culo.Podemos at\u00e9 nos sentir irritados com o fato , mesmo que n\u00e3o percebamos.<br \/>\nEssas pequenas coisas somadas representam para n\u00f3s um grande desgaste desnecess\u00e1rio, podendo esta energia estar sendo aplicada de forma mais inteligente.<\/p>\n<p><strong>E o que \u00e9 Espa\u00e7o em Psicologia?<\/strong><br \/>\n\u201cEm Psicologia, a percep\u00e7\u00e3o do espa\u00e7o \u00e9 produzida por dados visuais, auditivos e determinados pelo arquivo pessoal emocional\/ cultural do indiv\u00edduo.<br \/>\nA percep\u00e7\u00e3o do espa\u00e7o \u00e9 poss\u00edvel porque os dois olhos captam, cada um, uma imagem \u00f3ptica diferente; a an\u00e1lise de ambas pelo sistema nervoso central d\u00e1 origem a uma imagem \u00fanica, com profundidade.<br \/>\nO espa\u00e7o perceptivo visual pode ser dividido em:<br \/>\n1. O plano m\u00e9dio aparente que a pessoa v\u00ea diante de si;<br \/>\n2. O horizonte aparente ( linha na qual c\u00e9u e terra parecem encontrar-se);<br \/>\n3. Plano frontal aparente( formado pelos pontos percebidos pelo indiv\u00edduo como igualmente distantes dele ou seu ponto de refer\u00eancia no espa\u00e7o).<br \/>\nNumerosas experi\u00eancias de psicologia experimental permitiram determinar e especificar esses tr\u00eas planos. \u2013 (Larousse Cultural \u2013 Ed. Nova Cultural).<br \/>\n\u201cNa elabora\u00e7\u00e3o das sensa\u00e7\u00f5es e dos est\u00edmulos recebidos pelo ambiente e como alterar nosso comportamento atrav\u00e9s dele temos a Teoria do Refor\u00e7o de Skinner, entre outras evid\u00eancias de outros estudos.\u201d<br \/>\n\u201cA teoria de Piaget (campo sensoriot\u00f4nico) nos proporciona uma an\u00e1lise profunda sobre a aquisi\u00e7\u00e3o da percep\u00e7\u00e3o do espa\u00e7o pela crian\u00e7a, e dos modos de integra\u00e7\u00e3o das fontes sensoriais que a tornam efetiva.\u201d (Conforme citado na Encicl. Larousse Cultural \u2013 Ed. Nova Cultural).<br \/>\nO equil\u00edbrio ambiental proporcionado pelas t\u00e9cnicas utilizadas pelo Feng Shui pode ser um excelente instrumento para ajudar a pessoa a fazer o diagn\u00f3stico de suas contradi\u00e7\u00f5es e do modo como ela trata essas contradi\u00e7\u00f5es, para assim assumir a responsabilidade por si mesma.<\/p>\n<p><strong><em>O que \u00e9 aprendizagem?<\/em><\/strong>\u201cPodemos definir como modifica\u00e7\u00e3o de comportamento conseq\u00fcente de uma experi\u00eancia. Com a motiva\u00e7\u00e3o , que a precede e a condiciona, estabelece o bin\u00f4mio do ajustamento individual ao meio-ambiente, o que a promove a aspecto fundamental do processo educativo.<br \/>\nEntendido o indiv\u00edduo humano como unit\u00e1rio, isto \u00e9, indissoci\u00e1vel dos componentes som\u00e1ticos e ps\u00edquicos, resulta que os fatores emocionais interv\u00eam na aprendizagem tanto quanto os fatores f\u00edsicos, intelectivos e outros.<br \/>\nDentro desse prisma, encontramos uma teoria fundamental da aprendizagem aplicada \u00e0 modifica\u00e7\u00e3o do meio ambiente: a da configura\u00e7\u00e3o ou Gestalt. Esta teoria salienta a import\u00e2ncia da conex\u00e3o meio-fim na apreens\u00e3o total da situa\u00e7\u00e3o problem\u00e1tica, assim abrangida como uma forma ou estrutura unit\u00e1ria: os alem\u00e3es Wertheimer, K\u00f6hler e Kofka foram seus criadores.<br \/>\nK\u00f6hler fez descobertas sobre processos el\u00e9tricos no c\u00e9rebro, associados com a percep\u00e7\u00e3o visual.<br \/>\nA psicologia da Gestalt permite demonstrar a import\u00e2ncia de tratar o todo em lugar das partes e provar que nenhuma an\u00e1lise das percep\u00e7\u00f5es separadas pode explicar a experi\u00eancia total.\u201d. (Enciclop\u00e9dia Barsa \u2013 Encyclopaedia Britannica Editores Ltda).<br \/>\nTem por objetivo mobilizar os recursos do indiv\u00edduo para lhe permitir tornar-se uma pessoa integral, n\u00e3o dividida.<\/p>\n<p>Relacionando com a perspectiva do Feng Shui L\u00f3gico, para a Escola Gestaltista \u00e9 indispens\u00e1vel ter em vista a totalidade do fen\u00f4meno.<br \/>\nAssim,<br \/>\nA humanidade em seu caminho evolutivo atinge estados de consci\u00eancia que exigem transforma\u00e7\u00f5es comportamentais.<br \/>\nViver de acordo com as atuais descobertas cient\u00edficas, sabendo que somos respons\u00e1veis por nossa felicidade e que nossos pensamentos est\u00e3o criando nossa realidade direciona nosso pensamento para a responsabilidade individual.<\/p>\n<p>No entanto, n\u00e3o \u00e9 t\u00e3o simples colocar tudo isso em pr\u00e1tica. Na verdade, ir\u00e1 exigir uma consci\u00eancia alerta, atenta a tudo que pode dificultar ou facilitar esse processo e uma inten\u00e7\u00e3o reta, cujo principal anseio \u00e9 viver plenamente, criando para n\u00f3s e nossos semelhantes condi\u00e7\u00f5es f\u00edsicas e ps\u00edquicas favor\u00e1veis, criadoras e mantenedoras de uma vida cada vez mais plena.<\/p>\n<div class=\"jeg_video_container jeg_video_content\"><iframe title=\"Como aplicar o feng shui? Aprenda a aplicar o ba-gu\u00e1\" width=\"500\" height=\"281\" src=\"https:\/\/www.youtube.com\/embed\/I6LotZq_p9U?start=28&#038;feature=oembed\" frameborder=\"0\" allow=\"accelerometer; autoplay; clipboard-write; encrypted-media; gyroscope; picture-in-picture; web-share\" allowfullscreen><\/iframe><\/div>\n<blockquote><p>Stela Vecchi<\/p><\/blockquote>\n<p>INSCREVA-SE em nosso canal no YOUTUBE e receba v\u00eddeos atualizados com dicas e orienta\u00e7\u00f5es:<\/p>\n<p><strong> <a href=\"https:\/\/www.youtube.com\/watch?v=vpM0ZbpTA7s\" target=\"a_blank\" rel=\"noopener\"> Inscreva-se Canal Youtube\/Feng Shui L\u00f3gico<\/a><\/strong><\/p>\n<blockquote><p>As melhores energias v\u00eam do amor pela Vida, pelo nosso planeta, pelo nosso solo, pela nossa gente e por n\u00f3s mesmos. Tudo o mais \u00e9 consequ\u00eancia disso.<\/p><\/blockquote>\n<p><strong> <a href=\"http:\/\/loja.fengshuilogico.com\/index.php\/livro-feng-shui-logico-comprar\/livro-feng-shui-logico.html\" target=\"a_blank\" rel=\"noopener\"> Livro Feng Shui L\u00f3gico, Stela Vecchi, \u00cdcone Editora, 2004 &#8211; Compre aqui:<\/a><\/strong><\/p>\n<p><a href=\"https:\/\/fengshuilogico.com\/blog\/wp-content\/uploads\/2009\/05\/feng-shui-logico-stela-vecchi-icone-editora.png\"><img decoding=\"async\" class=\"aligncenter size-medium wp-image-7586\" src=\"https:\/\/fengshuilogico.com\/blog\/wp-content\/uploads\/2009\/05\/feng-shui-logico-stela-vecchi-icone-editora-205x300.png\" alt=\"feng-shui-logico-stela-vecchi-icone-editora\" width=\"205\" height=\"300\" srcset=\"https:\/\/fengshuilogico.com\/blog\/wp-content\/uploads\/2009\/05\/feng-shui-logico-stela-vecchi-icone-editora-205x300.png 205w, https:\/\/fengshuilogico.com\/blog\/wp-content\/uploads\/2009\/05\/feng-shui-logico-stela-vecchi-icone-editora.png 343w\" sizes=\"(max-width: 205px) 100vw, 205px\" \/><\/a><\/p>\n<p><strong> <a href=\"https:\/\/fengshuilogico.com\/blog\/2012\/10\/02\/como-nasceu-o-feng-shui-logico-e-a-adaptacao-do-ba-gua-para-o-hemisferio-sul\/\" target=\"a_blank\" rel=\"noopener\"> A hist\u00f3ria do Feng Shui L\u00f3gico: como nasceu a adapta\u00e7\u00e3o do Ba-gu\u00e1 para o Hemisf\u00e9rio Sul?<\/a><\/strong><\/p>\n<blockquote><p>Loja Feng Shui L\u00f3gico &#8211; M\u00e9todo Solar das Quatro Esta\u00e7\u00f5es MSQE:<br \/>\nBolas de cristal facetado com o cord\u00e3o vermelho; ba-gu\u00e1s (exclusivo) para o Hemisf\u00e9rio Sul; livros e apostilas de Feng Shui L\u00f3gico e mais:<\/p><\/blockquote>\n<p><strong> <a href=\"http:\/\/loja.fengshuilogico.com\/\" target=\"_blank\" rel=\"noopener\"> Loja Feng Shui L\u00f3gico <\/a><\/strong><br \/>\n<strong>Confira o Programa do Curso B\u00e1sico em nosso Website:<\/strong><br \/>\n<strong><a href=\"https:\/\/loja.fengshuilogico.com\/curso-basico-feng-shui-logico-online-completo-com-video-chamada-p154\" target=\"_blank\" rel=\"noopener\">Programa Curso B\u00e1sico de Feng Shui L\u00f3gico<\/a><\/strong><br \/>\nParticipe dos cursos ministrados por Stela Vecchi:<br \/>\n<strong>Feng Shui L\u00f3gico: Curso B\u00e1sico, Avan\u00e7ado e Profissionalizante<\/strong><br \/>\nNos cursos de Feng Shui L\u00f3gico voc\u00ea recebe informa\u00e7\u00f5es que ser\u00e3o \u00fateis para toda sua vida!<\/p>\n<p><strong>Visite tamb\u00e9m o site: <a href=\"http:\/\/www.fengshuilogico.com\" target=\"_blank\" rel=\"noopener\">www.fengshuilogico.com<\/a><\/strong><\/p>\n","protected":false},"excerpt":{"rendered":"<p>Como a decora\u00e7\u00e3o de sua resid\u00eancia influencia o comportamento? Nossas casas refletem nossa maneira de ser, nosso estilo de vida. Passamos a maior parte do tempo em casa ou no trabalho. N\u00e3o \u00e9 surpreendente que esses dois ambientes sejam extremamente reveladores. (Extra\u00eddo do livro Decifrar Pessoas-como entender e prever o comportamento humano, J\u00f4-Ellan Dimitrius e [&hellip;]<\/p>\n","protected":false},"author":6,"featured_media":21597,"comment_status":"open","ping_status":"open","sticky":false,"template":"","format":"standard","meta":{"footnotes":""},"categories":[2510,2444],"tags":[1547,1546,1242],"_links":{"self":[{"href":"https:\/\/fengshuilogico.com\/blog\/wp-json\/wp\/v2\/posts\/150"}],"collection":[{"href":"https:\/\/fengshuilogico.com\/blog\/wp-json\/wp\/v2\/posts"}],"about":[{"href":"https:\/\/fengshuilogico.com\/blog\/wp-json\/wp\/v2\/types\/post"}],"author":[{"embeddable":true,"href":"https:\/\/fengshuilogico.com\/blog\/wp-json\/wp\/v2\/users\/6"}],"replies":[{"embeddable":true,"href":"https:\/\/fengshuilogico.com\/blog\/wp-json\/wp\/v2\/comments?post=150"}],"version-history":[{"count":0,"href":"https:\/\/fengshuilogico.com\/blog\/wp-json\/wp\/v2\/posts\/150\/revisions"}],"wp:featuredmedia":[{"embeddable":true,"href":"https:\/\/fengshuilogico.com\/blog\/wp-json\/wp\/v2\/media\/21597"}],"wp:attachment":[{"href":"https:\/\/fengshuilogico.com\/blog\/wp-json\/wp\/v2\/media?parent=150"}],"wp:term":[{"taxonomy":"category","embeddable":true,"href":"https:\/\/fengshuilogico.com\/blog\/wp-json\/wp\/v2\/categories?post=150"},{"taxonomy":"post_tag","embeddable":true,"href":"https:\/\/fengshuilogico.com\/blog\/wp-json\/wp\/v2\/tags?post=150"}],"curies":[{"name":"wp","href":"https:\/\/api.w.org\/{rel}","templated":true}]}}