{"id":14917,"date":"2018-08-31T12:37:13","date_gmt":"2018-08-31T15:37:13","guid":{"rendered":"https:\/\/fengshuilogico.com\/blog\/?p=14917"},"modified":"2024-07-28T01:05:20","modified_gmt":"2024-07-28T04:05:20","slug":"feng-shui-logico-e-reconhecido-por-especialistas-em-feng-shui","status":"publish","type":"post","link":"https:\/\/fengshuilogico.com\/blog\/2018\/08\/31\/feng-shui-logico-e-reconhecido-por-especialistas-em-feng-shui\/","title":{"rendered":"Feng Shui L\u00f3gico \u00e9 reconhecido por especialistas em Feng Shui?"},"content":{"rendered":"<blockquote>\r\n<p><strong>Sobre o reconhecimento do Feng Shui L\u00f3gico por especialistas em Feng Shui:<\/strong><\/p>\r\n<p><strong><em>Pergunta:<\/em><\/strong><\/p>\r\n<p><strong>Stela, fui procurada por uma ex-professora de Feng Shui que questiona o<\/strong><\/p>\r\n<p><strong>m\u00e9todo Feng Shui L\u00f3gico e a adapta\u00e7\u00e3o do ba-gu\u00e1 para o Hemisf\u00e9rio Sul.<\/strong><\/p>\r\n<p><strong>Como utilizo o Feng Shui L\u00f3gico e comprovo seus benef\u00edcios, n\u00e3o concordei com ela.<\/strong><\/p>\r\n<p><strong>Por\u00e9m, gostaria que voc\u00ea me esclarecesse sobre esse assunto.<\/strong><\/p>\r\n<\/blockquote>\r\n<p>Ol\u00e1 Iracema,<br \/>Agrade\u00e7o seu coment\u00e1rio.<br \/>E espero ajud\u00e1-la a formar sua posi\u00e7\u00e3o sobre esse assunto t\u00e3o importante para ativar nossa b\u00fassola interior, aumentando nosso discernimento, sa\u00fade e bem estar.<br \/>Nossa casa ocupa um espa\u00e7o no Planeta e o Feng Shui L\u00f3gico se dedica a criar a harmonia sintonizando-nos com as For\u00e7as da Natureza que regem nossas vidas.<\/p>\r\n<p>De fato, existe uma pol\u00eamica em rela\u00e7\u00e3o a esse assunto.<br \/>O Bagu\u00e1 da Sequ\u00eancia do C\u00e9u Posterior \u00e9 um mapa das energias dispon\u00edveis, harmonizando a pessoa com a Terra e com o C\u00e9u.<br \/>Portanto nos harmoniza com as for\u00e7as naturais que regem nosso Planeta e nos ligam ao C\u00e9u que nos envolve.<br \/>O Sol \u00e9 o grande maestro da orquestra da Vida.<\/p>\r\n<p><div class=\"jeg_video_container jeg_video_content\"><iframe title=\"Conhe\u00e7a as raz\u00f5es para a adapta\u00e7\u00e3o do Bagu\u00e1 para o Hemisf\u00e9rio Sul\" width=\"500\" height=\"281\" src=\"https:\/\/www.youtube.com\/embed\/fFNrbcyeir8?feature=oembed\" frameborder=\"0\" allow=\"accelerometer; autoplay; clipboard-write; encrypted-media; gyroscope; picture-in-picture; web-share\" referrerpolicy=\"strict-origin-when-cross-origin\" allowfullscreen><\/iframe><\/div><\/p>\r\n<p>O ambiente que recebe o Sol por volta das 9h30 da manh\u00e3 recebe as ben\u00e9ficas energias que ativam a Prosperidade, associado ao trigrama Vento, o suave penetrar que produz prosperidade em todas as \u00e1reas de nossas vidas.<br \/>Dire\u00e7\u00e3o NE no Hemisf\u00e9rio Sul.<br \/>Dire\u00e7\u00e3o SE no Hemisf\u00e9rio Norte.<\/p>\r\n<p>J\u00e1 o ambiente que recebe o Sol por volta das 15h30 traz o calor que amadurece os frutos, estando associado aos Relacionamentos e ao Trigrama Terra.<br \/>Dire\u00e7\u00e3o NO no Hemisf\u00e9rio Sul.<br \/>Dire\u00e7\u00e3o SO no Hemisf\u00e9rio Norte.<\/p>\r\n<p>No Bagu\u00e1 da Sequ\u00eancia do C\u00e9u Posterior, utilizado desde 1023 a.C. para as an\u00e1lises das \u00e1reas do Feng Shui, os trigramas est\u00e3o associados \u00e0s esta\u00e7\u00f5es do ano, que s\u00e3o inversas nos Hemisf\u00e9rios Norte e Sul.<br \/>Por\u00e9m, existem outras an\u00e1lises que atestam essa adapta\u00e7\u00e3o segundo a Escola dos 5 Animais e a Teoria dos 5 Elementos.<br \/>Em nossa vis\u00e3o, explicada no livro <em>Feng Shui L\u00f3gico, Stela Vecchi, \u00cdcone Editora, SP, 2004,<\/em> a adapta\u00e7\u00e3o para o Hemisf\u00e9rio Sul do Ba-gu\u00e1 \u00e9 um ajuste t\u00e9cnico, devido \u00e0s diferen\u00e7as geogr\u00e1ficas e clim\u00e1ticas que existem nos dois hemisf\u00e9rios devido ao eixo de inclina\u00e7\u00e3o da Terra que geram as 4 esta\u00e7\u00f5es inversas nos dois hemisf\u00e9rios.<\/p>\r\n<p>Aconselhamos a leitura do livro <em>Feng Shui L\u00f3gico, Stela Vecchi, Editora \u00cdcone, 2\u00aa Edi\u00e7\u00e3o, SP,<\/em> para uma melhor compreens\u00e3o desse assunto profundo.<\/p>\r\n<p>Destacamos o coment\u00e1rio do\u00a0<em>Prof. Jun Okamoto<\/em>,<\/p>\r\n<p>Mestre em Arquitetura e Urbanismo pela Universidade Presbiteriana Mackenzie. Mestre em Feng Shui.<\/p>\r\n<blockquote>\r\n<p>\u201cStela, sua obra \u00e9 um belo trabalho de pesquisa com contribui\u00e7\u00e3o merit\u00f3ria na aplica\u00e7\u00e3o e ajuste do ba-gu\u00e1 para o hemisf\u00e9rio sul.<br \/>Quanto ao seu texto, ele est\u00e1 bem claro e merece todo o apoio dos ve\u00edculos de divulga\u00e7\u00e3o.<br \/>Nos meus pr\u00f3ximos cursos vou apresentar aos alunos o seu livro, com adequa\u00e7\u00e3o solar e trigramas adaptados ao nosso hemisf\u00e9rio\u201d.<br \/><em>Prof. Jun Okamoto, Autor do livro Percep\u00e7\u00e3o Ambiental e Comportamento, Editora Mackenzie, S\u00e3o Paulo,2002<\/em><\/p>\r\n<\/blockquote>\r\n<p><strong>Nestes links, mais sobre a adapta\u00e7\u00e3o vista por outros especialistas:<\/strong><\/p>\r\n<p>Henrique Vieira Filho \u2013 Terapeuta Hol\u00edstico \u2013 CRT 21001, autor de diversos livros da profiss\u00e3o, ministra aulas na CEATH \u2013 Comunidade de Estudos Avan\u00e7ados em Terapia Hol\u00edstica, publicou esse texto onde analisa os trigramas adaptados para o Hemisf\u00e9rio Sul:<\/p>\r\n<p>&nbsp;<\/p>\r\n<p>&nbsp;<\/p>\r\n<p><blockquote class=\"wp-embedded-content\" data-secret=\"ik07hhWIdg\"><a href=\"https:\/\/fengshuilogico.com\/blog\/2013\/11\/28\/feng-shui-para-o-hemisferio-sul-segundo-henrique-vieira-filho\/\">Feng Shui para o Hemisf\u00e9rio Sul segundo Henrique Vieira Filho<\/a><\/blockquote><iframe class=\"wp-embedded-content\" sandbox=\"allow-scripts\" security=\"restricted\" style=\"position: absolute; clip: rect(1px, 1px, 1px, 1px);\" title=\"&#8220;Feng Shui para o Hemisf\u00e9rio Sul segundo Henrique Vieira Filho&#8221; &#8212; Feng Shui L\u00f3gico - M\u00e9todo Solar Stela Vecchi\" src=\"https:\/\/fengshuilogico.com\/blog\/2013\/11\/28\/feng-shui-para-o-hemisferio-sul-segundo-henrique-vieira-filho\/embed\/#?secret=7V4CJ8ENOC#?secret=ik07hhWIdg\" data-secret=\"ik07hhWIdg\" width=\"500\" height=\"282\" frameborder=\"0\" marginwidth=\"0\" marginheight=\"0\" scrolling=\"no\"><\/iframe><\/p>\r\n<p><strong>Revista Encontro &#8211; Bras\u00edlia:<\/strong><\/p>\r\n<p><blockquote class=\"wp-embedded-content\" data-secret=\"w1iqENBfQe\"><a href=\"https:\/\/fengshuilogico.com\/blog\/2014\/11\/19\/feng-shui-para-o-hemisferio-sul-feng-shui-logico\/\">Feng Shui: \u00c9 um ajuste t\u00e9cnico a adapta\u00e7\u00e3o do Ba-gu\u00e1 para o Hemisf\u00e9rio Sul &#8211; Feng Shui L\u00f3gico<\/a><\/blockquote><iframe class=\"wp-embedded-content\" sandbox=\"allow-scripts\" security=\"restricted\" style=\"position: absolute; clip: rect(1px, 1px, 1px, 1px);\" title=\"&#8220;Feng Shui: \u00c9 um ajuste t\u00e9cnico a adapta\u00e7\u00e3o do Ba-gu\u00e1 para o Hemisf\u00e9rio Sul &#8211; Feng Shui L\u00f3gico&#8221; &#8212; Feng Shui L\u00f3gico - M\u00e9todo Solar Stela Vecchi\" src=\"https:\/\/fengshuilogico.com\/blog\/2014\/11\/19\/feng-shui-para-o-hemisferio-sul-feng-shui-logico\/embed\/#?secret=xnOKujEmcU#?secret=w1iqENBfQe\" data-secret=\"w1iqENBfQe\" width=\"500\" height=\"282\" frameborder=\"0\" marginwidth=\"0\" marginheight=\"0\" scrolling=\"no\"><\/iframe><\/p>\r\n<blockquote>\r\n<p>&#8220;Stela,<\/p>\r\n<p>Quando a gente encontra uma pessoa com o vosso conhecimento e querendo ajudar ao pr\u00f3ximo neste Plano Terrestre passa -se a viver num Para\u00edso ! Parab\u00e9ns! Concordo plenamente com vosso ensinamento de\u00a0 \u00a0 Feng Shui para o Hemisf\u00e9rio Sul.\u00a0 <a href=\"http:\/\/fagundesfengshui.blogspot.com.br\/\">Bruno Fagundes Feng Shui<\/a><\/p>\r\n<p>Que o Grande Arquiteto do Universo sempre vos proteja! Bruno<\/p>\r\n<p><a href=\"http:\/\/fagundesfengshui.blogspot.com.br\/\">Bruno Fagundes Feng Shui<\/a><\/p>\r\n<p>DR. BRUNO CAMPOS FAGUNDES-CD<br \/>Assoc. Bras. de Radiestesia e Radi\u00f4nica CN n\u00ba937<\/p>\r\n<\/blockquote>\r\n<p>&nbsp;<\/p>\r\n<p><strong>E nestes links, saiba mais sobre a adapta\u00e7\u00e3o:<br \/><br \/><\/strong><\/p>\r\n<p><blockquote class=\"wp-embedded-content\" data-secret=\"QAOUqIFlmA\"><a href=\"https:\/\/fengshuilogico.com\/blog\/2008\/05\/07\/conheca-as-razoes-para-adaptar-o-ba-gua-para-o-hemisferio-sul\/\">FENG SHUI: Bagu\u00e1 para o Hemisf\u00e9rio SUL conhe\u00e7a as raz\u00f5es para a adapta\u00e7\u00e3o<\/a><\/blockquote><iframe class=\"wp-embedded-content\" sandbox=\"allow-scripts\" security=\"restricted\" style=\"position: absolute; clip: rect(1px, 1px, 1px, 1px);\" title=\"&#8220;FENG SHUI: Bagu\u00e1 para o Hemisf\u00e9rio SUL conhe\u00e7a as raz\u00f5es para a adapta\u00e7\u00e3o&#8221; &#8212; Feng Shui L\u00f3gico - M\u00e9todo Solar Stela Vecchi\" src=\"https:\/\/fengshuilogico.com\/blog\/2008\/05\/07\/conheca-as-razoes-para-adaptar-o-ba-gua-para-o-hemisferio-sul\/embed\/#?secret=b3duaBuqvs#?secret=QAOUqIFlmA\" data-secret=\"QAOUqIFlmA\" width=\"500\" height=\"282\" frameborder=\"0\" marginwidth=\"0\" marginheight=\"0\" scrolling=\"no\"><\/iframe><\/p>\r\n<p>&nbsp;<\/p>\r\n<p><blockquote class=\"wp-embedded-content\" data-secret=\"awvuUg1B5u\"><a href=\"https:\/\/fengshuilogico.com\/blog\/2015\/02\/16\/feng-shui-para-o-hemisferio-sul\/\">As esta\u00e7\u00f5es do ano e o Bagu\u00e1 para o Hemisf\u00e9rio Sul<\/a><\/blockquote><iframe class=\"wp-embedded-content\" sandbox=\"allow-scripts\" security=\"restricted\" style=\"position: absolute; clip: rect(1px, 1px, 1px, 1px);\" title=\"&#8220;As esta\u00e7\u00f5es do ano e o Bagu\u00e1 para o Hemisf\u00e9rio Sul&#8221; &#8212; Feng Shui L\u00f3gico - M\u00e9todo Solar Stela Vecchi\" src=\"https:\/\/fengshuilogico.com\/blog\/2015\/02\/16\/feng-shui-para-o-hemisferio-sul\/embed\/#?secret=Sr23Un7Fhb#?secret=awvuUg1B5u\" data-secret=\"awvuUg1B5u\" width=\"500\" height=\"282\" frameborder=\"0\" marginwidth=\"0\" marginheight=\"0\" scrolling=\"no\"><\/iframe><\/p>\r\n<p>&nbsp;<\/p>\r\n<p><em>Esperamos contribuir para trazer mais luz sobre essa importante quest\u00e3o.<\/em><\/p>\r\n<p>INSCREVA-SE em nosso canal no YOUTUBE e receba v\u00eddeos atualizados com dicas e orienta\u00e7\u00f5es:<\/p>\r\n<p><strong> <a href=\"https:\/\/www.youtube.com\/watch?v=vpM0ZbpTA7s\" target=\"a_blank\" rel=\"noopener noreferrer\"> Inscreva-se Canal Youtube\/Feng Shui L\u00f3gico<\/a><\/strong><\/p>\r\n<blockquote>\r\n<p>As melhores energias v\u00eam do amor pela Vida, pelo nosso planeta, pelo nosso solo, pela nossa gente e por n\u00f3s mesmos. Tudo o mais \u00e9 consequ\u00eancia disso.<\/p>\r\n<\/blockquote>\r\n<p><strong> <a href=\"https:\/\/loja.fengshuilogico.com\/livro-feng-shui-logico-stela-vecchi.html\" target=\"a_blank\" rel=\"noopener noreferrer\"> Livro Feng Shui L\u00f3gico, Stela Vecchi, \u00cdcone Editora, 2004 &#8211; Compre aqui:<\/a><\/strong><\/p>\r\n<p><a href=\"https:\/\/fengshuilogico.com\/blog\/wp-content\/uploads\/2009\/05\/feng-shui-logico-stela-vecchi-icone-editora.png\"><img fetchpriority=\"high\" decoding=\"async\" class=\"aligncenter size-medium wp-image-7586\" src=\"https:\/\/fengshuilogico.com\/blog\/wp-content\/uploads\/2009\/05\/feng-shui-logico-stela-vecchi-icone-editora-205x300.png\" alt=\"feng-shui-logico-stela-vecchi-icone-editora\" width=\"205\" height=\"300\" srcset=\"https:\/\/fengshuilogico.com\/blog\/wp-content\/uploads\/2009\/05\/feng-shui-logico-stela-vecchi-icone-editora-205x300.png 205w, https:\/\/fengshuilogico.com\/blog\/wp-content\/uploads\/2009\/05\/feng-shui-logico-stela-vecchi-icone-editora.png 343w\" sizes=\"(max-width: 205px) 100vw, 205px\" \/><\/a><\/p>\r\n<p><strong> <a href=\"https:\/\/fengshuilogico.com\/blog\/2012\/10\/02\/conheca-a-historia-do-feng-shui-logico\/\" target=\"_blank\" rel=\"noopener noreferrer\">A hist\u00f3ria do Feng Shui L\u00f3gico: como nasceu a adapta\u00e7\u00e3o do Ba-gu\u00e1 para o Hemisf\u00e9rio Sul?<\/a><\/strong><\/p>\r\n<p><strong> <a href=\"https:\/\/loja.fengshuilogico.com\/\" target=\"_blank\" rel=\"noopener noreferrer\"> Loja Feng Shui L\u00f3gico <\/a><\/strong><br \/><strong>Confira o Programa do Curso B\u00e1sico em nosso Website:<\/strong><br \/><strong><a href=\"https:\/\/loja.fengshuilogico.com\/curso-basico-feng-shui-logico-online-completo-com-video-chamada-p154\" target=\"_blank\" rel=\"noopener noreferrer\">Programa Curso B\u00e1sico de Feng Shui L\u00f3gico<\/a><\/strong><br \/>Participe dos cursos ministrados por Stela Vecchi:<br \/><strong>Feng Shui L\u00f3gico: Curso B\u00e1sico, Avan\u00e7ado e Profissionalizante<\/strong><br \/>Nos cursos de Feng Shui L\u00f3gico voc\u00ea recebe informa\u00e7\u00f5es que ser\u00e3o \u00fateis para toda sua vida!<\/p>\r\n<p><strong>Visite tamb\u00e9m o site: <a href=\"https:\/\/www.fengshuilogico.com\" target=\"_blank\" rel=\"noopener noreferrer\">www.fengshuilogico.com<\/a><\/strong><\/p>\r\n","protected":false},"excerpt":{"rendered":"<p>Sobre o reconhecimento do Feng Shui L\u00f3gico por especialistas em Feng Shui: Pergunta: Stela, fui procurada por uma ex-professora de Feng Shui que questiona o m\u00e9todo Feng Shui L\u00f3gico e a adapta\u00e7\u00e3o do ba-gu\u00e1 para o Hemisf\u00e9rio Sul. Como utilizo o Feng Shui L\u00f3gico e comprovo seus benef\u00edcios, n\u00e3o concordei com ela. Por\u00e9m, gostaria que [&hellip;]<\/p>\n","protected":false},"author":6,"featured_media":14694,"comment_status":"open","ping_status":"open","sticky":false,"template":"","format":"standard","meta":{"footnotes":""},"categories":[762,2447,3],"tags":[1813,1210,702,1650],"_links":{"self":[{"href":"https:\/\/fengshuilogico.com\/blog\/wp-json\/wp\/v2\/posts\/14917"}],"collection":[{"href":"https:\/\/fengshuilogico.com\/blog\/wp-json\/wp\/v2\/posts"}],"about":[{"href":"https:\/\/fengshuilogico.com\/blog\/wp-json\/wp\/v2\/types\/post"}],"author":[{"embeddable":true,"href":"https:\/\/fengshuilogico.com\/blog\/wp-json\/wp\/v2\/users\/6"}],"replies":[{"embeddable":true,"href":"https:\/\/fengshuilogico.com\/blog\/wp-json\/wp\/v2\/comments?post=14917"}],"version-history":[{"count":3,"href":"https:\/\/fengshuilogico.com\/blog\/wp-json\/wp\/v2\/posts\/14917\/revisions"}],"predecessor-version":[{"id":27342,"href":"https:\/\/fengshuilogico.com\/blog\/wp-json\/wp\/v2\/posts\/14917\/revisions\/27342"}],"wp:featuredmedia":[{"embeddable":true,"href":"https:\/\/fengshuilogico.com\/blog\/wp-json\/wp\/v2\/media\/14694"}],"wp:attachment":[{"href":"https:\/\/fengshuilogico.com\/blog\/wp-json\/wp\/v2\/media?parent=14917"}],"wp:term":[{"taxonomy":"category","embeddable":true,"href":"https:\/\/fengshuilogico.com\/blog\/wp-json\/wp\/v2\/categories?post=14917"},{"taxonomy":"post_tag","embeddable":true,"href":"https:\/\/fengshuilogico.com\/blog\/wp-json\/wp\/v2\/tags?post=14917"}],"curies":[{"name":"wp","href":"https:\/\/api.w.org\/{rel}","templated":true}]}}