{"id":14691,"date":"2018-07-15T18:03:03","date_gmt":"2018-07-15T21:03:03","guid":{"rendered":"https:\/\/fengshuilogico.com\/blog\/?p=14691"},"modified":"2018-12-21T11:43:03","modified_gmt":"2018-12-21T14:43:03","slug":"soma-da-data-de-nascimento-e-7","status":"publish","type":"post","link":"https:\/\/fengshuilogico.com\/blog\/2018\/07\/15\/soma-da-data-de-nascimento-e-7\/","title":{"rendered":"A soma da data de seu nascimento \u00e9 7?"},"content":{"rendered":"<p>Exemplo: Some todos os d\u00edgitos at\u00e9 reduzir a um s\u00f3 n\u00famero: 09\/09\/1969 = 7<\/p>\n<p>O n\u00famero 7 \u00e9 um buscador nato.<br \/>\nE o autoconhecimento a chave para voc\u00ea viver melhor:<\/p>\n<p>https:\/\/www.youtube.com\/watch?v=GHXZt91iXtY<\/p>\n<p>Neste v\u00eddeo, algumas explica\u00e7\u00f5es sobre os chakras: <!--more--><!--more--><\/p>\n<p>https:\/\/www.youtube.com\/watch?v=sV8YBX7rmlc <\/p>\n<p>Pelo Feng Shui L\u00f3gico, o lado Sudeste em sua resid\u00eancia recebe as energias que ajudam voc\u00ea a atrair mais esclarecimentos para essas quest\u00f5es, sempre em harmonia com o Deus de nosso cora\u00e7\u00e3o, o Criador. <\/p>\n<p>Veja como:<br \/>\nhttps:\/\/www.youtube.com\/watch?v=Z_rzueIjpHY<\/p>\n<p>Temos tamb\u00e9m neste canal uma Playlist sobre autoconhecimento. <\/p>\n<p>Bons estudos! Sauda\u00e7\u00f5es de Luz, Harmonia e Prosperidade,<\/p>\n<p>INSCREVA-SE em nosso canal no YOUTUBE e receba v\u00eddeos atualizados com dicas e orienta\u00e7\u00f5es:<\/p>\n<p><strong> <a href=\"https:\/\/www.youtube.com\/watch?v=vpM0ZbpTA7s\"target=\"a_blank\"> Inscreva-se Canal Youtube\/Feng Shui L\u00f3gico<\/a><\/strong><\/p>\n<blockquote><p>      As melhores energias v\u00eam do amor pela Vida, pelo nosso planeta, pelo nosso solo, pela nossa gente e por n\u00f3s mesmos. Tudo o mais \u00e9 consequ\u00eancia disso.<\/p><\/blockquote>\n<p><strong> <a href=\"https:\/\/loja.fengshuilogico.com\/livro-feng-shui-logico-stela-vecchi.html\"target=\"a_blank\"> Livro Feng Shui L\u00f3gico, Stela Vecchi, \u00cdcone Editora, 2004 &#8211; Compre aqui:<\/a><\/strong><\/p>\n<p><a href=\"https:\/\/fengshuilogico.com\/blog\/wp-content\/uploads\/2009\/05\/feng-shui-logico-stela-vecchi-icone-editora.png\"><img fetchpriority=\"high\" decoding=\"async\" src=\"https:\/\/fengshuilogico.com\/blog\/wp-content\/uploads\/2009\/05\/feng-shui-logico-stela-vecchi-icone-editora-205x300.png\" alt=\"feng-shui-logico-stela-vecchi-icone-editora\" width=\"205\" height=\"300\" class=\"aligncenter size-medium wp-image-7586\" srcset=\"https:\/\/fengshuilogico.com\/blog\/wp-content\/uploads\/2009\/05\/feng-shui-logico-stela-vecchi-icone-editora-205x300.png 205w, https:\/\/fengshuilogico.com\/blog\/wp-content\/uploads\/2009\/05\/feng-shui-logico-stela-vecchi-icone-editora.png 343w\" sizes=\"(max-width: 205px) 100vw, 205px\" \/><\/a><\/p>\n<p><strong> <a href=\"https:\/\/fengshuilogico.com\/blog\/2012\/10\/02\/como-nasceu-o-feng-shui-logico-e-a-adaptacao-do-ba-gua-para-o-hemisferio-sul\/\"target=\"a_blank\"> A hist\u00f3ria do Feng Shui L\u00f3gico: como nasceu a adapta\u00e7\u00e3o do Ba-gu\u00e1 para o Hemisf\u00e9rio Sul?<\/a><\/strong><\/p>\n<blockquote><p>Loja Feng Shui L\u00f3gico &#8211; M\u00e9todo Solar das Quatro Esta\u00e7\u00f5es MSQE:<br \/>\nBolas de cristal facetado com o cord\u00e3o vermelho; ba-gu\u00e1s (exclusivo) para o Hemisf\u00e9rio Sul; livros e apostilas de Feng Shui L\u00f3gico e mais:<\/p><\/blockquote>\n<p><strong> <a href=\"https:\/\/loja.fengshuilogico.com\/\"target=\"_blank\"> Loja Feng Shui L\u00f3gico <\/strong><\/a><br \/>\n<strong>Confira o Programa do Curso B\u00e1sico em nosso Website:<\/strong><br \/>\n<strong><a href=\"https:\/\/loja.fengshuilogico.com\/curso-basico-feng-shui-logico-online-completo-com-video-chamada-p154\"target=\"_blank\">Programa Curso B\u00e1sico de Feng Shui L\u00f3gico<\/a><\/strong><br \/>\nParticipe dos cursos ministrados por Stela Vecchi:<br \/>\n<strong>Feng Shui L\u00f3gico: Curso B\u00e1sico, Avan\u00e7ado e Profissionalizante<\/strong><br \/>\nNos cursos de Feng Shui L\u00f3gico voc\u00ea recebe informa\u00e7\u00f5es que ser\u00e3o \u00fateis para toda sua vida!<\/p>\n<p><strong>Visite tamb\u00e9m o site: <a href=\"https:\/\/www.fengshuilogico.com\" target=\"_blank\">www.fengshuilogico.com<\/a><\/strong><\/p>\n","protected":false},"excerpt":{"rendered":"<p>Exemplo: Some todos os d\u00edgitos at\u00e9 reduzir a um s\u00f3 n\u00famero: 09\/09\/1969 = 7 O n\u00famero 7 \u00e9 um buscador nato. E o autoconhecimento a chave para voc\u00ea viver melhor: https:\/\/www.youtube.com\/watch?v=GHXZt91iXtY Neste v\u00eddeo, algumas explica\u00e7\u00f5es sobre os chakras:<\/p>\n","protected":false},"author":6,"featured_media":15459,"comment_status":"open","ping_status":"open","sticky":false,"template":"","format":"standard","meta":{"footnotes":""},"categories":[27],"tags":[],"_links":{"self":[{"href":"https:\/\/fengshuilogico.com\/blog\/wp-json\/wp\/v2\/posts\/14691"}],"collection":[{"href":"https:\/\/fengshuilogico.com\/blog\/wp-json\/wp\/v2\/posts"}],"about":[{"href":"https:\/\/fengshuilogico.com\/blog\/wp-json\/wp\/v2\/types\/post"}],"author":[{"embeddable":true,"href":"https:\/\/fengshuilogico.com\/blog\/wp-json\/wp\/v2\/users\/6"}],"replies":[{"embeddable":true,"href":"https:\/\/fengshuilogico.com\/blog\/wp-json\/wp\/v2\/comments?post=14691"}],"version-history":[{"count":0,"href":"https:\/\/fengshuilogico.com\/blog\/wp-json\/wp\/v2\/posts\/14691\/revisions"}],"wp:featuredmedia":[{"embeddable":true,"href":"https:\/\/fengshuilogico.com\/blog\/wp-json\/wp\/v2\/media\/15459"}],"wp:attachment":[{"href":"https:\/\/fengshuilogico.com\/blog\/wp-json\/wp\/v2\/media?parent=14691"}],"wp:term":[{"taxonomy":"category","embeddable":true,"href":"https:\/\/fengshuilogico.com\/blog\/wp-json\/wp\/v2\/categories?post=14691"},{"taxonomy":"post_tag","embeddable":true,"href":"https:\/\/fengshuilogico.com\/blog\/wp-json\/wp\/v2\/tags?post=14691"}],"curies":[{"name":"wp","href":"https:\/\/api.w.org\/{rel}","templated":true}]}}